{"id":66839,"date":"2025-04-29T09:54:00","date_gmt":"2025-04-29T15:54:00","guid":{"rendered":"https:\/\/mediagroup.mx\/?p=66839"},"modified":"2025-04-30T09:56:50","modified_gmt":"2025-04-30T15:56:50","slug":"la-universidad-michoacana-de-hoy-no-es-la-misma-de-ayer-ha-crecido-y-se-ha-transformado","status":"publish","type":"post","link":"https:\/\/mediagroup.mx\/index.php\/2025\/04\/29\/la-universidad-michoacana-de-hoy-no-es-la-misma-de-ayer-ha-crecido-y-se-ha-transformado\/","title":{"rendered":"La Universidad Michoacana de hoy no es la misma de ayer, ha crecido y se ha transformado."},"content":{"rendered":"<p>Morelia, Michoac\u00e1n, a 29 de abril de 2025.-<br \/>\nLa Universidad Michoacana de hoy, no es la misma de ayer, ya que se ha transformado y ha crecido en el \u00e1mbito acad\u00e9mico, deportivo y cultural, expresaron asistentes al acto con motivo del CCXXVI aniversario de la Instauraci\u00f3n de los Estudios de Derecho en Michoac\u00e1n, que estuvo encabezado por el gobernador del Estado, Alfredo Ram\u00edrez Bedolla y por la rectora Yarab\u00ed \u00c1vila Gonz\u00e1lez.<\/p>\n<p>Con la presencia de representantes del Poder Legislativo y Judicial, funcionariado estatal y comunidad nicolaita, el mandatario se\u00f1al\u00f3 que la carrera de Derecho es trepidante y emocionante, \u201cporque podemos transformar la realidad social a trav\u00e9s del Derecho y de las leyes\u201d.<\/p>\n<p>Tras desear larga vida a la facultad y compartir algunas remembranzas de su paso por esta dependencia, indic\u00f3 que, hace menos de un a\u00f1o envi\u00f3 la iniciativa de reforma al Art\u00edculo 143 Constitucional referente a la Universidad Michoacana, en donde se contempla la democratizaci\u00f3n de la elecci\u00f3n de la rectora o el rector, la autonom\u00eda de la UMSNH, un sistema propio de pensiones y jubilaciones, as\u00ed como el presupuesto pleno, con lo cual la instituci\u00f3n recibir\u00e1 el 4.5 por ciento del presupuesto total del estado.<\/p>\n<p>Con lo anterior, apunt\u00f3, la Universidad va a dejar de sufrir por falta de recursos y cumplir\u00e1 su misi\u00f3n de crecer y ofertar a las y los j\u00f3venes michoacanos una mejor calidad educativa, y abrir nuevos campus como el de Uruapan, el de Zamora y el que proximamente se inaugurar\u00e1 en Huetamo, \u201cpero vamos por el de Zacapu tambi\u00e9n, as\u00ed es que va a haber campus de la Universidad Michoacana en Zacapu\u201d.<\/p>\n<p>Por su parte, la rectora Yarab\u00ed \u00c1vila Gonz\u00e1lez, indic\u00f3 que la Facultad de Derecho y Ciencias Sociales es una de las dependencias m\u00e1s antiguas de la UMSNH, al tiempo que se pronunci\u00f3 por enrumbar acciones para que se mantenga el pedestal de prestigio y reconocimiento social de la dependencia y por otro lado despuntar mejores horizontes a fin de que se constituya como la mejor Facultad de Derecho del pa\u00eds.<\/p>\n<p>\u201cSabemos que aqu\u00ed est\u00e1 depositado el futuro de nuestras instituciones, de la defensa de nuestra sociedad, y de la construcci\u00f3n de un entorno m\u00e1s justo. Es por ello que seguiremos haciendo m\u00e1s esfuerzos por transformar nuestra Universidad\u201d.<\/p>\n<p>\u00c1vila se\u00f1al\u00f3 que desde esta facultad que es la conocedora de las leyes, es necesario seguir trabajando para precisar que no hay ninguna afectaci\u00f3n en la Ley Org\u00e1nica y que, por el contrario, beneficia a la comunidad nicolaita.<\/p>\n<p>Ah\u00ed, reconoci\u00f3 el respaldo decidido del mandatario Alfredo Ram\u00edrez Bedolla, quien dijo, es el gobernador que m\u00e1s ha ayudado a la UMSNH, por lo que agradeci\u00f3 la transformaci\u00f3n y el apoyo que ha brindado a la M\u00e1xima Casa de Estudios.<\/p>\n<p>La rectora invit\u00f3 a las y los universitarios a trabajar en unidad por el crecimiento de la UMSNH y refiri\u00f3 que se continuar\u00e1 con el programa de Sustentabilidad Administrativa y Fortalecimiento Acad\u00e9mico en beneficio de las y los docentes.<\/p>\n<p>En su turno, el director de la Facultad de Derecho y Ciencias Sociales, Sergio Carmelo Dom\u00ednguez Mota, se\u00f1al\u00f3 que los desaf\u00edos que enfrenta el Derecho en el siglo XXI requieren nuevas herramientas y nuevas formas de pensar y de actuar. \u201cEs por ello que nos preparamos para consolidar una facultad moderna, incluyente, digitalizada y socialmente comprometida, avanzamos hacia una nueva oferta acad\u00e9mica con las especialidades pertinentes y a la vanguardia, que respondan a las demandas sociales y profesionales en el entorno contempor\u00e1neo\u201d.<\/p>\n<p>En representaci\u00f3n de la planta docente, la profesora Mar\u00eda Guadalupe Mart\u00ednez se\u00f1al\u00f3 que, precis\u00f3 que de los 54 estudiantes con que inici\u00f3 esta dependencia, hoy suman poco m\u00e1s de cinco mil 500. Finalmente, destac\u00f3 el arduo trabajo realizado en la facultad que busca obtener la acreditaci\u00f3n internacional de la Licenciatura en Derecho.<\/p>\n<p><img loading=\"lazy\" decoding=\"async\" class=\"alignnone size-medium wp-image-66840\" src=\"https:\/\/mediagroup.mx\/wp-content\/uploads\/2025\/04\/WhatsApp-Image-2025-04-29-at-8.27.50-PM-2-300x200.jpeg\" alt=\"\" width=\"300\" height=\"200\" srcset=\"https:\/\/mediagroup.mx\/wp-content\/uploads\/2025\/04\/WhatsApp-Image-2025-04-29-at-8.27.50-PM-2-300x200.jpeg 300w, https:\/\/mediagroup.mx\/wp-content\/uploads\/2025\/04\/WhatsApp-Image-2025-04-29-at-8.27.50-PM-2-1024x683.jpeg 1024w, https:\/\/mediagroup.mx\/wp-content\/uploads\/2025\/04\/WhatsApp-Image-2025-04-29-at-8.27.50-PM-2-768x512.jpeg 768w, https:\/\/mediagroup.mx\/wp-content\/uploads\/2025\/04\/WhatsApp-Image-2025-04-29-at-8.27.50-PM-2-1536x1024.jpeg 1536w, https:\/\/mediagroup.mx\/wp-content\/uploads\/2025\/04\/WhatsApp-Image-2025-04-29-at-8.27.50-PM-2-2048x1365.jpeg 2048w, https:\/\/mediagroup.mx\/wp-content\/uploads\/2025\/04\/WhatsApp-Image-2025-04-29-at-8.27.50-PM-2-150x100.jpeg 150w, https:\/\/mediagroup.mx\/wp-content\/uploads\/2025\/04\/WhatsApp-Image-2025-04-29-at-8.27.50-PM-2-696x464.jpeg 696w, https:\/\/mediagroup.mx\/wp-content\/uploads\/2025\/04\/WhatsApp-Image-2025-04-29-at-8.27.50-PM-2-1068x712.jpeg 1068w, https:\/\/mediagroup.mx\/wp-content\/uploads\/2025\/04\/WhatsApp-Image-2025-04-29-at-8.27.50-PM-2-1920x1280.jpeg 1920w\" sizes=\"auto, (max-width: 300px) 100vw, 300px\" \/> <img loading=\"lazy\" decoding=\"async\" class=\"alignnone size-medium wp-image-66841\" src=\"https:\/\/mediagroup.mx\/wp-content\/uploads\/2025\/04\/WhatsApp-Image-2025-04-29-at-8.27.50-PM-1-300x200.jpeg\" alt=\"\" width=\"300\" height=\"200\" srcset=\"https:\/\/mediagroup.mx\/wp-content\/uploads\/2025\/04\/WhatsApp-Image-2025-04-29-at-8.27.50-PM-1-300x200.jpeg 300w, https:\/\/mediagroup.mx\/wp-content\/uploads\/2025\/04\/WhatsApp-Image-2025-04-29-at-8.27.50-PM-1-1024x683.jpeg 1024w, https:\/\/mediagroup.mx\/wp-content\/uploads\/2025\/04\/WhatsApp-Image-2025-04-29-at-8.27.50-PM-1-768x512.jpeg 768w, https:\/\/mediagroup.mx\/wp-content\/uploads\/2025\/04\/WhatsApp-Image-2025-04-29-at-8.27.50-PM-1-1536x1024.jpeg 1536w, https:\/\/mediagroup.mx\/wp-content\/uploads\/2025\/04\/WhatsApp-Image-2025-04-29-at-8.27.50-PM-1-2048x1365.jpeg 2048w, https:\/\/mediagroup.mx\/wp-content\/uploads\/2025\/04\/WhatsApp-Image-2025-04-29-at-8.27.50-PM-1-150x100.jpeg 150w, https:\/\/mediagroup.mx\/wp-content\/uploads\/2025\/04\/WhatsApp-Image-2025-04-29-at-8.27.50-PM-1-696x464.jpeg 696w, https:\/\/mediagroup.mx\/wp-content\/uploads\/2025\/04\/WhatsApp-Image-2025-04-29-at-8.27.50-PM-1-1068x712.jpeg 1068w, https:\/\/mediagroup.mx\/wp-content\/uploads\/2025\/04\/WhatsApp-Image-2025-04-29-at-8.27.50-PM-1-1920x1280.jpeg 1920w\" sizes=\"auto, (max-width: 300px) 100vw, 300px\" \/> <img loading=\"lazy\" decoding=\"async\" class=\"alignnone size-medium wp-image-66842\" src=\"https:\/\/mediagroup.mx\/wp-content\/uploads\/2025\/04\/WhatsApp-Image-2025-04-29-at-8.27.50-PM-300x200.jpeg\" alt=\"\" width=\"300\" height=\"200\" srcset=\"https:\/\/mediagroup.mx\/wp-content\/uploads\/2025\/04\/WhatsApp-Image-2025-04-29-at-8.27.50-PM-300x200.jpeg 300w, https:\/\/mediagroup.mx\/wp-content\/uploads\/2025\/04\/WhatsApp-Image-2025-04-29-at-8.27.50-PM-1024x683.jpeg 1024w, https:\/\/mediagroup.mx\/wp-content\/uploads\/2025\/04\/WhatsApp-Image-2025-04-29-at-8.27.50-PM-768x512.jpeg 768w, https:\/\/mediagroup.mx\/wp-content\/uploads\/2025\/04\/WhatsApp-Image-2025-04-29-at-8.27.50-PM-1536x1024.jpeg 1536w, https:\/\/mediagroup.mx\/wp-content\/uploads\/2025\/04\/WhatsApp-Image-2025-04-29-at-8.27.50-PM-2048x1365.jpeg 2048w, https:\/\/mediagroup.mx\/wp-content\/uploads\/2025\/04\/WhatsApp-Image-2025-04-29-at-8.27.50-PM-150x100.jpeg 150w, https:\/\/mediagroup.mx\/wp-content\/uploads\/2025\/04\/WhatsApp-Image-2025-04-29-at-8.27.50-PM-696x464.jpeg 696w, https:\/\/mediagroup.mx\/wp-content\/uploads\/2025\/04\/WhatsApp-Image-2025-04-29-at-8.27.50-PM-1068x712.jpeg 1068w, https:\/\/mediagroup.mx\/wp-content\/uploads\/2025\/04\/WhatsApp-Image-2025-04-29-at-8.27.50-PM-1920x1280.jpeg 1920w\" sizes=\"auto, (max-width: 300px) 100vw, 300px\" \/> <img loading=\"lazy\" decoding=\"async\" class=\"alignnone size-medium wp-image-66843\" src=\"https:\/\/mediagroup.mx\/wp-content\/uploads\/2025\/04\/WhatsApp-Image-2025-04-29-at-8.27.50-PM-3-300x200.jpeg\" alt=\"\" width=\"300\" height=\"200\" srcset=\"https:\/\/mediagroup.mx\/wp-content\/uploads\/2025\/04\/WhatsApp-Image-2025-04-29-at-8.27.50-PM-3-300x200.jpeg 300w, https:\/\/mediagroup.mx\/wp-content\/uploads\/2025\/04\/WhatsApp-Image-2025-04-29-at-8.27.50-PM-3-1024x683.jpeg 1024w, https:\/\/mediagroup.mx\/wp-content\/uploads\/2025\/04\/WhatsApp-Image-2025-04-29-at-8.27.50-PM-3-768x512.jpeg 768w, https:\/\/mediagroup.mx\/wp-content\/uploads\/2025\/04\/WhatsApp-Image-2025-04-29-at-8.27.50-PM-3-1536x1024.jpeg 1536w, https:\/\/mediagroup.mx\/wp-content\/uploads\/2025\/04\/WhatsApp-Image-2025-04-29-at-8.27.50-PM-3-2048x1365.jpeg 2048w, https:\/\/mediagroup.mx\/wp-content\/uploads\/2025\/04\/WhatsApp-Image-2025-04-29-at-8.27.50-PM-3-150x100.jpeg 150w, https:\/\/mediagroup.mx\/wp-content\/uploads\/2025\/04\/WhatsApp-Image-2025-04-29-at-8.27.50-PM-3-696x464.jpeg 696w, https:\/\/mediagroup.mx\/wp-content\/uploads\/2025\/04\/WhatsApp-Image-2025-04-29-at-8.27.50-PM-3-1068x712.jpeg 1068w, https:\/\/mediagroup.mx\/wp-content\/uploads\/2025\/04\/WhatsApp-Image-2025-04-29-at-8.27.50-PM-3-1920x1280.jpeg 1920w\" sizes=\"auto, (max-width: 300px) 100vw, 300px\" \/><\/p>\n","protected":false},"excerpt":{"rendered":"<p>Morelia, Michoac\u00e1n, a 29 de abril de 2025.- La Universidad Michoacana de hoy, no es la misma de ayer, ya que se ha transformado y ha crecido en el \u00e1mbito acad\u00e9mico, deportivo y cultural, expresaron asistentes al acto con motivo del CCXXVI aniversario de la Instauraci\u00f3n de los Estudios de Derecho en Michoac\u00e1n, que estuvo [&hellip;]<\/p>\n","protected":false},"author":2,"featured_media":66840,"comment_status":"closed","ping_status":"closed","sticky":false,"template":"","format":"standard","meta":{"om_disable_all_campaigns":false,"_monsterinsights_skip_tracking":false,"_monsterinsights_sitenote_active":false,"_monsterinsights_sitenote_note":"","_monsterinsights_sitenote_category":0,"_uf_show_specific_survey":0,"_uf_disable_surveys":false,"_jetpack_memberships_contains_paid_content":false,"footnotes":"","jetpack_publicize_message":"La Universidad Michoacana de hoy no es la misma de ayer, ha crecido y se ha transformado\r\n\r\n\u00b7 El mandatario estatal, Alfredo Ram\u00edrez Bedolla y la rectora Yarab\u00ed \u00c1vila encabezaron el CCXXVI aniversario de la Instauraci\u00f3n de los Estudios de Derecho en Michoac\u00e1n.","jetpack_publicize_feature_enabled":true,"jetpack_social_post_already_shared":true,"jetpack_social_options":{"image_generator_settings":{"template":"highway","default_image_id":0,"enabled":false},"version":2}},"categories":[22,17],"tags":[],"class_list":{"0":"post-66839","1":"post","2":"type-post","3":"status-publish","4":"format-standard","5":"has-post-thumbnail","7":"category-educacion","8":"category-morelia"},"aioseo_notices":[],"jetpack_publicize_connections":[],"jetpack_featured_media_url":"https:\/\/mediagroup.mx\/wp-content\/uploads\/2025\/04\/WhatsApp-Image-2025-04-29-at-8.27.50-PM-2-scaled.jpeg","jetpack_sharing_enabled":true,"_links":{"self":[{"href":"https:\/\/mediagroup.mx\/index.php\/wp-json\/wp\/v2\/posts\/66839","targetHints":{"allow":["GET"]}}],"collection":[{"href":"https:\/\/mediagroup.mx\/index.php\/wp-json\/wp\/v2\/posts"}],"about":[{"href":"https:\/\/mediagroup.mx\/index.php\/wp-json\/wp\/v2\/types\/post"}],"author":[{"embeddable":true,"href":"https:\/\/mediagroup.mx\/index.php\/wp-json\/wp\/v2\/users\/2"}],"replies":[{"embeddable":true,"href":"https:\/\/mediagroup.mx\/index.php\/wp-json\/wp\/v2\/comments?post=66839"}],"version-history":[{"count":1,"href":"https:\/\/mediagroup.mx\/index.php\/wp-json\/wp\/v2\/posts\/66839\/revisions"}],"predecessor-version":[{"id":66844,"href":"https:\/\/mediagroup.mx\/index.php\/wp-json\/wp\/v2\/posts\/66839\/revisions\/66844"}],"wp:featuredmedia":[{"embeddable":true,"href":"https:\/\/mediagroup.mx\/index.php\/wp-json\/wp\/v2\/media\/66840"}],"wp:attachment":[{"href":"https:\/\/mediagroup.mx\/index.php\/wp-json\/wp\/v2\/media?parent=66839"}],"wp:term":[{"taxonomy":"category","embeddable":true,"href":"https:\/\/mediagroup.mx\/index.php\/wp-json\/wp\/v2\/categories?post=66839"},{"taxonomy":"post_tag","embeddable":true,"href":"https:\/\/mediagroup.mx\/index.php\/wp-json\/wp\/v2\/tags?post=66839"}],"curies":[{"name":"wp","href":"https:\/\/api.w.org\/{rel}","templated":true}]}}