{"id":66845,"date":"2025-04-29T09:57:46","date_gmt":"2025-04-29T15:57:46","guid":{"rendered":"https:\/\/mediagroup.mx\/?p=66845"},"modified":"2025-05-09T14:36:22","modified_gmt":"2025-05-09T20:36:22","slug":"con-dialogo-abierto-y-gran-participacion-ciudadana-se-realizo-el-primer-parlamento-abierto-de-liderazgo-ambiental-2025","status":"publish","type":"post","link":"https:\/\/mediagroup.mx\/index.php\/2025\/04\/29\/con-dialogo-abierto-y-gran-participacion-ciudadana-se-realizo-el-primer-parlamento-abierto-de-liderazgo-ambiental-2025\/","title":{"rendered":"Con di\u00e1logo abierto y gran participaci\u00f3n ciudadana, se realiz\u00f3 el \u201cPrimer Parlamento Abierto de Liderazgo Ambiental 2025\u201d"},"content":{"rendered":"<p>Morelia, Mich., a 29 de abril del 2025.- Con un llamado urgente a fortalecer las pol\u00edticas p\u00fablicas en pro del medio ambiente, al cuidado del agua, la gesti\u00f3n responsable de los residuos s\u00f3lidos y el cuidado y protecci\u00f3n de los animales, se llev\u00f3 a cabo el \u201cPrimer Parlamento Abierto de Liderazgo Ambiental 2025\u201d en el Congreso del Estado.<\/p>\n<p>En su mensaje de bienvenida e inauguraci\u00f3n del \u201cPrimer Parlamento Abierto de Liderazgo Ambiental 2025\u201d, la diputada Sandra Mar\u00eda Arreola Ruiz, presidenta de la Comisi\u00f3n de Desarrollo Sustentable y Medio Ambiente, manifest\u00f3 que este es un ejercicio de di\u00e1logo abierto con el objetivo de escuchar diferentes voces en beneficio del medio ambiente.<\/p>\n<p>\u201cLo importante de este parlamento es que las ideas se transformar\u00e1n en propuestas y las propuestas en acciones concretas, pues nuestro pa\u00eds, estado y municipios, no pueden esperar m\u00e1s. Reconozco la preocupaci\u00f3n y aportaci\u00f3n al medio ambiente de todos ustedes, pues cuando cuando la sociedad y el gobierno caminan juntos, hay grandes cambios, buenos y verdaderos\u201d, asever\u00f3.<\/p>\n<p>En este \u201cPrimer Parlamento Abierto de Liderazgo Ambiental 2025\u201d, las y los 40 parlamentarios participaron con iniciativas, propuestas e ideas, encaminadas al fortalecimiento de espacios verdes en las ciudades; a la implementaci\u00f3n de tecnolog\u00edas para usar menos papel y a la creaci\u00f3n de centros de acopio municipales de residuos s\u00f3lidos.<\/p>\n<p>Adem\u00e1s de, aumentar las penas para quienes cometan actos de violencia contra los animales; la creaci\u00f3n de veterinarias p\u00fablicas; que el Estado protege a las personas defensoras del medio ambiente; generar un plan estatal de residuos s\u00f3lidos; la creaci\u00f3n de una red estatal de rehabilitaci\u00f3n de fauna silvestre en Michoac\u00e1n; y la creaci\u00f3n de un programa estatal de educaci\u00f3n y acci\u00f3n ambiental juvenil.<\/p>\n<p>En ese mismo sentido, tambi\u00e9n se vertieron propuestas enfocadas en que, todas las universidades realicen una actividad anual de reforestaci\u00f3n; la prohibici\u00f3n de las peleas de gallos en Michoac\u00e1n; que el Estado dote de asesor\u00edas para quienes pretendan presentar una denuncia contra ayuntamientos o autoridades por infringir leyes del medio ambiente; y la sustituci\u00f3n de pr\u00e1cticas qu\u00edmicas por pr\u00e1cticas sustentables que no quiten la fertilidad a las tierras.<\/p>\n<p>Por su parte, la diputada Giuliana Bugarini Torres, integrante de la Comisi\u00f3n de Desarrollo Sustentable y Medio Ambiente, quien clausur\u00f3 esta actividad, manifest\u00f3 que cada idea que se expuso en este parlamento, no se quedar\u00e1 solo en un discurso, sino que se comprometi\u00f3 a buscar que sean iniciativas reales y que se conviertan en acciones concretas en pro del medio ambiente.<\/p>\n<p>\u201cCada d\u00eda somos m\u00e1s quienes vemos al medio ambiente no como una mercanc\u00eda, sino como un proyecto de vida. Hoy es el inicio de una ruta legislativa que haremos caminar con transparencia, apertura y responsabilidad ambiental y tengan la seguridad que los vamos a invitar al trabajo en comisiones para juntos presentar ante el pleno todas estas propuestas\u201d, finaliz\u00f3.<\/p>\n<p>Durante este \u201cPrimer Parlamento Abierto de Liderazgo Ambiental 2025\u201d estuvieron presentes las y los diputados: Fabiola Alan\u00eds S\u00e1mano, Teresita de Jes\u00fas Herrera Maldonado, Reyes Galindo Pedraza, Ana Vanessa Caratachea S\u00e1nchez y Antonio Salvador Mendoza Torres, adem\u00e1s del Secretario del Medio Ambiente del Gobierno del Estado, Alejandro M\u00e9ndez L\u00f3pez.<\/p>\n<p><img loading=\"lazy\" decoding=\"async\" class=\"alignnone size-medium wp-image-66846\" src=\"https:\/\/mediagroup.mx\/wp-content\/uploads\/2025\/04\/WhatsApp-Image-2025-04-29-at-9.23.51-PM-2-300x200.jpeg\" alt=\"\" width=\"300\" height=\"200\" srcset=\"https:\/\/mediagroup.mx\/wp-content\/uploads\/2025\/04\/WhatsApp-Image-2025-04-29-at-9.23.51-PM-2-300x200.jpeg 300w, https:\/\/mediagroup.mx\/wp-content\/uploads\/2025\/04\/WhatsApp-Image-2025-04-29-at-9.23.51-PM-2-1024x682.jpeg 1024w, https:\/\/mediagroup.mx\/wp-content\/uploads\/2025\/04\/WhatsApp-Image-2025-04-29-at-9.23.51-PM-2-768x512.jpeg 768w, https:\/\/mediagroup.mx\/wp-content\/uploads\/2025\/04\/WhatsApp-Image-2025-04-29-at-9.23.51-PM-2-150x100.jpeg 150w, https:\/\/mediagroup.mx\/wp-content\/uploads\/2025\/04\/WhatsApp-Image-2025-04-29-at-9.23.51-PM-2-696x464.jpeg 696w, https:\/\/mediagroup.mx\/wp-content\/uploads\/2025\/04\/WhatsApp-Image-2025-04-29-at-9.23.51-PM-2-1068x712.jpeg 1068w, https:\/\/mediagroup.mx\/wp-content\/uploads\/2025\/04\/WhatsApp-Image-2025-04-29-at-9.23.51-PM-2.jpeg 1280w\" sizes=\"auto, (max-width: 300px) 100vw, 300px\" \/> <img loading=\"lazy\" decoding=\"async\" class=\"alignnone size-medium wp-image-66847\" src=\"https:\/\/mediagroup.mx\/wp-content\/uploads\/2025\/04\/WhatsApp-Image-2025-04-29-at-9.23.51-PM-1-300x200.jpeg\" alt=\"\" width=\"300\" height=\"200\" srcset=\"https:\/\/mediagroup.mx\/wp-content\/uploads\/2025\/04\/WhatsApp-Image-2025-04-29-at-9.23.51-PM-1-300x200.jpeg 300w, https:\/\/mediagroup.mx\/wp-content\/uploads\/2025\/04\/WhatsApp-Image-2025-04-29-at-9.23.51-PM-1-1024x682.jpeg 1024w, https:\/\/mediagroup.mx\/wp-content\/uploads\/2025\/04\/WhatsApp-Image-2025-04-29-at-9.23.51-PM-1-768x512.jpeg 768w, https:\/\/mediagroup.mx\/wp-content\/uploads\/2025\/04\/WhatsApp-Image-2025-04-29-at-9.23.51-PM-1-150x100.jpeg 150w, https:\/\/mediagroup.mx\/wp-content\/uploads\/2025\/04\/WhatsApp-Image-2025-04-29-at-9.23.51-PM-1-696x464.jpeg 696w, https:\/\/mediagroup.mx\/wp-content\/uploads\/2025\/04\/WhatsApp-Image-2025-04-29-at-9.23.51-PM-1-1068x712.jpeg 1068w, https:\/\/mediagroup.mx\/wp-content\/uploads\/2025\/04\/WhatsApp-Image-2025-04-29-at-9.23.51-PM-1.jpeg 1280w\" sizes=\"auto, (max-width: 300px) 100vw, 300px\" \/> <img loading=\"lazy\" decoding=\"async\" class=\"alignnone size-medium wp-image-66848\" src=\"https:\/\/mediagroup.mx\/wp-content\/uploads\/2025\/04\/WhatsApp-Image-2025-04-29-at-9.23.51-PM-300x200.jpeg\" alt=\"\" width=\"300\" height=\"200\" srcset=\"https:\/\/mediagroup.mx\/wp-content\/uploads\/2025\/04\/WhatsApp-Image-2025-04-29-at-9.23.51-PM-300x200.jpeg 300w, https:\/\/mediagroup.mx\/wp-content\/uploads\/2025\/04\/WhatsApp-Image-2025-04-29-at-9.23.51-PM-1024x682.jpeg 1024w, https:\/\/mediagroup.mx\/wp-content\/uploads\/2025\/04\/WhatsApp-Image-2025-04-29-at-9.23.51-PM-768x512.jpeg 768w, https:\/\/mediagroup.mx\/wp-content\/uploads\/2025\/04\/WhatsApp-Image-2025-04-29-at-9.23.51-PM-150x100.jpeg 150w, https:\/\/mediagroup.mx\/wp-content\/uploads\/2025\/04\/WhatsApp-Image-2025-04-29-at-9.23.51-PM-696x464.jpeg 696w, https:\/\/mediagroup.mx\/wp-content\/uploads\/2025\/04\/WhatsApp-Image-2025-04-29-at-9.23.51-PM-1068x712.jpeg 1068w, https:\/\/mediagroup.mx\/wp-content\/uploads\/2025\/04\/WhatsApp-Image-2025-04-29-at-9.23.51-PM.jpeg 1280w\" sizes=\"auto, (max-width: 300px) 100vw, 300px\" \/> <img loading=\"lazy\" decoding=\"async\" class=\"alignnone size-medium wp-image-66849\" src=\"https:\/\/mediagroup.mx\/wp-content\/uploads\/2025\/04\/WhatsApp-Image-2025-04-29-at-9.23.50-PM-300x200.jpeg\" alt=\"\" width=\"300\" height=\"200\" srcset=\"https:\/\/mediagroup.mx\/wp-content\/uploads\/2025\/04\/WhatsApp-Image-2025-04-29-at-9.23.50-PM-300x200.jpeg 300w, https:\/\/mediagroup.mx\/wp-content\/uploads\/2025\/04\/WhatsApp-Image-2025-04-29-at-9.23.50-PM-1024x682.jpeg 1024w, https:\/\/mediagroup.mx\/wp-content\/uploads\/2025\/04\/WhatsApp-Image-2025-04-29-at-9.23.50-PM-768x512.jpeg 768w, https:\/\/mediagroup.mx\/wp-content\/uploads\/2025\/04\/WhatsApp-Image-2025-04-29-at-9.23.50-PM-150x100.jpeg 150w, https:\/\/mediagroup.mx\/wp-content\/uploads\/2025\/04\/WhatsApp-Image-2025-04-29-at-9.23.50-PM-696x464.jpeg 696w, https:\/\/mediagroup.mx\/wp-content\/uploads\/2025\/04\/WhatsApp-Image-2025-04-29-at-9.23.50-PM-1068x712.jpeg 1068w, https:\/\/mediagroup.mx\/wp-content\/uploads\/2025\/04\/WhatsApp-Image-2025-04-29-at-9.23.50-PM.jpeg 1280w\" sizes=\"auto, (max-width: 300px) 100vw, 300px\" \/><\/p>\n","protected":false},"excerpt":{"rendered":"<p>Morelia, Mich., a 29 de abril del 2025.- Con un llamado urgente a fortalecer las pol\u00edticas p\u00fablicas en pro del medio ambiente, al cuidado del agua, la gesti\u00f3n responsable de los residuos s\u00f3lidos y el cuidado y protecci\u00f3n de los animales, se llev\u00f3 a cabo el \u201cPrimer Parlamento Abierto de Liderazgo Ambiental 2025\u201d en el [&hellip;]<\/p>\n","protected":false},"author":2,"featured_media":66848,"comment_status":"closed","ping_status":"closed","sticky":false,"template":"","format":"standard","meta":{"om_disable_all_campaigns":false,"_monsterinsights_skip_tracking":false,"_monsterinsights_sitenote_active":false,"_monsterinsights_sitenote_note":"","_monsterinsights_sitenote_category":0,"_uf_show_specific_survey":0,"_uf_disable_surveys":false,"_jetpack_memberships_contains_paid_content":false,"footnotes":"","jetpack_publicize_message":"Con di\u00e1logo abierto y gran participaci\u00f3n ciudadana, se realiz\u00f3 el \u201cPrimer Parlamento Abierto de Liderazgo Ambiental 2025\u201d","jetpack_publicize_feature_enabled":true,"jetpack_social_post_already_shared":true,"jetpack_social_options":{"image_generator_settings":{"template":"highway","default_image_id":0,"enabled":false},"version":2}},"categories":[169],"tags":[],"class_list":{"0":"post-66845","1":"post","2":"type-post","3":"status-publish","4":"format-standard","5":"has-post-thumbnail","7":"category-congreso-del-estado"},"aioseo_notices":[],"jetpack_publicize_connections":[],"jetpack_featured_media_url":"https:\/\/mediagroup.mx\/wp-content\/uploads\/2025\/04\/WhatsApp-Image-2025-04-29-at-9.23.51-PM.jpeg","jetpack_sharing_enabled":true,"_links":{"self":[{"href":"https:\/\/mediagroup.mx\/index.php\/wp-json\/wp\/v2\/posts\/66845","targetHints":{"allow":["GET"]}}],"collection":[{"href":"https:\/\/mediagroup.mx\/index.php\/wp-json\/wp\/v2\/posts"}],"about":[{"href":"https:\/\/mediagroup.mx\/index.php\/wp-json\/wp\/v2\/types\/post"}],"author":[{"embeddable":true,"href":"https:\/\/mediagroup.mx\/index.php\/wp-json\/wp\/v2\/users\/2"}],"replies":[{"embeddable":true,"href":"https:\/\/mediagroup.mx\/index.php\/wp-json\/wp\/v2\/comments?post=66845"}],"version-history":[{"count":1,"href":"https:\/\/mediagroup.mx\/index.php\/wp-json\/wp\/v2\/posts\/66845\/revisions"}],"predecessor-version":[{"id":66850,"href":"https:\/\/mediagroup.mx\/index.php\/wp-json\/wp\/v2\/posts\/66845\/revisions\/66850"}],"wp:featuredmedia":[{"embeddable":true,"href":"https:\/\/mediagroup.mx\/index.php\/wp-json\/wp\/v2\/media\/66848"}],"wp:attachment":[{"href":"https:\/\/mediagroup.mx\/index.php\/wp-json\/wp\/v2\/media?parent=66845"}],"wp:term":[{"taxonomy":"category","embeddable":true,"href":"https:\/\/mediagroup.mx\/index.php\/wp-json\/wp\/v2\/categories?post=66845"},{"taxonomy":"post_tag","embeddable":true,"href":"https:\/\/mediagroup.mx\/index.php\/wp-json\/wp\/v2\/tags?post=66845"}],"curies":[{"name":"wp","href":"https:\/\/api.w.org\/{rel}","templated":true}]}}