{"id":66851,"date":"2025-04-29T10:02:46","date_gmt":"2025-04-29T16:02:46","guid":{"rendered":"https:\/\/mediagroup.mx\/?p=66851"},"modified":"2025-04-30T10:04:02","modified_gmt":"2025-04-30T16:04:02","slug":"chofer-uber-es-asesinado-en-alvaro-obregon-los-homicidas-le-queman-su-vehiculo","status":"publish","type":"post","link":"https:\/\/mediagroup.mx\/index.php\/2025\/04\/29\/chofer-uber-es-asesinado-en-alvaro-obregon-los-homicidas-le-queman-su-vehiculo\/","title":{"rendered":"Chofer Uber es asesinado en \u00c1lvaro Obreg\u00f3n; los homicidas le queman su veh\u00edculo."},"content":{"rendered":"<p>RED 113 MICHOAC\u00c1N\/Redacci\u00f3n<\/p>\n<p>\u00c1lvaro Obreg\u00f3n, Mich.- Martes 29 de abril de 2025.- Un automovilista fue asesinado a balazos y su veh\u00edculo incendiado, esto en el municipio de \u00c1lvaro Obreg\u00f3n. De acuerdo con fuentes allegadas a las autoridades policiales, el ahora ofendido era chofer de la plataforma Uber.<\/p>\n<p>El hallazgo del interfecto se registr\u00f3 alrededor de las 07:20 horas de este martes en un predio ubicado a la orilla del kil\u00f3metro 227+200 de la autopista M\u00e9xico-Guadalajara, a una distancia de 150 metros del Puente R\u00edo Viejo de Morelia, as\u00ed como en las inmediaciones de la poblaci\u00f3n de Felipe Carrillo Puerto<\/p>\n<p>Avis\u00f3 lo que le hab\u00eda ocurrido y pidi\u00f3 ayuda<\/p>\n<p>Trascendi\u00f3 que durante la madrugada la v\u00edctima, identificada como Jos\u00e9 Luis, de 38 a\u00f1os de edad, alcanz\u00f3 a mandar un audio a sus contactos pidiendo ayuda y avisando que lo acababan de balear cerca de Uru\u00e9taro.<\/p>\n<p>De inmediato sus compa\u00f1eros, seres queridos y polic\u00edas comenzaron a buscarlo, posteriormente lo encontraron en la referida direcci\u00f3n, pero ya sin vida y con huellas de violencia.<\/p>\n<p>Los homicidas le quemaron el auto<\/p>\n<p>Asimismo, el automotor de Jos\u00e9 fue descubierto totalmente calcinado a pocos metros de la plaza principal de la comunidad de Le\u00f3n C\u00e1rdenas, localizada a una distancia aproximada de 6 kil\u00f3metros y medio de donde yac\u00eda el cuerpo.<\/p>\n<p>Unos patrulleros municipales acordonaron ambas escenas y pidieron la intervenci\u00f3n de la Fiscal\u00eda General del Estado (FGE), cuyos especialistas de la Unidad de Servicios Periciales y Escena del Crimen (USPEC) se encargaron de las investigaciones correspondientes y trasladaron el cad\u00e1ver a la morgue para la pr\u00e1ctica de la necropsia de ley.<\/p>\n<p><img loading=\"lazy\" decoding=\"async\" class=\"alignnone size-medium wp-image-66852\" src=\"https:\/\/mediagroup.mx\/wp-content\/uploads\/2025\/04\/WhatsApp-Image-2025-04-29-at-1.43.05-PM-2-300x169.jpeg\" alt=\"\" width=\"300\" height=\"169\" srcset=\"https:\/\/mediagroup.mx\/wp-content\/uploads\/2025\/04\/WhatsApp-Image-2025-04-29-at-1.43.05-PM-2-300x169.jpeg 300w, https:\/\/mediagroup.mx\/wp-content\/uploads\/2025\/04\/WhatsApp-Image-2025-04-29-at-1.43.05-PM-2-1024x576.jpeg 1024w, https:\/\/mediagroup.mx\/wp-content\/uploads\/2025\/04\/WhatsApp-Image-2025-04-29-at-1.43.05-PM-2-768x432.jpeg 768w, https:\/\/mediagroup.mx\/wp-content\/uploads\/2025\/04\/WhatsApp-Image-2025-04-29-at-1.43.05-PM-2-150x84.jpeg 150w, https:\/\/mediagroup.mx\/wp-content\/uploads\/2025\/04\/WhatsApp-Image-2025-04-29-at-1.43.05-PM-2-696x392.jpeg 696w, https:\/\/mediagroup.mx\/wp-content\/uploads\/2025\/04\/WhatsApp-Image-2025-04-29-at-1.43.05-PM-2-1068x601.jpeg 1068w, https:\/\/mediagroup.mx\/wp-content\/uploads\/2025\/04\/WhatsApp-Image-2025-04-29-at-1.43.05-PM-2.jpeg 1280w\" sizes=\"auto, (max-width: 300px) 100vw, 300px\" \/> <img loading=\"lazy\" decoding=\"async\" class=\"alignnone size-medium wp-image-66853\" src=\"https:\/\/mediagroup.mx\/wp-content\/uploads\/2025\/04\/WhatsApp-Image-2025-04-29-at-1.43.05-PM-1-300x168.jpeg\" alt=\"\" width=\"300\" height=\"168\" srcset=\"https:\/\/mediagroup.mx\/wp-content\/uploads\/2025\/04\/WhatsApp-Image-2025-04-29-at-1.43.05-PM-1-300x168.jpeg 300w, https:\/\/mediagroup.mx\/wp-content\/uploads\/2025\/04\/WhatsApp-Image-2025-04-29-at-1.43.05-PM-1-1024x572.jpeg 1024w, https:\/\/mediagroup.mx\/wp-content\/uploads\/2025\/04\/WhatsApp-Image-2025-04-29-at-1.43.05-PM-1-768x429.jpeg 768w, https:\/\/mediagroup.mx\/wp-content\/uploads\/2025\/04\/WhatsApp-Image-2025-04-29-at-1.43.05-PM-1-150x84.jpeg 150w, https:\/\/mediagroup.mx\/wp-content\/uploads\/2025\/04\/WhatsApp-Image-2025-04-29-at-1.43.05-PM-1-696x389.jpeg 696w, https:\/\/mediagroup.mx\/wp-content\/uploads\/2025\/04\/WhatsApp-Image-2025-04-29-at-1.43.05-PM-1-1068x597.jpeg 1068w, https:\/\/mediagroup.mx\/wp-content\/uploads\/2025\/04\/WhatsApp-Image-2025-04-29-at-1.43.05-PM-1.jpeg 1280w\" sizes=\"auto, (max-width: 300px) 100vw, 300px\" \/> <img loading=\"lazy\" decoding=\"async\" class=\"alignnone size-medium wp-image-66854\" src=\"https:\/\/mediagroup.mx\/wp-content\/uploads\/2025\/04\/WhatsApp-Image-2025-04-29-at-1.43.05-PM-300x169.jpeg\" alt=\"\" width=\"300\" height=\"169\" srcset=\"https:\/\/mediagroup.mx\/wp-content\/uploads\/2025\/04\/WhatsApp-Image-2025-04-29-at-1.43.05-PM-300x169.jpeg 300w, https:\/\/mediagroup.mx\/wp-content\/uploads\/2025\/04\/WhatsApp-Image-2025-04-29-at-1.43.05-PM-1024x576.jpeg 1024w, https:\/\/mediagroup.mx\/wp-content\/uploads\/2025\/04\/WhatsApp-Image-2025-04-29-at-1.43.05-PM-768x432.jpeg 768w, https:\/\/mediagroup.mx\/wp-content\/uploads\/2025\/04\/WhatsApp-Image-2025-04-29-at-1.43.05-PM-150x84.jpeg 150w, https:\/\/mediagroup.mx\/wp-content\/uploads\/2025\/04\/WhatsApp-Image-2025-04-29-at-1.43.05-PM-696x391.jpeg 696w, https:\/\/mediagroup.mx\/wp-content\/uploads\/2025\/04\/WhatsApp-Image-2025-04-29-at-1.43.05-PM-1068x601.jpeg 1068w, https:\/\/mediagroup.mx\/wp-content\/uploads\/2025\/04\/WhatsApp-Image-2025-04-29-at-1.43.05-PM.jpeg 1202w\" sizes=\"auto, (max-width: 300px) 100vw, 300px\" \/><\/p>\n","protected":false},"excerpt":{"rendered":"<p>RED 113 MICHOAC\u00c1N\/Redacci\u00f3n \u00c1lvaro Obreg\u00f3n, Mich.- Martes 29 de abril de 2025.- Un automovilista fue asesinado a balazos y su veh\u00edculo incendiado, esto en el municipio de \u00c1lvaro Obreg\u00f3n. De acuerdo con fuentes allegadas a las autoridades policiales, el ahora ofendido era chofer de la plataforma Uber. El hallazgo del interfecto se registr\u00f3 alrededor de [&hellip;]<\/p>\n","protected":false},"author":2,"featured_media":66854,"comment_status":"closed","ping_status":"closed","sticky":false,"template":"","format":"standard","meta":{"om_disable_all_campaigns":false,"_monsterinsights_skip_tracking":false,"_monsterinsights_sitenote_active":false,"_monsterinsights_sitenote_note":"","_monsterinsights_sitenote_category":0,"_uf_show_specific_survey":0,"_uf_disable_surveys":false,"_jetpack_memberships_contains_paid_content":false,"footnotes":"","jetpack_publicize_message":"Chofer Uber es asesinado en \u00c1lvaro Obreg\u00f3n; los homicidas le queman su veh\u00edculo\r\n\r\n+ La v\u00edctima yac\u00eda en las cercan\u00edas de la poblaci\u00f3n de Felipe Carrillo Puerto y su auto fue encontrado calcinado en la comunidad de Le\u00f3n C\u00e1rdenas.","jetpack_publicize_feature_enabled":true,"jetpack_social_post_already_shared":true,"jetpack_social_options":{"image_generator_settings":{"template":"highway","default_image_id":0,"enabled":false},"version":2}},"categories":[36],"tags":[],"class_list":{"0":"post-66851","1":"post","2":"type-post","3":"status-publish","4":"format-standard","5":"has-post-thumbnail","7":"category-michoacanseguridad"},"aioseo_notices":[],"jetpack_publicize_connections":[],"jetpack_featured_media_url":"https:\/\/mediagroup.mx\/wp-content\/uploads\/2025\/04\/WhatsApp-Image-2025-04-29-at-1.43.05-PM.jpeg","jetpack_sharing_enabled":true,"_links":{"self":[{"href":"https:\/\/mediagroup.mx\/index.php\/wp-json\/wp\/v2\/posts\/66851","targetHints":{"allow":["GET"]}}],"collection":[{"href":"https:\/\/mediagroup.mx\/index.php\/wp-json\/wp\/v2\/posts"}],"about":[{"href":"https:\/\/mediagroup.mx\/index.php\/wp-json\/wp\/v2\/types\/post"}],"author":[{"embeddable":true,"href":"https:\/\/mediagroup.mx\/index.php\/wp-json\/wp\/v2\/users\/2"}],"replies":[{"embeddable":true,"href":"https:\/\/mediagroup.mx\/index.php\/wp-json\/wp\/v2\/comments?post=66851"}],"version-history":[{"count":1,"href":"https:\/\/mediagroup.mx\/index.php\/wp-json\/wp\/v2\/posts\/66851\/revisions"}],"predecessor-version":[{"id":66855,"href":"https:\/\/mediagroup.mx\/index.php\/wp-json\/wp\/v2\/posts\/66851\/revisions\/66855"}],"wp:featuredmedia":[{"embeddable":true,"href":"https:\/\/mediagroup.mx\/index.php\/wp-json\/wp\/v2\/media\/66854"}],"wp:attachment":[{"href":"https:\/\/mediagroup.mx\/index.php\/wp-json\/wp\/v2\/media?parent=66851"}],"wp:term":[{"taxonomy":"category","embeddable":true,"href":"https:\/\/mediagroup.mx\/index.php\/wp-json\/wp\/v2\/categories?post=66851"},{"taxonomy":"post_tag","embeddable":true,"href":"https:\/\/mediagroup.mx\/index.php\/wp-json\/wp\/v2\/tags?post=66851"}],"curies":[{"name":"wp","href":"https:\/\/api.w.org\/{rel}","templated":true}]}}