{"id":66860,"date":"2025-04-29T10:07:04","date_gmt":"2025-04-29T16:07:04","guid":{"rendered":"https:\/\/mediagroup.mx\/?p=66860"},"modified":"2025-04-30T10:12:51","modified_gmt":"2025-04-30T16:12:51","slug":"huandacareo-se-alista-para-celebrar-a-su-ninez-con-un-festejo-especial-en-la-plaza-principal","status":"publish","type":"post","link":"https:\/\/mediagroup.mx\/index.php\/2025\/04\/29\/huandacareo-se-alista-para-celebrar-a-su-ninez-con-un-festejo-especial-en-la-plaza-principal\/","title":{"rendered":"Huandacareo se alista para celebrar a su ni\u00f1ez con un festejo especial en la plaza principal"},"content":{"rendered":"<p>Huandacareo, Michoac\u00e1n, 29 de abril de 2025.\u2013 En el marco del D\u00eda de la Ni\u00f1ez, el presidente municipal de Huandacareo, Alexis Vel\u00e1zquez Guzm\u00e1n, anunci\u00f3 que el pr\u00f3ximo mi\u00e9rcoles 30 de abril se llevar\u00e1 a cabo un gran festejo para ni\u00f1as y ni\u00f1os en la plaza principal del municipio, a partir de las 5:00 de la tarde.<\/p>\n<p><span style=\"color: #111111; font-family: Roboto, sans-serif; font-size: 17px;\">Vel\u00e1zquez Guzm\u00e1n destac\u00f3 que su gobierno trabaja de manera permanente en acciones orientadas a mejorar las condiciones de vida de la ni\u00f1ez<\/span><\/p>\n<div>El edil inform\u00f3 que su administraci\u00f3n ha preparado un programa especial para ofrecer una tarde llena de alegr\u00eda, sorpresas y convivencia familiar, con el prop\u00f3sito de reconocer a las infancias como el motor que impulsa el futuro de Huandacareo y de todo M\u00e9xico.<\/div>\n<div><\/div>\n<div>Vel\u00e1zquez Guzm\u00e1n destac\u00f3 que su gobierno trabaja de manera permanente en acciones orientadas a mejorar las condiciones de vida de la ni\u00f1ez, al considerar que garantizar su bienestar es clave para construir una sociedad m\u00e1s justa y con mayores oportunidades.<\/div>\n<div><\/div>\n<div>\u201cLas ni\u00f1as y los ni\u00f1os son el presente y el futuro; por ello, celebrarlos es tambi\u00e9n reconocer el compromiso que tenemos como gobierno y como sociedad de protegerlos, impulsarlos y brindarles espacios seguros donde puedan crecer felices\u201d, subray\u00f3 el alcalde.<\/div>\n<div><\/div>\n<div>El evento del 30 de abril se perfila como una de las celebraciones m\u00e1s significativas del a\u00f1o en Huandacareo, con la participaci\u00f3n de autoridades locales, familias y comunidad en general.<\/div>\n<div><img loading=\"lazy\" decoding=\"async\" class=\"alignnone size-medium wp-image-66868\" src=\"https:\/\/mediagroup.mx\/wp-content\/uploads\/2025\/04\/IMG_3252-300x217.jpg\" alt=\"\" width=\"300\" height=\"217\" srcset=\"https:\/\/mediagroup.mx\/wp-content\/uploads\/2025\/04\/IMG_3252-300x217.jpg 300w, https:\/\/mediagroup.mx\/wp-content\/uploads\/2025\/04\/IMG_3252-1024x740.jpg 1024w, https:\/\/mediagroup.mx\/wp-content\/uploads\/2025\/04\/IMG_3252-768x555.jpg 768w, https:\/\/mediagroup.mx\/wp-content\/uploads\/2025\/04\/IMG_3252-150x108.jpg 150w, https:\/\/mediagroup.mx\/wp-content\/uploads\/2025\/04\/IMG_3252-696x503.jpg 696w, https:\/\/mediagroup.mx\/wp-content\/uploads\/2025\/04\/IMG_3252-1068x772.jpg 1068w, https:\/\/mediagroup.mx\/wp-content\/uploads\/2025\/04\/IMG_3252.jpg 1070w\" sizes=\"auto, (max-width: 300px) 100vw, 300px\" \/><\/div>\n","protected":false},"excerpt":{"rendered":"<p>Huandacareo, Michoac\u00e1n, 29 de abril de 2025.\u2013 En el marco del D\u00eda de la Ni\u00f1ez, el presidente municipal de Huandacareo, Alexis Vel\u00e1zquez Guzm\u00e1n, anunci\u00f3 que el pr\u00f3ximo mi\u00e9rcoles 30 de abril se llevar\u00e1 a cabo un gran festejo para ni\u00f1as y ni\u00f1os en la plaza principal del municipio, a partir de las 5:00 de la [&hellip;]<\/p>\n","protected":false},"author":2,"featured_media":66868,"comment_status":"closed","ping_status":"closed","sticky":false,"template":"","format":"standard","meta":{"om_disable_all_campaigns":false,"_monsterinsights_skip_tracking":false,"_monsterinsights_sitenote_active":false,"_monsterinsights_sitenote_note":"","_monsterinsights_sitenote_category":0,"_uf_show_specific_survey":0,"_uf_disable_surveys":false,"_jetpack_memberships_contains_paid_content":false,"footnotes":"","jetpack_publicize_message":"Huandacareo se alista para celebrar a su ni\u00f1ez con un festejo especial en la plaza principal","jetpack_publicize_feature_enabled":true,"jetpack_social_post_already_shared":true,"jetpack_social_options":{"image_generator_settings":{"template":"highway","default_image_id":0,"enabled":false},"version":2}},"categories":[25,15],"tags":[],"class_list":{"0":"post-66860","1":"post","2":"type-post","3":"status-publish","4":"format-standard","5":"has-post-thumbnail","7":"category-cultura","8":"category-michoacan"},"aioseo_notices":[],"jetpack_publicize_connections":[],"jetpack_featured_media_url":"https:\/\/mediagroup.mx\/wp-content\/uploads\/2025\/04\/IMG_3252.jpg","jetpack_sharing_enabled":true,"_links":{"self":[{"href":"https:\/\/mediagroup.mx\/index.php\/wp-json\/wp\/v2\/posts\/66860","targetHints":{"allow":["GET"]}}],"collection":[{"href":"https:\/\/mediagroup.mx\/index.php\/wp-json\/wp\/v2\/posts"}],"about":[{"href":"https:\/\/mediagroup.mx\/index.php\/wp-json\/wp\/v2\/types\/post"}],"author":[{"embeddable":true,"href":"https:\/\/mediagroup.mx\/index.php\/wp-json\/wp\/v2\/users\/2"}],"replies":[{"embeddable":true,"href":"https:\/\/mediagroup.mx\/index.php\/wp-json\/wp\/v2\/comments?post=66860"}],"version-history":[{"count":1,"href":"https:\/\/mediagroup.mx\/index.php\/wp-json\/wp\/v2\/posts\/66860\/revisions"}],"predecessor-version":[{"id":66869,"href":"https:\/\/mediagroup.mx\/index.php\/wp-json\/wp\/v2\/posts\/66860\/revisions\/66869"}],"wp:featuredmedia":[{"embeddable":true,"href":"https:\/\/mediagroup.mx\/index.php\/wp-json\/wp\/v2\/media\/66868"}],"wp:attachment":[{"href":"https:\/\/mediagroup.mx\/index.php\/wp-json\/wp\/v2\/media?parent=66860"}],"wp:term":[{"taxonomy":"category","embeddable":true,"href":"https:\/\/mediagroup.mx\/index.php\/wp-json\/wp\/v2\/categories?post=66860"},{"taxonomy":"post_tag","embeddable":true,"href":"https:\/\/mediagroup.mx\/index.php\/wp-json\/wp\/v2\/tags?post=66860"}],"curies":[{"name":"wp","href":"https:\/\/api.w.org\/{rel}","templated":true}]}}