{"id":66874,"date":"2025-04-29T10:14:45","date_gmt":"2025-04-29T16:14:45","guid":{"rendered":"https:\/\/mediagroup.mx\/?p=66874"},"modified":"2025-04-30T10:20:07","modified_gmt":"2025-04-30T16:20:07","slug":"comandanta-chuy-tendra-que-separarse-del-cargo-para-enfrentar-proceso-penal","status":"publish","type":"post","link":"https:\/\/mediagroup.mx\/index.php\/2025\/04\/29\/comandanta-chuy-tendra-que-separarse-del-cargo-para-enfrentar-proceso-penal\/","title":{"rendered":"Comandanta Chuy tendr\u00e1 que separarse del cargo para enfrentar proceso penal."},"content":{"rendered":"<p>RED 113 MICHOAC\u00c1N\/Redacci\u00f3n<\/p>\n<p>Morelia, Michoac\u00e1n, 29 de abril de 2025.- Tras su vinculaci\u00f3n a proceso luego ser detenida, la comandanta Chuy de la Guardia Civil, tendr\u00e1 que ser suspendida de manera temporal en el ejercicio del cargo y presentarse cada mes ante el juez, as\u00ed lo estableci\u00f3 la autoridad judicial al imponer las medidas cautelares respectivas.<\/p>\n<p>Este martes la comandanta Chuy fue vinculada a proceso por los delitos de sabotaje y coalici\u00f3n de servidores p\u00fablicos, por lo que la jueza impuso las respectivas medidas para garantizar el desarrollo del proceso penal.<\/p>\n<p>La resoluci\u00f3n fue dictada contra la comandanta por una jueza, con base al art\u00edculo 155 del C\u00f3digo Nacional de Procedimientos Penales, determinando las medidas cautelares contempladas en las fracciones I y XI, las cuales establecen la presentaci\u00f3n peri\u00f3dica ante el juez o ante autoridad distinta que aqu\u00e9l designe, as\u00ed como la suspensi\u00f3n temporal en el ejercicio de una determinada actividad profesional o laboral.<\/p>\n<p>Es as\u00ed que tendr\u00e1 que ser removida de su cargo y acudir cada mes a firmar, en tanto se dicta una sentencia.<\/p>\n<p>Recordar que la comandanta fue detenida la semana pasada durante una manifestaci\u00f3n hecha por algunos polic\u00edas de la Guardia Civil en diferentes cuarteles del estado, justamente el mismo d\u00eda que la entidad enfrentaba distintos desmanes organizados por parte de grupos armados en varios municipios de la entidad.<\/p>\n<p><img loading=\"lazy\" decoding=\"async\" class=\"alignnone size-medium wp-image-66876\" src=\"https:\/\/mediagroup.mx\/wp-content\/uploads\/2025\/04\/WhatsApp-Image-2025-04-29-at-8.09.04-PM-1-300x169.jpeg\" alt=\"\" width=\"300\" height=\"169\" srcset=\"https:\/\/mediagroup.mx\/wp-content\/uploads\/2025\/04\/WhatsApp-Image-2025-04-29-at-8.09.04-PM-1-300x169.jpeg 300w, https:\/\/mediagroup.mx\/wp-content\/uploads\/2025\/04\/WhatsApp-Image-2025-04-29-at-8.09.04-PM-1-1024x576.jpeg 1024w, https:\/\/mediagroup.mx\/wp-content\/uploads\/2025\/04\/WhatsApp-Image-2025-04-29-at-8.09.04-PM-1-768x432.jpeg 768w, https:\/\/mediagroup.mx\/wp-content\/uploads\/2025\/04\/WhatsApp-Image-2025-04-29-at-8.09.04-PM-1-1536x864.jpeg 1536w, https:\/\/mediagroup.mx\/wp-content\/uploads\/2025\/04\/WhatsApp-Image-2025-04-29-at-8.09.04-PM-1-150x84.jpeg 150w, https:\/\/mediagroup.mx\/wp-content\/uploads\/2025\/04\/WhatsApp-Image-2025-04-29-at-8.09.04-PM-1-696x392.jpeg 696w, https:\/\/mediagroup.mx\/wp-content\/uploads\/2025\/04\/WhatsApp-Image-2025-04-29-at-8.09.04-PM-1-1068x601.jpeg 1068w, https:\/\/mediagroup.mx\/wp-content\/uploads\/2025\/04\/WhatsApp-Image-2025-04-29-at-8.09.04-PM-1.jpeg 1600w\" sizes=\"auto, (max-width: 300px) 100vw, 300px\" \/><\/p>\n","protected":false},"excerpt":{"rendered":"<p>RED 113 MICHOAC\u00c1N\/Redacci\u00f3n Morelia, Michoac\u00e1n, 29 de abril de 2025.- Tras su vinculaci\u00f3n a proceso luego ser detenida, la comandanta Chuy de la Guardia Civil, tendr\u00e1 que ser suspendida de manera temporal en el ejercicio del cargo y presentarse cada mes ante el juez, as\u00ed lo estableci\u00f3 la autoridad judicial al imponer las medidas cautelares [&hellip;]<\/p>\n","protected":false},"author":2,"featured_media":66876,"comment_status":"closed","ping_status":"closed","sticky":false,"template":"","format":"standard","meta":{"om_disable_all_campaigns":false,"_monsterinsights_skip_tracking":false,"_monsterinsights_sitenote_active":false,"_monsterinsights_sitenote_note":"","_monsterinsights_sitenote_category":0,"_uf_show_specific_survey":0,"_uf_disable_surveys":false,"_jetpack_memberships_contains_paid_content":false,"footnotes":"","jetpack_publicize_message":"Comandanta Chuy tendr\u00e1 que separarse del cargo para enfrentar proceso penal\r\n\r\n* La resoluci\u00f3n establece la suspensi\u00f3n temporal en el ejercicio de una determinada actividad profesional o laboral y presentaci\u00f3n peri\u00f3dica ante el juez.","jetpack_publicize_feature_enabled":true,"jetpack_social_post_already_shared":true,"jetpack_social_options":{"image_generator_settings":{"template":"highway","default_image_id":0,"enabled":false},"version":2}},"categories":[28],"tags":[],"class_list":{"0":"post-66874","1":"post","2":"type-post","3":"status-publish","4":"format-standard","5":"has-post-thumbnail","7":"category-moreliaseguridad"},"aioseo_notices":[],"jetpack_publicize_connections":[],"jetpack_featured_media_url":"https:\/\/mediagroup.mx\/wp-content\/uploads\/2025\/04\/WhatsApp-Image-2025-04-29-at-8.09.04-PM-1.jpeg","jetpack_sharing_enabled":true,"_links":{"self":[{"href":"https:\/\/mediagroup.mx\/index.php\/wp-json\/wp\/v2\/posts\/66874","targetHints":{"allow":["GET"]}}],"collection":[{"href":"https:\/\/mediagroup.mx\/index.php\/wp-json\/wp\/v2\/posts"}],"about":[{"href":"https:\/\/mediagroup.mx\/index.php\/wp-json\/wp\/v2\/types\/post"}],"author":[{"embeddable":true,"href":"https:\/\/mediagroup.mx\/index.php\/wp-json\/wp\/v2\/users\/2"}],"replies":[{"embeddable":true,"href":"https:\/\/mediagroup.mx\/index.php\/wp-json\/wp\/v2\/comments?post=66874"}],"version-history":[{"count":1,"href":"https:\/\/mediagroup.mx\/index.php\/wp-json\/wp\/v2\/posts\/66874\/revisions"}],"predecessor-version":[{"id":66877,"href":"https:\/\/mediagroup.mx\/index.php\/wp-json\/wp\/v2\/posts\/66874\/revisions\/66877"}],"wp:featuredmedia":[{"embeddable":true,"href":"https:\/\/mediagroup.mx\/index.php\/wp-json\/wp\/v2\/media\/66876"}],"wp:attachment":[{"href":"https:\/\/mediagroup.mx\/index.php\/wp-json\/wp\/v2\/media?parent=66874"}],"wp:term":[{"taxonomy":"category","embeddable":true,"href":"https:\/\/mediagroup.mx\/index.php\/wp-json\/wp\/v2\/categories?post=66874"},{"taxonomy":"post_tag","embeddable":true,"href":"https:\/\/mediagroup.mx\/index.php\/wp-json\/wp\/v2\/tags?post=66874"}],"curies":[{"name":"wp","href":"https:\/\/api.w.org\/{rel}","templated":true}]}}