{"id":66884,"date":"2025-04-29T10:28:34","date_gmt":"2025-04-29T16:28:34","guid":{"rendered":"https:\/\/mediagroup.mx\/?p=66884"},"modified":"2025-04-30T10:31:29","modified_gmt":"2025-04-30T16:31:29","slug":"se-incendia-camion-de-carga-en-la-autopista-siglo-xxi","status":"publish","type":"post","link":"https:\/\/mediagroup.mx\/index.php\/2025\/04\/29\/se-incendia-camion-de-carga-en-la-autopista-siglo-xxi\/","title":{"rendered":"Se incendia cami\u00f3n de carga en la autopista Siglo XXI."},"content":{"rendered":"<p>RED 113 MICHOAC\u00c1N\/Redacci\u00f3n<\/p>\n<p>M\u00fagica, Mich.- 29 de abril de 2025.- La noche de este martes, un cami\u00f3n de carga ardi\u00f3 en llamas sobre la autopista Siglo XXI, aparentemente por una aparente falla. El conductor de la unidad alcanz\u00f3 a orillarse en el acotamiento y a ponerse a salvo, de acuerdo con los reportes preliminares.<\/p>\n<p>El incidente se registr\u00f3 a la altura del kil\u00f3metro 148 del tramo carretero Santa Casilda \u2013 Cuatro Caminos, en las inmediaciones del sitio conocido como \u201cEl Socav\u00f3n\u201d, donde otros transportistas se detuvieron para auxiliar a su colega.<\/p>\n<p>El caso fue alertado al personal de la autopista, mismo que a su vez solicit\u00f3 apoyo de Bomberos de la regi\u00f3n para sofocar las llamas, siendo cerrada parcialmente la circulaci\u00f3n, para que se realzaran las maniobras de auxilio.<\/p>\n<p>Oficiales de la Guardia Nacional de la Divisi\u00f3n Seguridad en Carreteras e Instalaciones se dieron cita para emprender los correspondientes peritajes.<\/p>\n<p><img loading=\"lazy\" decoding=\"async\" class=\"alignnone size-medium wp-image-66885\" src=\"https:\/\/mediagroup.mx\/wp-content\/uploads\/2025\/04\/WhatsApp-Image-2025-04-29-at-10.47.08-PM-167x300.jpeg\" alt=\"\" width=\"167\" height=\"300\" srcset=\"https:\/\/mediagroup.mx\/wp-content\/uploads\/2025\/04\/WhatsApp-Image-2025-04-29-at-10.47.08-PM-167x300.jpeg 167w, https:\/\/mediagroup.mx\/wp-content\/uploads\/2025\/04\/WhatsApp-Image-2025-04-29-at-10.47.08-PM-569x1024.jpeg 569w, https:\/\/mediagroup.mx\/wp-content\/uploads\/2025\/04\/WhatsApp-Image-2025-04-29-at-10.47.08-PM-150x270.jpeg 150w, https:\/\/mediagroup.mx\/wp-content\/uploads\/2025\/04\/WhatsApp-Image-2025-04-29-at-10.47.08-PM-300x540.jpeg 300w, https:\/\/mediagroup.mx\/wp-content\/uploads\/2025\/04\/WhatsApp-Image-2025-04-29-at-10.47.08-PM-696x1253.jpeg 696w, https:\/\/mediagroup.mx\/wp-content\/uploads\/2025\/04\/WhatsApp-Image-2025-04-29-at-10.47.08-PM.jpeg 720w\" sizes=\"auto, (max-width: 167px) 100vw, 167px\" \/><\/p>\n","protected":false},"excerpt":{"rendered":"<p>RED 113 MICHOAC\u00c1N\/Redacci\u00f3n M\u00fagica, Mich.- 29 de abril de 2025.- La noche de este martes, un cami\u00f3n de carga ardi\u00f3 en llamas sobre la autopista Siglo XXI, aparentemente por una aparente falla. El conductor de la unidad alcanz\u00f3 a orillarse en el acotamiento y a ponerse a salvo, de acuerdo con los reportes preliminares. El [&hellip;]<\/p>\n","protected":false},"author":2,"featured_media":66885,"comment_status":"closed","ping_status":"closed","sticky":false,"template":"","format":"standard","meta":{"om_disable_all_campaigns":false,"_monsterinsights_skip_tracking":false,"_monsterinsights_sitenote_active":false,"_monsterinsights_sitenote_note":"","_monsterinsights_sitenote_category":0,"_uf_show_specific_survey":0,"_uf_disable_surveys":false,"_jetpack_memberships_contains_paid_content":false,"footnotes":"","jetpack_publicize_message":"Se incendia cami\u00f3n de carga en la autopista Siglo XXI.","jetpack_publicize_feature_enabled":true,"jetpack_social_post_already_shared":true,"jetpack_social_options":{"image_generator_settings":{"template":"highway","default_image_id":0,"enabled":false},"version":2}},"categories":[36],"tags":[],"class_list":{"0":"post-66884","1":"post","2":"type-post","3":"status-publish","4":"format-standard","5":"has-post-thumbnail","7":"category-michoacanseguridad"},"aioseo_notices":[],"jetpack_publicize_connections":[],"jetpack_featured_media_url":"https:\/\/mediagroup.mx\/wp-content\/uploads\/2025\/04\/WhatsApp-Image-2025-04-29-at-10.47.08-PM.jpeg","jetpack_sharing_enabled":true,"_links":{"self":[{"href":"https:\/\/mediagroup.mx\/index.php\/wp-json\/wp\/v2\/posts\/66884","targetHints":{"allow":["GET"]}}],"collection":[{"href":"https:\/\/mediagroup.mx\/index.php\/wp-json\/wp\/v2\/posts"}],"about":[{"href":"https:\/\/mediagroup.mx\/index.php\/wp-json\/wp\/v2\/types\/post"}],"author":[{"embeddable":true,"href":"https:\/\/mediagroup.mx\/index.php\/wp-json\/wp\/v2\/users\/2"}],"replies":[{"embeddable":true,"href":"https:\/\/mediagroup.mx\/index.php\/wp-json\/wp\/v2\/comments?post=66884"}],"version-history":[{"count":1,"href":"https:\/\/mediagroup.mx\/index.php\/wp-json\/wp\/v2\/posts\/66884\/revisions"}],"predecessor-version":[{"id":66886,"href":"https:\/\/mediagroup.mx\/index.php\/wp-json\/wp\/v2\/posts\/66884\/revisions\/66886"}],"wp:featuredmedia":[{"embeddable":true,"href":"https:\/\/mediagroup.mx\/index.php\/wp-json\/wp\/v2\/media\/66885"}],"wp:attachment":[{"href":"https:\/\/mediagroup.mx\/index.php\/wp-json\/wp\/v2\/media?parent=66884"}],"wp:term":[{"taxonomy":"category","embeddable":true,"href":"https:\/\/mediagroup.mx\/index.php\/wp-json\/wp\/v2\/categories?post=66884"},{"taxonomy":"post_tag","embeddable":true,"href":"https:\/\/mediagroup.mx\/index.php\/wp-json\/wp\/v2\/tags?post=66884"}],"curies":[{"name":"wp","href":"https:\/\/api.w.org\/{rel}","templated":true}]}}