{"id":68738,"date":"2025-05-26T12:43:40","date_gmt":"2025-05-26T18:43:40","guid":{"rendered":"https:\/\/mediagroup.mx\/?p=68738"},"modified":"2025-05-26T12:43:40","modified_gmt":"2025-05-26T18:43:40","slug":"sheinbaum-se-lanza-contra-la-cnte-que-tienen-que-ver-sus-demandas-con-el-boicot-a-la-eleccion-judicial","status":"publish","type":"post","link":"https:\/\/mediagroup.mx\/index.php\/2025\/05\/26\/sheinbaum-se-lanza-contra-la-cnte-que-tienen-que-ver-sus-demandas-con-el-boicot-a-la-eleccion-judicial\/","title":{"rendered":"Sheinbaum se \u2018lanza\u2019 contra la CNTE: \u2018\u00bfQu\u00e9 tienen que ver sus demandas con el boicot a la elecci\u00f3n judicial?\u2019"},"content":{"rendered":"<p class=\"c-paragraph\">La<b>\u00a0presidenta<\/b>\u00a0<a title=\"https:\/\/www.elfinanciero.com.mx\/nacional\/2025\/05\/23\/claudia-sheinbaum-mananera-temas-hoy-23-de-mayo-de-2025-en-vivo\/\" href=\"https:\/\/www.elfinanciero.com.mx\/nacional\/2025\/05\/23\/claudia-sheinbaum-mananera-temas-hoy-23-de-mayo-de-2025-en-vivo\/\" target=\"_blank\" rel=\"noopener noreferrer\">Claudia Sheinbaum encabeza su conferencia \u2018ma\u00f1anera\u2019<\/a>\u00a0de este lunes 26 de mayo de 2025 desde Palacio Nacional, en compa\u00f1\u00eda del titular de la Procuradur\u00eda Federal del Consumidor (Profeco), Iv\u00e1n Escalante.<\/p>\n<h2 class=\"b-article-body__h2\">\u2018CNTE ya est\u00e1 como la derecha\u2019: Sheinbaum critica boicot de los maestros a elecci\u00f3n judicial<\/h2>\n<p class=\"c-paragraph\">La presidenta Sheinbaum se \u2018lanz\u00f3\u2019 contra las\u00a0<a title=\"https:\/\/www.elfinanciero.com.mx\/cdmx\/2025\/05\/26\/cnte-sitiara-hacienda-y-a-la-sep-que-calles-bloqueara-en-la-cdmx-este-lunes-26-de-mayo\/\" href=\"https:\/\/www.elfinanciero.com.mx\/cdmx\/2025\/05\/26\/cnte-sitiara-hacienda-y-a-la-sep-que-calles-bloqueara-en-la-cdmx-este-lunes-26-de-mayo\/\" target=\"_blank\" rel=\"noopener noreferrer\">protestas de la CNTE<\/a>\u00a0que han escalado y ahora amenazan con manifestaciones en el Instituto Nacional Electoral (INE) con la\u00a0<a title=\"https:\/\/www.elfinanciero.com.mx\/nacional\/2025\/05\/25\/cnte-llama-a-boicotear-la-eleccion-judicial-estas-son-las-acciones-que-plantean-los-docentes\/\" href=\"https:\/\/www.elfinanciero.com.mx\/nacional\/2025\/05\/25\/cnte-llama-a-boicotear-la-eleccion-judicial-estas-son-las-acciones-que-plantean-los-docentes\/\" target=\"_blank\" rel=\"noopener noreferrer\">advertencia de boicotear la elecci\u00f3n Judicial<\/a>.<\/p>\n<div id=\"arcad-feature-f0ffmTzFzpuU8mf-142f5c7c1f7bf9\" class=\"c-stack b-ads-block\" data-style-direction=\"vertical\" data-style-justification=\"start\" data-style-alignment=\"center\" data-style-inline=\"false\" data-style-wrap=\"nowrap\">\n<div class=\"ad_1x1\" data-testid=\"ad-block-unit-wrapper\">\n<div id=\"arcad_f0ffmTzFzpuU8mf-142f5c7c1f7bf9\" data-google-query-id=\"CIa12NnkwY0DFfDwGAIdDLIz6A\">\n<div id=\"google_ads_iframe_\/77835600\/ElFinanciero__internas\/inread_oop_0__container__\"><\/div>\n<\/div>\n<\/div>\n<\/div>\n<p class=\"c-paragraph\">\u201cYo me pregunto, \u00bfQu\u00e9 tiene que ver la\u00a0<b>demanda de la derogaci\u00f3n<\/b>\u00a0de la Ley del ISSSTE de 2007 con el INE? Ahora ya plantean lo mismo que plantea la derecha de boicotear la elecci\u00f3n Judicial\u00bb, cuestion\u00f3.<\/p>\n<p>Sheinbaum critic\u00f3 que a pesar de estar abierto el di\u00e1logo, est\u00e1n\u00a0<b>afectando a los ciudadanos con sus protestas<\/b>\u00a0y tambi\u00e9n agredieron a periodistas el pasado mi\u00e9rcoles.<\/p>\n<p class=\"c-paragraph\">A pesar de los intentos de boicot, la mandataria conf\u00eda en que habr\u00e1\u00a0<b>participaci\u00f3n ciudadana<\/b>, el pr\u00f3ximo\u00a0<a title=\"https:\/\/www.elfinanciero.com.mx\/nacional\/2025\/05\/26\/sheinbaum-pide-a-la-gente-hacer-investigacion-antes-de-votar\/\" href=\"https:\/\/www.elfinanciero.com.mx\/nacional\/2025\/05\/26\/sheinbaum-pide-a-la-gente-hacer-investigacion-antes-de-votar\/\" target=\"_blank\" rel=\"noopener noreferrer\">1 de junio<\/a>.<\/p>\n<div id=\"lazy_2\">\n<div data-chromatic=\"ignore\" data-testid=\"oembed-container\">\n<div>\n<div>\n<div class=\"twitter-tweet twitter-tweet-rendered\"><iframe id=\"twitter-widget-0\" class=\"\" title=\"X Post\" src=\"https:\/\/platform.twitter.com\/embed\/Tweet.html?dnt=false&amp;embedId=twitter-widget-0&amp;features=eyJ0ZndfdGltZWxpbmVfbGlzdCI6eyJidWNrZXQiOltdLCJ2ZXJzaW9uIjpudWxsfSwidGZ3X2ZvbGxvd2VyX2NvdW50X3N1bnNldCI6eyJidWNrZXQiOnRydWUsInZlcnNpb24iOm51bGx9LCJ0ZndfdHdlZXRfZWRpdF9iYWNrZW5kIjp7ImJ1Y2tldCI6Im9uIiwidmVyc2lvbiI6bnVsbH0sInRmd19yZWZzcmNfc2Vzc2lvbiI6eyJidWNrZXQiOiJvbiIsInZlcnNpb24iOm51bGx9LCJ0ZndfZm9zbnJfc29mdF9pbnRlcnZlbnRpb25zX2VuYWJsZWQiOnsiYnVja2V0Ijoib24iLCJ2ZXJzaW9uIjpudWxsfSwidGZ3X21peGVkX21lZGlhXzE1ODk3Ijp7ImJ1Y2tldCI6InRyZWF0bWVudCIsInZlcnNpb24iOm51bGx9LCJ0ZndfZXhwZXJpbWVudHNfY29va2llX2V4cGlyYXRpb24iOnsiYnVja2V0IjoxMjA5NjAwLCJ2ZXJzaW9uIjpudWxsfSwidGZ3X3Nob3dfYmlyZHdhdGNoX3Bpdm90c19lbmFibGVkIjp7ImJ1Y2tldCI6Im9uIiwidmVyc2lvbiI6bnVsbH0sInRmd19kdXBsaWNhdGVfc2NyaWJlc190b19zZXR0aW5ncyI6eyJidWNrZXQiOiJvbiIsInZlcnNpb24iOm51bGx9LCJ0ZndfdXNlX3Byb2ZpbGVfaW1hZ2Vfc2hhcGVfZW5hYmxlZCI6eyJidWNrZXQiOiJvbiIsInZlcnNpb24iOm51bGx9LCJ0ZndfdmlkZW9faGxzX2R5bmFtaWNfbWFuaWZlc3RzXzE1MDgyIjp7ImJ1Y2tldCI6InRydWVfYml0cmF0ZSIsInZlcnNpb24iOm51bGx9LCJ0ZndfbGVnYWN5X3RpbWVsaW5lX3N1bnNldCI6eyJidWNrZXQiOnRydWUsInZlcnNpb24iOm51bGx9LCJ0ZndfdHdlZXRfZWRpdF9mcm9udGVuZCI6eyJidWNrZXQiOiJvbiIsInZlcnNpb24iOm51bGx9fQ%3D%3D&amp;frame=false&amp;hideCard=false&amp;hideThread=false&amp;id=1927009257473400897&amp;lang=es&amp;origin=https%3A%2F%2Fwww.elfinanciero.com.mx%2Fnacional%2F2025%2F05%2F26%2Fclaudia-sheinbaum-mananera-temas-hoy-26-de-mayo-de-2025-en-vivo%2F&amp;sessionId=e6f852bc7d8609ece92ffaf42569d7ee82772eb6&amp;siteScreenName=ElFinanciero_Mx&amp;theme=light&amp;widgetsVersion=2615f7e52b7e0%3A1702314776716&amp;width=550px\" frameborder=\"0\" scrolling=\"no\" allowfullscreen=\"allowfullscreen\" data-tweet-id=\"1927009257473400897\" data-mce-fragment=\"1\"><\/iframe><\/div>\n<\/div>\n<\/div>\n<\/div>\n<\/div>\n<h2 class=\"b-article-body__h2\">Sheinbaum reitera que habr\u00e1 movilizaciones \u2018pac\u00edficas\u2019 para protestar por impuestos a remesas<\/h2>\n<p class=\"c-paragraph\">Al ser cuestionada sobre el\u00a0<a title=\"https:\/\/www.elfinanciero.com.mx\/nacional\/2025\/05\/24\/sheinbaum-llama-a-migrantes-mexicanos-en-eu-a-rechazar-impuesto-a-remesas-nos-movilizaremos\/\" href=\"https:\/\/www.elfinanciero.com.mx\/nacional\/2025\/05\/24\/sheinbaum-llama-a-migrantes-mexicanos-en-eu-a-rechazar-impuesto-a-remesas-nos-movilizaremos\/\" target=\"_blank\" rel=\"noopener noreferrer\">llamado a movilizarse contra los impuestos a las remesas<\/a>, la presidenta reiter\u00f3 que habr\u00e1 dichas protestas, pero ser\u00e1n pac\u00edficas.<\/p>\n<p>\u201cSi es necesario,\u00a0<b>haremos movilizaciones pac\u00edficas<\/b>\u00a0de por qu\u00e9 no estamos de acuerdo con esos impuestos. Ya estar\u00edamos viendo c\u00f3mo se movilizan all\u00e1, pero lo realizar\u00edamos aqu\u00ed tambi\u00e9n\u201d, agreg\u00f3.<\/p>\n<p>La presidenta insisti\u00f3 en que los migrantes en Estados Unidos se comuniquen con sus congresistas y expongan las razones de por qu\u00e9 son contraproducentes dichos impuestos.<\/p>\n<p class=\"c-paragraph\"><b>Claudia Sheinbaum<\/b>\u00a0insisti\u00f3 en que los\u00a0<a title=\"https:\/\/www.elfinanciero.com.mx\/economia\/2025\/05\/25\/sheinbaum-llama-a-movilizarse-por-impuesto-a-remesas-en-eu-que-estados-serian-los-mas-golpeados-chiapas-guerrero-michoacan\/\" href=\"https:\/\/www.elfinanciero.com.mx\/economia\/2025\/05\/25\/sheinbaum-llama-a-movilizarse-por-impuesto-a-remesas-en-eu-que-estados-serian-los-mas-golpeados-chiapas-guerrero-michoacan\/\" target=\"_blank\" rel=\"noopener noreferrer\">impuestos a las remesas<\/a>\u00a0ser\u00edan discriminatorias y violar\u00edan un tratado entre M\u00e9xico y Estados Unidos que est\u00e1 vigente desde 1994.<\/p>\n<div id=\"lazy_3\">\n<div data-chromatic=\"ignore\" data-testid=\"oembed-container\">\n<div>\n<div>\n<div class=\"twitter-tweet twitter-tweet-rendered\"><iframe id=\"twitter-widget-1\" class=\"\" title=\"X Post\" src=\"https:\/\/platform.twitter.com\/embed\/Tweet.html?dnt=false&amp;embedId=twitter-widget-1&amp;features=eyJ0ZndfdGltZWxpbmVfbGlzdCI6eyJidWNrZXQiOltdLCJ2ZXJzaW9uIjpudWxsfSwidGZ3X2ZvbGxvd2VyX2NvdW50X3N1bnNldCI6eyJidWNrZXQiOnRydWUsInZlcnNpb24iOm51bGx9LCJ0ZndfdHdlZXRfZWRpdF9iYWNrZW5kIjp7ImJ1Y2tldCI6Im9uIiwidmVyc2lvbiI6bnVsbH0sInRmd19yZWZzcmNfc2Vzc2lvbiI6eyJidWNrZXQiOiJvbiIsInZlcnNpb24iOm51bGx9LCJ0ZndfZm9zbnJfc29mdF9pbnRlcnZlbnRpb25zX2VuYWJsZWQiOnsiYnVja2V0Ijoib24iLCJ2ZXJzaW9uIjpudWxsfSwidGZ3X21peGVkX21lZGlhXzE1ODk3Ijp7ImJ1Y2tldCI6InRyZWF0bWVudCIsInZlcnNpb24iOm51bGx9LCJ0ZndfZXhwZXJpbWVudHNfY29va2llX2V4cGlyYXRpb24iOnsiYnVja2V0IjoxMjA5NjAwLCJ2ZXJzaW9uIjpudWxsfSwidGZ3X3Nob3dfYmlyZHdhdGNoX3Bpdm90c19lbmFibGVkIjp7ImJ1Y2tldCI6Im9uIiwidmVyc2lvbiI6bnVsbH0sInRmd19kdXBsaWNhdGVfc2NyaWJlc190b19zZXR0aW5ncyI6eyJidWNrZXQiOiJvbiIsInZlcnNpb24iOm51bGx9LCJ0ZndfdXNlX3Byb2ZpbGVfaW1hZ2Vfc2hhcGVfZW5hYmxlZCI6eyJidWNrZXQiOiJvbiIsInZlcnNpb24iOm51bGx9LCJ0ZndfdmlkZW9faGxzX2R5bmFtaWNfbWFuaWZlc3RzXzE1MDgyIjp7ImJ1Y2tldCI6InRydWVfYml0cmF0ZSIsInZlcnNpb24iOm51bGx9LCJ0ZndfbGVnYWN5X3RpbWVsaW5lX3N1bnNldCI6eyJidWNrZXQiOnRydWUsInZlcnNpb24iOm51bGx9LCJ0ZndfdHdlZXRfZWRpdF9mcm9udGVuZCI6eyJidWNrZXQiOiJvbiIsInZlcnNpb24iOm51bGx9fQ%3D%3D&amp;frame=false&amp;hideCard=false&amp;hideThread=false&amp;id=1927015568420258106&amp;lang=es&amp;origin=https%3A%2F%2Fwww.elfinanciero.com.mx%2Fnacional%2F2025%2F05%2F26%2Fclaudia-sheinbaum-mananera-temas-hoy-26-de-mayo-de-2025-en-vivo%2F&amp;sessionId=e6f852bc7d8609ece92ffaf42569d7ee82772eb6&amp;siteScreenName=ElFinanciero_Mx&amp;theme=light&amp;widgetsVersion=2615f7e52b7e0%3A1702314776716&amp;width=550px\" frameborder=\"0\" scrolling=\"no\" allowfullscreen=\"allowfullscreen\" data-tweet-id=\"1927015568420258106\" data-mce-fragment=\"1\"><\/iframe><\/div>\n<\/div>\n<\/div>\n<\/div>\n<\/div>\n<h2 class=\"b-article-body__h2\">\u00bfQu\u00e9 dijo Sheinbaum sobre Mauricio Kuri y su mensaje de no votar por Morena?<\/h2>\n<p class=\"c-paragraph\">El pasado fin de semana se hizo viral un video en el que el\u00a0<a title=\"https:\/\/www.elfinanciero.com.mx\/estados\/2025\/02\/20\/prohiben-celulares-en-escuelas-de-queretaro-mauricio-kuri-dice-que-la-medida-aplica-para-preescolar-primaria-secundaria-y-prepa\/\" href=\"https:\/\/www.elfinanciero.com.mx\/estados\/2025\/02\/20\/prohiben-celulares-en-escuelas-de-queretaro-mauricio-kuri-dice-que-la-medida-aplica-para-preescolar-primaria-secundaria-y-prepa\/\" target=\"_blank\" rel=\"noopener noreferrer\">gobernador de Quer\u00e9taro, Mauricio Kuri<\/a>, llama a no votar por Morena.<\/p>\n<div id=\"FIOnDemandWrapper_fiInstance_116232_2_2388354128590545\" class=\"FIOnDemandWrapper\">\n<p class=\"c-paragraph\">\u201c<b>No es muy afortunada<\/b>, dej\u00e9moslo hasta ah\u00ed\u201d, dijo Sheinbaum sobre la declaraci\u00f3n de Kuri.<\/p>\n<p class=\"c-paragraph\">Claudia Sheinbaum no dio m\u00e1s detalles como parte de esta declaraci\u00f3n del gobernador panista.<\/p>\n<p class=\"c-paragraph\">\u201cLas personas que lleguen a\u00a0<b>Quer\u00e9taro<\/b>, por supuesto que son bienvenidas. Pero les vamos a pedir tres cosas: la primera, que no dejen de hacer lo que est\u00e1n viendo, aqu\u00ed somos una sociedad de respeto; la segunda, que aqu\u00ed se respeta la ley y la tercera es que no voten por Morena\u201c, dijo Mauricio Kuri en un evento.<\/p>\n<h2 class=\"b-article-body__h2\">\u00bfCu\u00e1ntas escuelas no tienen clases por paro de maestros de la CNTE?<\/h2>\n<p class=\"c-paragraph\">Mario Delgado, titular de la Secretar\u00eda de Educaci\u00f3n P\u00fablica (SEP), \u2018exhibi\u00f3\u2019 a las escuelas que la semana pasada no tuvieron clases por los paros encabezados por\u00a0<a title=\"https:\/\/www.elfinanciero.com.mx\/opinion\/eduardo-guerrero-gutierrez\/2025\/05\/26\/planton-de-la-cnte-el-precio-del-exito-de-morena\/\" href=\"https:\/\/www.elfinanciero.com.mx\/opinion\/eduardo-guerrero-gutierrez\/2025\/05\/26\/planton-de-la-cnte-el-precio-del-exito-de-morena\/\" target=\"_blank\" rel=\"noopener noreferrer\">maestros de la Coordinadora Nacional de Trabajadores de la Educaci\u00f3n (CNTE)<\/a>.<\/p>\n<p class=\"c-paragraph\">Las\u00a0<b>entidades<\/b>\u00a0donde hay mayor n\u00famero de escuelas en paro, son:<\/p>\n<ul>\n<li>Chiapas tiene 3 mil 388 escuelas en paro.<\/li>\n<li><b>Guerrero<\/b>\u00a0tiene mil 375 escuelas en paro.<\/li>\n<li>En Oaxaca no hubo clases en 12 mil 484 escuelas, que representa el 95 por ciento.<\/li>\n<\/ul>\n<p class=\"c-paragraph\">Fue el pasado viernes 23 de mayo cuando\u00a0<b>se suspendieron las clases\u00a0<\/b>totalmente en dichos estados, por lo que d\u00edas antes las actividades se realizaron de forma intermitente.<\/p>\n<\/div>\n<p class=\"c-paragraph\">V\u00eda: El Financiero<\/p>\n<p><img loading=\"lazy\" decoding=\"async\" class=\"alignnone size-medium wp-image-68741\" src=\"https:\/\/mediagroup.mx\/wp-content\/uploads\/2025\/05\/Captura-de-pantalla-2025-05-26-a-las-12.41.29-300x167.png\" alt=\"\" width=\"300\" height=\"167\" srcset=\"https:\/\/mediagroup.mx\/wp-content\/uploads\/2025\/05\/Captura-de-pantalla-2025-05-26-a-las-12.41.29-300x167.png 300w, https:\/\/mediagroup.mx\/wp-content\/uploads\/2025\/05\/Captura-de-pantalla-2025-05-26-a-las-12.41.29-768x427.png 768w, https:\/\/mediagroup.mx\/wp-content\/uploads\/2025\/05\/Captura-de-pantalla-2025-05-26-a-las-12.41.29-150x83.png 150w, https:\/\/mediagroup.mx\/wp-content\/uploads\/2025\/05\/Captura-de-pantalla-2025-05-26-a-las-12.41.29-696x387.png 696w, https:\/\/mediagroup.mx\/wp-content\/uploads\/2025\/05\/Captura-de-pantalla-2025-05-26-a-las-12.41.29.png 825w\" sizes=\"auto, (max-width: 300px) 100vw, 300px\" \/><\/p>\n","protected":false},"excerpt":{"rendered":"<p>La\u00a0presidenta\u00a0Claudia Sheinbaum encabeza su conferencia \u2018ma\u00f1anera\u2019\u00a0de este lunes 26 de mayo de 2025 desde Palacio Nacional, en compa\u00f1\u00eda del titular de la Procuradur\u00eda Federal del Consumidor (Profeco), Iv\u00e1n Escalante. \u2018CNTE ya est\u00e1 como la derecha\u2019: Sheinbaum critica boicot de los maestros a elecci\u00f3n judicial La presidenta Sheinbaum se \u2018lanz\u00f3\u2019 contra las\u00a0protestas de la CNTE\u00a0que han [&hellip;]<\/p>\n","protected":false},"author":2,"featured_media":68741,"comment_status":"closed","ping_status":"closed","sticky":false,"template":"","format":"standard","meta":{"om_disable_all_campaigns":false,"_monsterinsights_skip_tracking":false,"_monsterinsights_sitenote_active":false,"_monsterinsights_sitenote_note":"","_monsterinsights_sitenote_category":0,"_uf_show_specific_survey":0,"_uf_disable_surveys":false,"_jetpack_memberships_contains_paid_content":false,"footnotes":"","jetpack_publicize_message":"Sheinbaum se \u2018lanza\u2019 contra la CNTE: \u2018\u00bfQu\u00e9 tienen que ver sus demandas con el boicot a la elecci\u00f3n judicial?\u2019","jetpack_publicize_feature_enabled":true,"jetpack_social_post_already_shared":true,"jetpack_social_options":{"image_generator_settings":{"template":"highway","default_image_id":0,"enabled":false},"version":2}},"categories":[23],"tags":[],"class_list":{"0":"post-68738","1":"post","2":"type-post","3":"status-publish","4":"format-standard","5":"has-post-thumbnail","7":"category-nacional"},"aioseo_notices":[],"jetpack_publicize_connections":[],"jetpack_featured_media_url":"https:\/\/mediagroup.mx\/wp-content\/uploads\/2025\/05\/Captura-de-pantalla-2025-05-26-a-las-12.41.29.png","jetpack_sharing_enabled":true,"_links":{"self":[{"href":"https:\/\/mediagroup.mx\/index.php\/wp-json\/wp\/v2\/posts\/68738","targetHints":{"allow":["GET"]}}],"collection":[{"href":"https:\/\/mediagroup.mx\/index.php\/wp-json\/wp\/v2\/posts"}],"about":[{"href":"https:\/\/mediagroup.mx\/index.php\/wp-json\/wp\/v2\/types\/post"}],"author":[{"embeddable":true,"href":"https:\/\/mediagroup.mx\/index.php\/wp-json\/wp\/v2\/users\/2"}],"replies":[{"embeddable":true,"href":"https:\/\/mediagroup.mx\/index.php\/wp-json\/wp\/v2\/comments?post=68738"}],"version-history":[{"count":1,"href":"https:\/\/mediagroup.mx\/index.php\/wp-json\/wp\/v2\/posts\/68738\/revisions"}],"predecessor-version":[{"id":68743,"href":"https:\/\/mediagroup.mx\/index.php\/wp-json\/wp\/v2\/posts\/68738\/revisions\/68743"}],"wp:featuredmedia":[{"embeddable":true,"href":"https:\/\/mediagroup.mx\/index.php\/wp-json\/wp\/v2\/media\/68741"}],"wp:attachment":[{"href":"https:\/\/mediagroup.mx\/index.php\/wp-json\/wp\/v2\/media?parent=68738"}],"wp:term":[{"taxonomy":"category","embeddable":true,"href":"https:\/\/mediagroup.mx\/index.php\/wp-json\/wp\/v2\/categories?post=68738"},{"taxonomy":"post_tag","embeddable":true,"href":"https:\/\/mediagroup.mx\/index.php\/wp-json\/wp\/v2\/tags?post=68738"}],"curies":[{"name":"wp","href":"https:\/\/api.w.org\/{rel}","templated":true}]}}