{"id":68740,"date":"2025-05-26T12:43:50","date_gmt":"2025-05-26T18:43:50","guid":{"rendered":"https:\/\/mediagroup.mx\/?p=68740"},"modified":"2025-05-26T12:43:50","modified_gmt":"2025-05-26T18:43:50","slug":"hombre-es-baleado-por-asaltante-en-la-colonia-rafael-carrillo-morelia","status":"publish","type":"post","link":"https:\/\/mediagroup.mx\/index.php\/2025\/05\/26\/hombre-es-baleado-por-asaltante-en-la-colonia-rafael-carrillo-morelia\/","title":{"rendered":"Hombre es baleado por asaltante en la colonia Rafael Carrillo, Morelia."},"content":{"rendered":"<p>RED 113 MICHOAC\u00c1N\/Redacci\u00f3n<\/p>\n<p>Morelia, Mich.- Lunes 26 de mayo de 2025.- Un hombre qued\u00f3 lesionado al sufrir un impacto de bala, esto cuando un delincuente intent\u00f3 robarle una camioneta en la colonia moreliana Rafael Carrillo, ubicada en la zona poniente de la ciudad, informaron autoridades policiales.<\/p>\n<p>El hecho de violencia se registr\u00f3 durante la ma\u00f1ana de este lunes sobre la calle Mariano Castro, a una cuadra del Perif\u00e9rico Paseo de la Rep\u00fablica y frente a la Unidad Deportiva Miguel Hidalgo.<\/p>\n<p>Trascendi\u00f3 que el ahora afectado acomodaba su veh\u00edculo en una cochera, pero en determinado momento fue abordado por un amante de lo ajeno, quien lo amag\u00f3 con una pistola para despojarlo de la unidad, sin embargo la v\u00edctima opuso resistencia, entonces el sujeto le dispar\u00f3 y huy\u00f3.<\/p>\n<p>Una personas se enteraron del acontecimiento y solicitaron ayuda al n\u00famero de emergencias 911, despu\u00e9s arribaron patrulleros municipales y param\u00e9dicos, quienes otorgaron los primeros auxilios al agraviado y lo canalizaron a un hospital para su adecuada atenci\u00f3n m\u00e9dica.<\/p>\n<p>En el suelo hab\u00eda un casquillo percutido, as\u00ed que los oficiales delimitaron el per\u00edmetro y pidieron la intervenci\u00f3n de la Fiscal\u00eda General del Estado (FGE), cuyos especialistas se encargaron de procesar la escena y de las averiguaciones respectivas. La identidad del paciente no fue expuesta por los polic\u00edas.<\/p>\n<p><img loading=\"lazy\" decoding=\"async\" class=\"alignnone size-medium wp-image-68742\" src=\"https:\/\/mediagroup.mx\/wp-content\/uploads\/2025\/05\/WhatsApp-Image-2025-05-26-at-9.24.06-AM-300x225.jpeg\" alt=\"\" width=\"300\" height=\"225\" srcset=\"https:\/\/mediagroup.mx\/wp-content\/uploads\/2025\/05\/WhatsApp-Image-2025-05-26-at-9.24.06-AM-300x225.jpeg 300w, https:\/\/mediagroup.mx\/wp-content\/uploads\/2025\/05\/WhatsApp-Image-2025-05-26-at-9.24.06-AM-1024x768.jpeg 1024w, https:\/\/mediagroup.mx\/wp-content\/uploads\/2025\/05\/WhatsApp-Image-2025-05-26-at-9.24.06-AM-768x576.jpeg 768w, https:\/\/mediagroup.mx\/wp-content\/uploads\/2025\/05\/WhatsApp-Image-2025-05-26-at-9.24.06-AM-1536x1152.jpeg 1536w, https:\/\/mediagroup.mx\/wp-content\/uploads\/2025\/05\/WhatsApp-Image-2025-05-26-at-9.24.06-AM-150x113.jpeg 150w, https:\/\/mediagroup.mx\/wp-content\/uploads\/2025\/05\/WhatsApp-Image-2025-05-26-at-9.24.06-AM-696x522.jpeg 696w, https:\/\/mediagroup.mx\/wp-content\/uploads\/2025\/05\/WhatsApp-Image-2025-05-26-at-9.24.06-AM-1068x801.jpeg 1068w, https:\/\/mediagroup.mx\/wp-content\/uploads\/2025\/05\/WhatsApp-Image-2025-05-26-at-9.24.06-AM.jpeg 1600w\" sizes=\"auto, (max-width: 300px) 100vw, 300px\" \/><\/p>\n","protected":false},"excerpt":{"rendered":"<p>RED 113 MICHOAC\u00c1N\/Redacci\u00f3n Morelia, Mich.- Lunes 26 de mayo de 2025.- Un hombre qued\u00f3 lesionado al sufrir un impacto de bala, esto cuando un delincuente intent\u00f3 robarle una camioneta en la colonia moreliana Rafael Carrillo, ubicada en la zona poniente de la ciudad, informaron autoridades policiales. El hecho de violencia se registr\u00f3 durante la ma\u00f1ana [&hellip;]<\/p>\n","protected":false},"author":2,"featured_media":68742,"comment_status":"closed","ping_status":"closed","sticky":false,"template":"","format":"standard","meta":{"om_disable_all_campaigns":false,"_monsterinsights_skip_tracking":false,"_monsterinsights_sitenote_active":false,"_monsterinsights_sitenote_note":"","_monsterinsights_sitenote_category":0,"_uf_show_specific_survey":0,"_uf_disable_surveys":false,"_jetpack_memberships_contains_paid_content":false,"footnotes":"","jetpack_publicize_message":"Hombre es baleado por asaltante en la colonia Rafael Carrillo, Morelia\r\n\r\n+ El delincuente intent\u00f3 robarle un veh\u00edculo a la v\u00edctima, a decir de fuentes policiales.\r\n+ El agraviado qued\u00f3 malherido y fue canalizado por param\u00e9dicos a un hospital.","jetpack_publicize_feature_enabled":true,"jetpack_social_post_already_shared":true,"jetpack_social_options":{"image_generator_settings":{"template":"highway","default_image_id":0,"enabled":false},"version":2}},"categories":[28],"tags":[],"class_list":{"0":"post-68740","1":"post","2":"type-post","3":"status-publish","4":"format-standard","5":"has-post-thumbnail","7":"category-moreliaseguridad"},"aioseo_notices":[],"jetpack_publicize_connections":[],"jetpack_featured_media_url":"https:\/\/mediagroup.mx\/wp-content\/uploads\/2025\/05\/WhatsApp-Image-2025-05-26-at-9.24.06-AM.jpeg","jetpack_sharing_enabled":true,"_links":{"self":[{"href":"https:\/\/mediagroup.mx\/index.php\/wp-json\/wp\/v2\/posts\/68740","targetHints":{"allow":["GET"]}}],"collection":[{"href":"https:\/\/mediagroup.mx\/index.php\/wp-json\/wp\/v2\/posts"}],"about":[{"href":"https:\/\/mediagroup.mx\/index.php\/wp-json\/wp\/v2\/types\/post"}],"author":[{"embeddable":true,"href":"https:\/\/mediagroup.mx\/index.php\/wp-json\/wp\/v2\/users\/2"}],"replies":[{"embeddable":true,"href":"https:\/\/mediagroup.mx\/index.php\/wp-json\/wp\/v2\/comments?post=68740"}],"version-history":[{"count":1,"href":"https:\/\/mediagroup.mx\/index.php\/wp-json\/wp\/v2\/posts\/68740\/revisions"}],"predecessor-version":[{"id":68744,"href":"https:\/\/mediagroup.mx\/index.php\/wp-json\/wp\/v2\/posts\/68740\/revisions\/68744"}],"wp:featuredmedia":[{"embeddable":true,"href":"https:\/\/mediagroup.mx\/index.php\/wp-json\/wp\/v2\/media\/68742"}],"wp:attachment":[{"href":"https:\/\/mediagroup.mx\/index.php\/wp-json\/wp\/v2\/media?parent=68740"}],"wp:term":[{"taxonomy":"category","embeddable":true,"href":"https:\/\/mediagroup.mx\/index.php\/wp-json\/wp\/v2\/categories?post=68740"},{"taxonomy":"post_tag","embeddable":true,"href":"https:\/\/mediagroup.mx\/index.php\/wp-json\/wp\/v2\/tags?post=68740"}],"curies":[{"name":"wp","href":"https:\/\/api.w.org\/{rel}","templated":true}]}}