{"id":68752,"date":"2025-05-26T12:53:40","date_gmt":"2025-05-26T18:53:40","guid":{"rendered":"https:\/\/mediagroup.mx\/?p=68752"},"modified":"2025-05-26T12:53:40","modified_gmt":"2025-05-26T18:53:40","slug":"invita-sefeco-a-caminata-por-primer-festival-del-rebozo","status":"publish","type":"post","link":"https:\/\/mediagroup.mx\/index.php\/2025\/05\/26\/invita-sefeco-a-caminata-por-primer-festival-del-rebozo\/","title":{"rendered":"Invita Sefeco a caminata por Primer Festival del Rebozo."},"content":{"rendered":"<div>Morelia, Michoac\u00e1n; 26 de mayo de 2025. El Gobierno de Morelia, a trav\u00e9s de su Secretar\u00eda de Fomento Econ\u00f3mico (Sefeco) invita a toda la ciudadan\u00eda a sumarse a la primera edici\u00f3n de la caminata \u00abRetomando el Rebozo\u201d, que forma parte de las actividades para fomentar la tradici\u00f3n y rescate de esta ic\u00f3nica prenda en el marco del Primer Festival del Rebozo.<\/div>\n<div><\/div>\n<div>El gobierno encabezado por el presidente municipal de Morelia, Alfonso Mart\u00ednez Alc\u00e1zar, tiene entre sus objetivos la preservaci\u00f3n de nuestras tradiciones y el impulso econ\u00f3mico al trabajo artesanal; es por ello el apoyo a esta iniciativa del sector privado encabezada por Alma Ahide\u00e9 Olivo Maga\u00f1a, dise\u00f1adora e integrante del comit\u00e9 organizador.<\/div>\n<div><\/div>\n<div>La caminata, totalmente gratuita y abierta a toda la familia, tiene como \u00fanico requisito portar un rebozo o llevar una fotograf\u00eda o historia relacionada con alguna persona que haya vestido esta prenda, con el fin de compartir y celebrar su significado en la historia personal y cultural de cada participante.<\/div>\n<div><\/div>\n<div>El objetivo es homenajear y promover esta ic\u00f3nica prenda, s\u00edmbolo de herencia, historia e identidad, a trav\u00e9s de una caminata que evoque las historias, recuerdos y tradiciones que han atravesado generaciones.<\/div>\n<div><\/div>\n<div>La ruta comenzar\u00e1 el 30 de mayo a las 5:00 pm en la Plaza Jard\u00edn Morelos, continuando hacia la Calzada Fray Antonio de San Miguel (conocida como \u201cSan Diego\u201d), hasta llegar a la fuente de Las Tarascas.<\/div>\n<div><\/div>\n<div>Durante el recorrido, los asistentes podr\u00e1n disfrutar de arte en vivo, m\u00fasica y danza, adem\u00e1s de la exhibici\u00f3n de un mural realizado por el artista Julio \u00c1valos, tambi\u00e9n conocido como \u201cChous Chous\u201d.<\/div>\n<div><\/div>\n<div>La celebraci\u00f3n contar\u00e1 con la participaci\u00f3n de la escuela de danza DAE, que aportar\u00e1 ritmo y alegr\u00eda a cada paso. Tras el recorrido, se realizar\u00e1 una convivencia comunitaria que incluir\u00e1 lectura de poes\u00eda, historias, y una muestra de rebozos.<\/div>\n<div><\/div>\n<div>El Gobierno de Morelia reafirma as\u00ed su compromiso por impulsar la actividad econ\u00f3mica de los artesanos en la regi\u00f3n y difundir la riqueza e identidad de nuestras tradiciones.<\/div>\n<div><img loading=\"lazy\" decoding=\"async\" class=\"alignnone size-medium wp-image-68753\" src=\"https:\/\/mediagroup.mx\/wp-content\/uploads\/2025\/05\/WhatsApp-Image-2025-05-26-at-10.49.42-AM-194x300.jpeg\" alt=\"\" width=\"194\" height=\"300\" srcset=\"https:\/\/mediagroup.mx\/wp-content\/uploads\/2025\/05\/WhatsApp-Image-2025-05-26-at-10.49.42-AM-194x300.jpeg 194w, https:\/\/mediagroup.mx\/wp-content\/uploads\/2025\/05\/WhatsApp-Image-2025-05-26-at-10.49.42-AM-662x1024.jpeg 662w, https:\/\/mediagroup.mx\/wp-content\/uploads\/2025\/05\/WhatsApp-Image-2025-05-26-at-10.49.42-AM-768x1187.jpeg 768w, https:\/\/mediagroup.mx\/wp-content\/uploads\/2025\/05\/WhatsApp-Image-2025-05-26-at-10.49.42-AM-994x1536.jpeg 994w, https:\/\/mediagroup.mx\/wp-content\/uploads\/2025\/05\/WhatsApp-Image-2025-05-26-at-10.49.42-AM-150x232.jpeg 150w, https:\/\/mediagroup.mx\/wp-content\/uploads\/2025\/05\/WhatsApp-Image-2025-05-26-at-10.49.42-AM-300x464.jpeg 300w, https:\/\/mediagroup.mx\/wp-content\/uploads\/2025\/05\/WhatsApp-Image-2025-05-26-at-10.49.42-AM-696x1076.jpeg 696w, https:\/\/mediagroup.mx\/wp-content\/uploads\/2025\/05\/WhatsApp-Image-2025-05-26-at-10.49.42-AM.jpeg 1035w\" sizes=\"auto, (max-width: 194px) 100vw, 194px\" \/><\/div>\n","protected":false},"excerpt":{"rendered":"<p>Morelia, Michoac\u00e1n; 26 de mayo de 2025. El Gobierno de Morelia, a trav\u00e9s de su Secretar\u00eda de Fomento Econ\u00f3mico (Sefeco) invita a toda la ciudadan\u00eda a sumarse a la primera edici\u00f3n de la caminata \u00abRetomando el Rebozo\u201d, que forma parte de las actividades para fomentar la tradici\u00f3n y rescate de esta ic\u00f3nica prenda en el [&hellip;]<\/p>\n","protected":false},"author":2,"featured_media":68753,"comment_status":"closed","ping_status":"closed","sticky":false,"template":"","format":"standard","meta":{"om_disable_all_campaigns":false,"_monsterinsights_skip_tracking":false,"_monsterinsights_sitenote_active":false,"_monsterinsights_sitenote_note":"","_monsterinsights_sitenote_category":0,"_uf_show_specific_survey":0,"_uf_disable_surveys":false,"_jetpack_memberships_contains_paid_content":false,"footnotes":"","jetpack_publicize_message":"Invita Sefeco a caminata por Primer Festival del Rebozo\r\n\r\n\r\n\u2022 Partir\u00e1 desde la Plaza Jard\u00edn Morelos, el 30 de mayo a las 5:00 pm\r\n\u2022 Los asistentes deber\u00e1n portar un rebozo o llevar una fotograf\u00eda o historia relacionada con esta prenda.","jetpack_publicize_feature_enabled":true,"jetpack_social_post_already_shared":true,"jetpack_social_options":{"image_generator_settings":{"template":"highway","default_image_id":0,"enabled":false},"version":2}},"categories":[25,17],"tags":[],"class_list":{"0":"post-68752","1":"post","2":"type-post","3":"status-publish","4":"format-standard","5":"has-post-thumbnail","7":"category-cultura","8":"category-morelia"},"aioseo_notices":[],"jetpack_publicize_connections":[],"jetpack_featured_media_url":"https:\/\/mediagroup.mx\/wp-content\/uploads\/2025\/05\/WhatsApp-Image-2025-05-26-at-10.49.42-AM.jpeg","jetpack_sharing_enabled":true,"_links":{"self":[{"href":"https:\/\/mediagroup.mx\/index.php\/wp-json\/wp\/v2\/posts\/68752","targetHints":{"allow":["GET"]}}],"collection":[{"href":"https:\/\/mediagroup.mx\/index.php\/wp-json\/wp\/v2\/posts"}],"about":[{"href":"https:\/\/mediagroup.mx\/index.php\/wp-json\/wp\/v2\/types\/post"}],"author":[{"embeddable":true,"href":"https:\/\/mediagroup.mx\/index.php\/wp-json\/wp\/v2\/users\/2"}],"replies":[{"embeddable":true,"href":"https:\/\/mediagroup.mx\/index.php\/wp-json\/wp\/v2\/comments?post=68752"}],"version-history":[{"count":1,"href":"https:\/\/mediagroup.mx\/index.php\/wp-json\/wp\/v2\/posts\/68752\/revisions"}],"predecessor-version":[{"id":68754,"href":"https:\/\/mediagroup.mx\/index.php\/wp-json\/wp\/v2\/posts\/68752\/revisions\/68754"}],"wp:featuredmedia":[{"embeddable":true,"href":"https:\/\/mediagroup.mx\/index.php\/wp-json\/wp\/v2\/media\/68753"}],"wp:attachment":[{"href":"https:\/\/mediagroup.mx\/index.php\/wp-json\/wp\/v2\/media?parent=68752"}],"wp:term":[{"taxonomy":"category","embeddable":true,"href":"https:\/\/mediagroup.mx\/index.php\/wp-json\/wp\/v2\/categories?post=68752"},{"taxonomy":"post_tag","embeddable":true,"href":"https:\/\/mediagroup.mx\/index.php\/wp-json\/wp\/v2\/tags?post=68752"}],"curies":[{"name":"wp","href":"https:\/\/api.w.org\/{rel}","templated":true}]}}