{"id":69555,"date":"2025-06-05T12:28:28","date_gmt":"2025-06-05T18:28:28","guid":{"rendered":"https:\/\/mediagroup.mx\/?p=69555"},"modified":"2025-06-05T12:28:28","modified_gmt":"2025-06-05T18:28:28","slug":"arranca-el-programa-siembra-productiva-en-huandacareo-apoyo-directo-al-campo-huandacarense","status":"publish","type":"post","link":"https:\/\/mediagroup.mx\/index.php\/2025\/06\/05\/arranca-el-programa-siembra-productiva-en-huandacareo-apoyo-directo-al-campo-huandacarense\/","title":{"rendered":"Arranca el programa \u201cSiembra Productiva\u201d en Huandacareo: Apoyo directo al campo huandacarense"},"content":{"rendered":"<p style=\"text-align: justify;\">El presidente municipal de Huandacareo, Alexis Vel\u00e1zquez, encabez\u00f3 el arranque oficial del programa \u201cSiembra Productiva\u201d, una iniciativa impulsada por el gobierno municipal con el objetivo de fortalecer la producci\u00f3n agr\u00edcola local y brindar un respaldo a las y los productores del campo.<\/p>\n<p style=\"text-align: justify;\">Con este programa, las y los agricultores del municipio pudieron acceder a semillas de alta calidad a un precio significativamente bajo, gracias al subsidio directo proporcionado por el gobierno municipal. La oferta de semillas incluy\u00f3 variedades reconocidas por su rendimiento y calidad, como Pioneer, Asgrow, Iyadilpro, Geosem, Barriga, Mipal y Novasem.<\/p>\n<p style=\"text-align: justify;\">Durante el evento de arranque, el alcalde destac\u00f3 que este tipo de acciones son una muestra clara del compromiso de su administraci\u00f3n con el desarrollo rural y la seguridad alimentaria:<\/p>\n<p style=\"text-align: justify;\">\u201cEl campo huandacarense merece ser fortalecido con herramientas reales y efectivas. Hoy, con \u2018Siembra Productiva\u2019, damos un paso firme para que nuestras y nuestros productores tengan acceso a semillas de alto rendimiento sin que su econom\u00eda se vea afectada\u201d, se\u00f1al\u00f3 el edil.<\/p>\n<p style=\"text-align: justify;\">El programa \u201cSiembra Productiva\u201d beneficiar\u00e1 directamente a decenas de familias productoras de la regi\u00f3n, mejorando sus condiciones de siembra, y se espera que tenga un impacto positivo en la producci\u00f3n de granos b\u00e1sicos y otros cultivos clave para la econom\u00eda local.<\/p>\n<p><img loading=\"lazy\" decoding=\"async\" class=\"alignnone size-medium wp-image-69556\" src=\"https:\/\/mediagroup.mx\/wp-content\/uploads\/2025\/06\/WhatsApp-Image-2025-06-05-at-11.01.39-AM-300x198.jpeg\" alt=\"\" width=\"300\" height=\"198\" srcset=\"https:\/\/mediagroup.mx\/wp-content\/uploads\/2025\/06\/WhatsApp-Image-2025-06-05-at-11.01.39-AM-300x198.jpeg 300w, https:\/\/mediagroup.mx\/wp-content\/uploads\/2025\/06\/WhatsApp-Image-2025-06-05-at-11.01.39-AM-1024x677.jpeg 1024w, https:\/\/mediagroup.mx\/wp-content\/uploads\/2025\/06\/WhatsApp-Image-2025-06-05-at-11.01.39-AM-768x508.jpeg 768w, https:\/\/mediagroup.mx\/wp-content\/uploads\/2025\/06\/WhatsApp-Image-2025-06-05-at-11.01.39-AM-150x99.jpeg 150w, https:\/\/mediagroup.mx\/wp-content\/uploads\/2025\/06\/WhatsApp-Image-2025-06-05-at-11.01.39-AM-696x460.jpeg 696w, https:\/\/mediagroup.mx\/wp-content\/uploads\/2025\/06\/WhatsApp-Image-2025-06-05-at-11.01.39-AM-1068x706.jpeg 1068w, https:\/\/mediagroup.mx\/wp-content\/uploads\/2025\/06\/WhatsApp-Image-2025-06-05-at-11.01.39-AM.jpeg 1280w\" sizes=\"auto, (max-width: 300px) 100vw, 300px\" \/><\/p>\n","protected":false},"excerpt":{"rendered":"<p>El presidente municipal de Huandacareo, Alexis Vel\u00e1zquez, encabez\u00f3 el arranque oficial del programa \u201cSiembra Productiva\u201d, una iniciativa impulsada por el gobierno municipal con el objetivo de fortalecer la producci\u00f3n agr\u00edcola local y brindar un respaldo a las y los productores del campo. Con este programa, las y los agricultores del municipio pudieron acceder a semillas [&hellip;]<\/p>\n","protected":false},"author":2,"featured_media":69556,"comment_status":"closed","ping_status":"closed","sticky":false,"template":"","format":"standard","meta":{"om_disable_all_campaigns":false,"_monsterinsights_skip_tracking":false,"_monsterinsights_sitenote_active":false,"_monsterinsights_sitenote_note":"","_monsterinsights_sitenote_category":0,"_uf_show_specific_survey":0,"_uf_disable_surveys":false,"_jetpack_memberships_contains_paid_content":false,"footnotes":"","jetpack_publicize_message":"Arranca el programa \u201cSiembra Productiva\u201d en Huandacareo: Apoyo directo al campo huandacarense","jetpack_publicize_feature_enabled":true,"jetpack_social_post_already_shared":true,"jetpack_social_options":{"image_generator_settings":{"template":"highway","default_image_id":0,"enabled":false},"version":2}},"categories":[15],"tags":[],"class_list":{"0":"post-69555","1":"post","2":"type-post","3":"status-publish","4":"format-standard","5":"has-post-thumbnail","7":"category-michoacan"},"aioseo_notices":[],"jetpack_publicize_connections":[],"jetpack_featured_media_url":"https:\/\/mediagroup.mx\/wp-content\/uploads\/2025\/06\/WhatsApp-Image-2025-06-05-at-11.01.39-AM.jpeg","jetpack_sharing_enabled":true,"_links":{"self":[{"href":"https:\/\/mediagroup.mx\/index.php\/wp-json\/wp\/v2\/posts\/69555","targetHints":{"allow":["GET"]}}],"collection":[{"href":"https:\/\/mediagroup.mx\/index.php\/wp-json\/wp\/v2\/posts"}],"about":[{"href":"https:\/\/mediagroup.mx\/index.php\/wp-json\/wp\/v2\/types\/post"}],"author":[{"embeddable":true,"href":"https:\/\/mediagroup.mx\/index.php\/wp-json\/wp\/v2\/users\/2"}],"replies":[{"embeddable":true,"href":"https:\/\/mediagroup.mx\/index.php\/wp-json\/wp\/v2\/comments?post=69555"}],"version-history":[{"count":1,"href":"https:\/\/mediagroup.mx\/index.php\/wp-json\/wp\/v2\/posts\/69555\/revisions"}],"predecessor-version":[{"id":69557,"href":"https:\/\/mediagroup.mx\/index.php\/wp-json\/wp\/v2\/posts\/69555\/revisions\/69557"}],"wp:featuredmedia":[{"embeddable":true,"href":"https:\/\/mediagroup.mx\/index.php\/wp-json\/wp\/v2\/media\/69556"}],"wp:attachment":[{"href":"https:\/\/mediagroup.mx\/index.php\/wp-json\/wp\/v2\/media?parent=69555"}],"wp:term":[{"taxonomy":"category","embeddable":true,"href":"https:\/\/mediagroup.mx\/index.php\/wp-json\/wp\/v2\/categories?post=69555"},{"taxonomy":"post_tag","embeddable":true,"href":"https:\/\/mediagroup.mx\/index.php\/wp-json\/wp\/v2\/tags?post=69555"}],"curies":[{"name":"wp","href":"https:\/\/api.w.org\/{rel}","templated":true}]}}