{"id":69561,"date":"2025-06-05T12:33:45","date_gmt":"2025-06-05T18:33:45","guid":{"rendered":"https:\/\/mediagroup.mx\/?p=69561"},"modified":"2025-06-05T12:33:45","modified_gmt":"2025-06-05T18:33:45","slug":"computo-final-del-ine-hugo-aguilar-ortiz-sera-el-nuevo-ministro-presidente-de-la-suprema-corte","status":"publish","type":"post","link":"https:\/\/mediagroup.mx\/index.php\/2025\/06\/05\/computo-final-del-ine-hugo-aguilar-ortiz-sera-el-nuevo-ministro-presidente-de-la-suprema-corte\/","title":{"rendered":"C\u00f3mputo final del INE: Hugo Aguilar Ortiz ser\u00e1 el nuevo ministro presidente de la Suprema Corte"},"content":{"rendered":"<p style=\"text-align: justify;\"><b>Hugo Aguilar<\/b>, un abogado ind\u00edgena, ser\u00e1 el nuevo presidente de la Suprema Corte de Justicia de la Naci\u00f3n (<b>SCJN<\/b>), seg\u00fan el\u00a0<a href=\"https:\/\/www.eleconomista.com.mx\/politica\/ine-habilita-prep-conocer-resultados-eleccion-judicial-20250601-761687.html\">conteo oficial<\/a>\u00a0de votos que concluy\u00f3 este jueves.<\/p>\n<p style=\"text-align: justify;\">El cambio en este puesto clave, reservado durante mucho tiempo para juristas de \u00e9lite, tiene lugar tras unas elecciones sin precedentes el domingo, en las que\u00a0<b>M\u00e9xico se convirti\u00f3 en el primer pa\u00eds del mundo en elegir a todos los jueces<\/b> por votaci\u00f3n popular.<\/p>\n<p style=\"text-align: justify;\">La p\u00e1gina del\u00a0<b>Instituto Nacional Electoral\u00a0<\/b>(INE) detalla que Aguilar, con 5.3% de los sufragios, es el candidato m\u00e1s votado entre los aspirantes a ministros de la SCJ\u00a0<a href=\"https:\/\/www.eleconomista.com.mx\/politica\/ine-confirma-presidencia-scjn-sera-paridad-genero-sera-mayoria-votos-20250603-761996.html\">y por ley debe encabezar el m\u00e1ximo tribunal<\/a>\u00a0de nueve miembros, que integrar\u00e1n 4 hombres y 5 mujeres.<\/p>\n<p style=\"text-align: justify;\">A este\u00a0<b>ind\u00edgena mixteco<\/b>, nacido en 1973 en el estado de Oaxaca, se le considera af\u00edn al gobierno que encabeza la presidenta\u00a0<b>Claudia Sheinbaum<\/b>, aunque sin militancia pol\u00edtica, y tiene una carrera en el terreno de la defensa de los derechos de los pueblos originarios.<\/p>\n<p style=\"text-align: justify;\">El nuevo magistrado sostiene que existe \u00abuna deuda importante\u00bb con los pueblos originarios. Aguilar sigue los pasos de su m\u00e1s c\u00e9lebre coterr\u00e1neo,\u00a0<b>Benito Ju\u00e1rez<\/b>, considerado padre del M\u00e9xico moderno. Tambi\u00e9n ind\u00edgena, Ju\u00e1rez lider\u00f3 la m\u00e1xima corte (1857-1858) antes de convertirse en presidente de M\u00e9xico (1858-1872).<\/p>\n<p style=\"text-align: justify;\">En la votaci\u00f3n del domingo\u00a0<a href=\"https:\/\/www.eleconomista.com.mx\/politica\/computo-final-ine-hugo-aguilar-ortiz-sera-nuevo-ministro-presidente-suprema-corte-20250605-762369.html\">particip\u00f3 el 13% de los cerca de 100 millones de electores<\/a>, seg\u00fan el conteo oficial.<\/p>\n<p style=\"text-align: justify;\">Los nueve candidatos a ministros de la corte elegidos fueron designados por los poderes Ejecutivo y Legislativo, ambos controlados por el oficialismo.<\/p>\n<p style=\"text-align: justify;\">El mi\u00e9rcoles, cuando la ventaja de Aguilar se hac\u00eda m\u00e1s clara, la presidenta se congratul\u00f3 de su triunfo.<\/p>\n<p style=\"text-align: justify;\">\u00abMe da mucho gusto que el pr\u00f3ximo presidente de la Suprema Corte sea un ind\u00edgena mixteco de Oaxaca, muy buen abogado, tengo el privilegio de conocerlo\u00bb, dijo Sheinbaum en su conferencia de prensa la\u00a0<b>\u00abMa\u00f1anera del Pueblo\u00bb<\/b>.<\/p>\n<p><img loading=\"lazy\" decoding=\"async\" class=\"alignnone size-full wp-image-69562\" src=\"https:\/\/mediagroup.mx\/wp-content\/uploads\/2025\/06\/images.jpeg\" alt=\"\" width=\"262\" height=\"193\" srcset=\"https:\/\/mediagroup.mx\/wp-content\/uploads\/2025\/06\/images.jpeg 262w, https:\/\/mediagroup.mx\/wp-content\/uploads\/2025\/06\/images-150x110.jpeg 150w\" sizes=\"auto, (max-width: 262px) 100vw, 262px\" \/><\/p>\n<p>V\u00eda: El Economista<\/p>\n","protected":false},"excerpt":{"rendered":"<p>Hugo Aguilar, un abogado ind\u00edgena, ser\u00e1 el nuevo presidente de la Suprema Corte de Justicia de la Naci\u00f3n (SCJN), seg\u00fan el\u00a0conteo oficial\u00a0de votos que concluy\u00f3 este jueves. El cambio en este puesto clave, reservado durante mucho tiempo para juristas de \u00e9lite, tiene lugar tras unas elecciones sin precedentes el domingo, en las que\u00a0M\u00e9xico se convirti\u00f3 [&hellip;]<\/p>\n","protected":false},"author":2,"featured_media":69562,"comment_status":"closed","ping_status":"closed","sticky":false,"template":"","format":"standard","meta":{"om_disable_all_campaigns":false,"_monsterinsights_skip_tracking":false,"_monsterinsights_sitenote_active":false,"_monsterinsights_sitenote_note":"","_monsterinsights_sitenote_category":0,"_uf_show_specific_survey":0,"_uf_disable_surveys":false,"_jetpack_memberships_contains_paid_content":false,"footnotes":"","jetpack_publicize_message":"C\u00f3mputo final del INE: Hugo Aguilar Ortiz ser\u00e1 el nuevo ministro presidente de la Suprema Corte","jetpack_publicize_feature_enabled":true,"jetpack_social_post_already_shared":true,"jetpack_social_options":{"image_generator_settings":{"template":"highway","default_image_id":0,"enabled":false},"version":2}},"categories":[23],"tags":[],"class_list":{"0":"post-69561","1":"post","2":"type-post","3":"status-publish","4":"format-standard","5":"has-post-thumbnail","7":"category-nacional"},"aioseo_notices":[],"jetpack_publicize_connections":[],"jetpack_featured_media_url":"https:\/\/mediagroup.mx\/wp-content\/uploads\/2025\/06\/images.jpeg","jetpack_sharing_enabled":true,"_links":{"self":[{"href":"https:\/\/mediagroup.mx\/index.php\/wp-json\/wp\/v2\/posts\/69561","targetHints":{"allow":["GET"]}}],"collection":[{"href":"https:\/\/mediagroup.mx\/index.php\/wp-json\/wp\/v2\/posts"}],"about":[{"href":"https:\/\/mediagroup.mx\/index.php\/wp-json\/wp\/v2\/types\/post"}],"author":[{"embeddable":true,"href":"https:\/\/mediagroup.mx\/index.php\/wp-json\/wp\/v2\/users\/2"}],"replies":[{"embeddable":true,"href":"https:\/\/mediagroup.mx\/index.php\/wp-json\/wp\/v2\/comments?post=69561"}],"version-history":[{"count":2,"href":"https:\/\/mediagroup.mx\/index.php\/wp-json\/wp\/v2\/posts\/69561\/revisions"}],"predecessor-version":[{"id":69564,"href":"https:\/\/mediagroup.mx\/index.php\/wp-json\/wp\/v2\/posts\/69561\/revisions\/69564"}],"wp:featuredmedia":[{"embeddable":true,"href":"https:\/\/mediagroup.mx\/index.php\/wp-json\/wp\/v2\/media\/69562"}],"wp:attachment":[{"href":"https:\/\/mediagroup.mx\/index.php\/wp-json\/wp\/v2\/media?parent=69561"}],"wp:term":[{"taxonomy":"category","embeddable":true,"href":"https:\/\/mediagroup.mx\/index.php\/wp-json\/wp\/v2\/categories?post=69561"},{"taxonomy":"post_tag","embeddable":true,"href":"https:\/\/mediagroup.mx\/index.php\/wp-json\/wp\/v2\/tags?post=69561"}],"curies":[{"name":"wp","href":"https:\/\/api.w.org\/{rel}","templated":true}]}}