{"id":69568,"date":"2025-06-05T12:41:39","date_gmt":"2025-06-05T18:41:39","guid":{"rendered":"https:\/\/mediagroup.mx\/?p=69568"},"modified":"2025-06-05T12:41:39","modified_gmt":"2025-06-05T18:41:39","slug":"el-padre-de-isaac-del-toro-envia-mensaje-a-autoridades-del-deporte-jamas-recibio-ayuda-economica","status":"publish","type":"post","link":"https:\/\/mediagroup.mx\/index.php\/2025\/06\/05\/el-padre-de-isaac-del-toro-envia-mensaje-a-autoridades-del-deporte-jamas-recibio-ayuda-economica\/","title":{"rendered":"El padre de Isaac del Toro env\u00eda mensaje a autoridades del deporte: Jam\u00e1s recibi\u00f3 ayuda econ\u00f3mica"},"content":{"rendered":"<p style=\"text-align: justify;\"><strong>Jos\u00e9 del Toro<\/strong>, padre del ciclista mexicano Isaac del Toro que el fin de semana pasado hizo historia al consagrarse como subcampe\u00f3n del Giro de Italia, descart\u00f3 que el originario de Ensenada, Baja California, sea \u201c<strong>fruto<\/strong>\u201d de la Olimpiada Nacional o que alguna autoridad deportiva del deporte en el pa\u00eds haya colaborado para su\u00a0<strong>formaci\u00f3n<\/strong>.<\/p>\n<p style=\"text-align: justify;\">\u201c<strong>\u00c9l jam\u00e1s recibi\u00f3 una ayuda econ\u00f3mica, apoyo de oficinas del deporte, jam\u00e1s recibi\u00f3 ayuda\u00a0<\/strong>y es muy dif\u00edcil. Es lo \u00fanico que un deportista se va a topar en M\u00e9xico, es lo \u00fanico que lo va a detener a un deportista\u201d, dijo en entrevista con la cadena ESPN.<\/p>\n<p style=\"text-align: justify;\">\u201c<strong>Isaac tuvo que pasar hambre y muchas carencias,<\/strong>\u00a0pero tuvo una familia, tuvo amigos, tuvo a un AR Monex (equipo de ciclismo) que en su momento lo ayud\u00f3. Hay mucha gente detr\u00e1s, no solo yo como pap\u00e1, hay mucha gente atr\u00e1s que lo ayud\u00f3.<\/p>\n<p style=\"text-align: justify;\">\u201c<strong>Hubo un taller mec\u00e1nico que lo ayud\u00f3 toda su vida con su bicicleta,<\/strong>\u00a0le armaba su bicicleta en pedazos, TNT bicicletas que le ayud\u00f3 toda su vida. As\u00ed es como se maneja el ciclismo en M\u00e9xico y\u00a0<strong>entiendo que otros deportes tambi\u00e9n sin apoyo<\/strong>\u201d, agreg\u00f3 el padre del ciclista mexicano de 21 a\u00f1os.<\/p>\n<p style=\"text-align: justify;\">Jos\u00e9 del Toro comparti\u00f3 que se enter\u00f3 que el pasado domingo se organiz\u00f3 una rodada en Paseo de la Reforma como manera de\u00a0<strong>homenaje y reconocimiento\u00a0<\/strong>al destacado desempe\u00f1o de Isaac en el Giro de Italia, en donde lider\u00f3 durante 11 d\u00edas la competencia.<\/p>\n<p style=\"text-align: justify;\">Aprovech\u00f3 para<strong>\u00a0enviar un mensaje\u00a0<\/strong>respecto a que las autoridades del deporte en M\u00e9xico enfoquen su apoyo en distintas disciplinas en donde hay talento.<\/p>\n<p style=\"text-align: justify;\">\u201cMi compa\u00f1ero me ense\u00f1aba una foto del \u00c1ngel de la Independencia festej\u00e1ndolo y me da mucho gusto que se hayan reunido para festejarlo,\u00a0<strong>que se den cuenta de que no s\u00f3lo es futbol en M\u00e9xico, que tenemos m\u00e1s deportes y que somos buenos deportistas<\/strong>\u201d, puntualiz\u00f3 en la entrevista referida.<\/p>\n<div class=\"tags-cloud\">\n<div class=\"row\" style=\"text-align: justify;\">V\u00eda: Latinus<\/div>\n<div><\/div>\n<\/div>\n<div><img loading=\"lazy\" decoding=\"async\" class=\"alignnone size-medium wp-image-69575\" src=\"https:\/\/mediagroup.mx\/wp-content\/uploads\/2025\/06\/Captura-de-pantalla-2025-06-05-a-las-12.40.39-300x190.png\" alt=\"\" width=\"300\" height=\"190\" srcset=\"https:\/\/mediagroup.mx\/wp-content\/uploads\/2025\/06\/Captura-de-pantalla-2025-06-05-a-las-12.40.39-300x190.png 300w, https:\/\/mediagroup.mx\/wp-content\/uploads\/2025\/06\/Captura-de-pantalla-2025-06-05-a-las-12.40.39-150x95.png 150w, https:\/\/mediagroup.mx\/wp-content\/uploads\/2025\/06\/Captura-de-pantalla-2025-06-05-a-las-12.40.39-696x442.png 696w, https:\/\/mediagroup.mx\/wp-content\/uploads\/2025\/06\/Captura-de-pantalla-2025-06-05-a-las-12.40.39.png 701w\" sizes=\"auto, (max-width: 300px) 100vw, 300px\" \/><\/div>\n","protected":false},"excerpt":{"rendered":"<p>Jos\u00e9 del Toro, padre del ciclista mexicano Isaac del Toro que el fin de semana pasado hizo historia al consagrarse como subcampe\u00f3n del Giro de Italia, descart\u00f3 que el originario de Ensenada, Baja California, sea \u201cfruto\u201d de la Olimpiada Nacional o que alguna autoridad deportiva del deporte en el pa\u00eds haya colaborado para su\u00a0formaci\u00f3n. \u201c\u00c9l [&hellip;]<\/p>\n","protected":false},"author":2,"featured_media":69575,"comment_status":"closed","ping_status":"closed","sticky":false,"template":"","format":"standard","meta":{"om_disable_all_campaigns":false,"_monsterinsights_skip_tracking":false,"_monsterinsights_sitenote_active":false,"_monsterinsights_sitenote_note":"","_monsterinsights_sitenote_category":0,"_uf_show_specific_survey":0,"_uf_disable_surveys":false,"_jetpack_memberships_contains_paid_content":false,"footnotes":"","jetpack_publicize_message":"El padre de Isaac del Toro env\u00eda mensaje a autoridades del deporte: Jam\u00e1s recibi\u00f3 ayuda econ\u00f3mica","jetpack_publicize_feature_enabled":true,"jetpack_social_post_already_shared":true,"jetpack_social_options":{"image_generator_settings":{"template":"highway","default_image_id":0,"enabled":false},"version":2}},"categories":[19],"tags":[],"class_list":{"0":"post-69568","1":"post","2":"type-post","3":"status-publish","4":"format-standard","5":"has-post-thumbnail","7":"category-deportes"},"aioseo_notices":[],"jetpack_publicize_connections":[],"jetpack_featured_media_url":"https:\/\/mediagroup.mx\/wp-content\/uploads\/2025\/06\/Captura-de-pantalla-2025-06-05-a-las-12.40.39.png","jetpack_sharing_enabled":true,"_links":{"self":[{"href":"https:\/\/mediagroup.mx\/index.php\/wp-json\/wp\/v2\/posts\/69568","targetHints":{"allow":["GET"]}}],"collection":[{"href":"https:\/\/mediagroup.mx\/index.php\/wp-json\/wp\/v2\/posts"}],"about":[{"href":"https:\/\/mediagroup.mx\/index.php\/wp-json\/wp\/v2\/types\/post"}],"author":[{"embeddable":true,"href":"https:\/\/mediagroup.mx\/index.php\/wp-json\/wp\/v2\/users\/2"}],"replies":[{"embeddable":true,"href":"https:\/\/mediagroup.mx\/index.php\/wp-json\/wp\/v2\/comments?post=69568"}],"version-history":[{"count":1,"href":"https:\/\/mediagroup.mx\/index.php\/wp-json\/wp\/v2\/posts\/69568\/revisions"}],"predecessor-version":[{"id":69576,"href":"https:\/\/mediagroup.mx\/index.php\/wp-json\/wp\/v2\/posts\/69568\/revisions\/69576"}],"wp:featuredmedia":[{"embeddable":true,"href":"https:\/\/mediagroup.mx\/index.php\/wp-json\/wp\/v2\/media\/69575"}],"wp:attachment":[{"href":"https:\/\/mediagroup.mx\/index.php\/wp-json\/wp\/v2\/media?parent=69568"}],"wp:term":[{"taxonomy":"category","embeddable":true,"href":"https:\/\/mediagroup.mx\/index.php\/wp-json\/wp\/v2\/categories?post=69568"},{"taxonomy":"post_tag","embeddable":true,"href":"https:\/\/mediagroup.mx\/index.php\/wp-json\/wp\/v2\/tags?post=69568"}],"curies":[{"name":"wp","href":"https:\/\/api.w.org\/{rel}","templated":true}]}}