{"id":69635,"date":"2025-06-05T08:46:34","date_gmt":"2025-06-05T14:46:34","guid":{"rendered":"https:\/\/mediagroup.mx\/?p=69635"},"modified":"2025-06-06T08:48:13","modified_gmt":"2025-06-06T14:48:13","slug":"vehiculo-atropella-a-3-personas-en-villas-del-pedregal","status":"publish","type":"post","link":"https:\/\/mediagroup.mx\/index.php\/2025\/06\/05\/vehiculo-atropella-a-3-personas-en-villas-del-pedregal\/","title":{"rendered":"Veh\u00edculo atropella a 3 personas en Villas del Pedregal."},"content":{"rendered":"<p>RED 113 MICHOAC\u00c1N\/Redacci\u00f3n<\/p>\n<p>Morelia, Mich.- Jueves 05 de junio de 2025.- Dos adultos y un ni\u00f1o de 10 a\u00f1os de edad resultaron levemente lastimados tras ser impactados por un veh\u00edculo en el fraccionamiento Villas del Pedregal, ubicado al poniente de Morelia.<\/p>\n<p>Autoridades policiales y de rescate informaron que lo anterior se registr\u00f3 la noche de este jueves sobre la avenida Metales esquina con calle Cinco. Unos vecinos reportaron el percance al n\u00famero de emergencias 911.<\/p>\n<p>Despu\u00e9s arribaron patrulleros municipales y param\u00e9dicos locales, quienes atendieron a las personas lesionadas, mismas que afortunadamente no padecieron da\u00f1os graves y no requirieron traslado hospitalario.<\/p>\n<p>Los oficiales se encargaron del peritaje correspondiente para deslindar responsabilidades. Se recomienda a los conductores de veh\u00edculos manejar a velocidades moderadas y a los transe\u00fantes tener cuidado al momento de cruzar cualquier vialidad.<\/p>\n<p><img loading=\"lazy\" decoding=\"async\" class=\"alignnone size-medium wp-image-69636\" src=\"https:\/\/mediagroup.mx\/wp-content\/uploads\/2025\/06\/WhatsApp-Image-2025-06-05-at-9.17.45-PM-1-300x225.jpeg\" alt=\"\" width=\"300\" height=\"225\" srcset=\"https:\/\/mediagroup.mx\/wp-content\/uploads\/2025\/06\/WhatsApp-Image-2025-06-05-at-9.17.45-PM-1-300x225.jpeg 300w, https:\/\/mediagroup.mx\/wp-content\/uploads\/2025\/06\/WhatsApp-Image-2025-06-05-at-9.17.45-PM-1-1024x768.jpeg 1024w, https:\/\/mediagroup.mx\/wp-content\/uploads\/2025\/06\/WhatsApp-Image-2025-06-05-at-9.17.45-PM-1-768x576.jpeg 768w, https:\/\/mediagroup.mx\/wp-content\/uploads\/2025\/06\/WhatsApp-Image-2025-06-05-at-9.17.45-PM-1-1536x1152.jpeg 1536w, https:\/\/mediagroup.mx\/wp-content\/uploads\/2025\/06\/WhatsApp-Image-2025-06-05-at-9.17.45-PM-1-150x113.jpeg 150w, https:\/\/mediagroup.mx\/wp-content\/uploads\/2025\/06\/WhatsApp-Image-2025-06-05-at-9.17.45-PM-1-696x522.jpeg 696w, https:\/\/mediagroup.mx\/wp-content\/uploads\/2025\/06\/WhatsApp-Image-2025-06-05-at-9.17.45-PM-1-1068x801.jpeg 1068w, https:\/\/mediagroup.mx\/wp-content\/uploads\/2025\/06\/WhatsApp-Image-2025-06-05-at-9.17.45-PM-1.jpeg 1600w\" sizes=\"auto, (max-width: 300px) 100vw, 300px\" \/> <img loading=\"lazy\" decoding=\"async\" class=\"alignnone size-medium wp-image-69637\" src=\"https:\/\/mediagroup.mx\/wp-content\/uploads\/2025\/06\/WhatsApp-Image-2025-06-05-at-9.17.45-PM-300x225.jpeg\" alt=\"\" width=\"300\" height=\"225\" srcset=\"https:\/\/mediagroup.mx\/wp-content\/uploads\/2025\/06\/WhatsApp-Image-2025-06-05-at-9.17.45-PM-300x225.jpeg 300w, https:\/\/mediagroup.mx\/wp-content\/uploads\/2025\/06\/WhatsApp-Image-2025-06-05-at-9.17.45-PM-1024x768.jpeg 1024w, https:\/\/mediagroup.mx\/wp-content\/uploads\/2025\/06\/WhatsApp-Image-2025-06-05-at-9.17.45-PM-768x576.jpeg 768w, https:\/\/mediagroup.mx\/wp-content\/uploads\/2025\/06\/WhatsApp-Image-2025-06-05-at-9.17.45-PM-1536x1152.jpeg 1536w, https:\/\/mediagroup.mx\/wp-content\/uploads\/2025\/06\/WhatsApp-Image-2025-06-05-at-9.17.45-PM-150x113.jpeg 150w, https:\/\/mediagroup.mx\/wp-content\/uploads\/2025\/06\/WhatsApp-Image-2025-06-05-at-9.17.45-PM-696x522.jpeg 696w, https:\/\/mediagroup.mx\/wp-content\/uploads\/2025\/06\/WhatsApp-Image-2025-06-05-at-9.17.45-PM-1068x801.jpeg 1068w, https:\/\/mediagroup.mx\/wp-content\/uploads\/2025\/06\/WhatsApp-Image-2025-06-05-at-9.17.45-PM.jpeg 1600w\" sizes=\"auto, (max-width: 300px) 100vw, 300px\" \/> <img loading=\"lazy\" decoding=\"async\" class=\"alignnone size-medium wp-image-69638\" src=\"https:\/\/mediagroup.mx\/wp-content\/uploads\/2025\/06\/WhatsApp-Image-2025-06-05-at-9.17.44-PM-300x225.jpeg\" alt=\"\" width=\"300\" height=\"225\" srcset=\"https:\/\/mediagroup.mx\/wp-content\/uploads\/2025\/06\/WhatsApp-Image-2025-06-05-at-9.17.44-PM-300x225.jpeg 300w, https:\/\/mediagroup.mx\/wp-content\/uploads\/2025\/06\/WhatsApp-Image-2025-06-05-at-9.17.44-PM-1024x768.jpeg 1024w, https:\/\/mediagroup.mx\/wp-content\/uploads\/2025\/06\/WhatsApp-Image-2025-06-05-at-9.17.44-PM-768x576.jpeg 768w, https:\/\/mediagroup.mx\/wp-content\/uploads\/2025\/06\/WhatsApp-Image-2025-06-05-at-9.17.44-PM-1536x1152.jpeg 1536w, https:\/\/mediagroup.mx\/wp-content\/uploads\/2025\/06\/WhatsApp-Image-2025-06-05-at-9.17.44-PM-150x113.jpeg 150w, https:\/\/mediagroup.mx\/wp-content\/uploads\/2025\/06\/WhatsApp-Image-2025-06-05-at-9.17.44-PM-696x522.jpeg 696w, https:\/\/mediagroup.mx\/wp-content\/uploads\/2025\/06\/WhatsApp-Image-2025-06-05-at-9.17.44-PM-1068x801.jpeg 1068w, https:\/\/mediagroup.mx\/wp-content\/uploads\/2025\/06\/WhatsApp-Image-2025-06-05-at-9.17.44-PM.jpeg 1600w\" sizes=\"auto, (max-width: 300px) 100vw, 300px\" \/><\/p>\n","protected":false},"excerpt":{"rendered":"<p>RED 113 MICHOAC\u00c1N\/Redacci\u00f3n Morelia, Mich.- Jueves 05 de junio de 2025.- Dos adultos y un ni\u00f1o de 10 a\u00f1os de edad resultaron levemente lastimados tras ser impactados por un veh\u00edculo en el fraccionamiento Villas del Pedregal, ubicado al poniente de Morelia. Autoridades policiales y de rescate informaron que lo anterior se registr\u00f3 la noche de [&hellip;]<\/p>\n","protected":false},"author":2,"featured_media":69636,"comment_status":"closed","ping_status":"closed","sticky":false,"template":"","format":"standard","meta":{"om_disable_all_campaigns":false,"_monsterinsights_skip_tracking":false,"_monsterinsights_sitenote_active":false,"_monsterinsights_sitenote_note":"","_monsterinsights_sitenote_category":0,"_uf_show_specific_survey":0,"_uf_disable_surveys":false,"_jetpack_memberships_contains_paid_content":false,"footnotes":"","jetpack_publicize_message":"Veh\u00edculo atropella a 3 personas en Villas del Pedregal\r\n\r\n+ Los afectados son dos adultos y un ni\u00f1o de 10 a\u00f1os, quienes por fortuna no sufrieron heridas graves.","jetpack_publicize_feature_enabled":true,"jetpack_social_post_already_shared":true,"jetpack_social_options":{"image_generator_settings":{"template":"highway","default_image_id":0,"enabled":false},"version":2}},"categories":[28],"tags":[],"class_list":{"0":"post-69635","1":"post","2":"type-post","3":"status-publish","4":"format-standard","5":"has-post-thumbnail","7":"category-moreliaseguridad"},"aioseo_notices":[],"jetpack_publicize_connections":[],"jetpack_featured_media_url":"https:\/\/mediagroup.mx\/wp-content\/uploads\/2025\/06\/WhatsApp-Image-2025-06-05-at-9.17.45-PM-1.jpeg","jetpack_sharing_enabled":true,"_links":{"self":[{"href":"https:\/\/mediagroup.mx\/index.php\/wp-json\/wp\/v2\/posts\/69635","targetHints":{"allow":["GET"]}}],"collection":[{"href":"https:\/\/mediagroup.mx\/index.php\/wp-json\/wp\/v2\/posts"}],"about":[{"href":"https:\/\/mediagroup.mx\/index.php\/wp-json\/wp\/v2\/types\/post"}],"author":[{"embeddable":true,"href":"https:\/\/mediagroup.mx\/index.php\/wp-json\/wp\/v2\/users\/2"}],"replies":[{"embeddable":true,"href":"https:\/\/mediagroup.mx\/index.php\/wp-json\/wp\/v2\/comments?post=69635"}],"version-history":[{"count":1,"href":"https:\/\/mediagroup.mx\/index.php\/wp-json\/wp\/v2\/posts\/69635\/revisions"}],"predecessor-version":[{"id":69639,"href":"https:\/\/mediagroup.mx\/index.php\/wp-json\/wp\/v2\/posts\/69635\/revisions\/69639"}],"wp:featuredmedia":[{"embeddable":true,"href":"https:\/\/mediagroup.mx\/index.php\/wp-json\/wp\/v2\/media\/69636"}],"wp:attachment":[{"href":"https:\/\/mediagroup.mx\/index.php\/wp-json\/wp\/v2\/media?parent=69635"}],"wp:term":[{"taxonomy":"category","embeddable":true,"href":"https:\/\/mediagroup.mx\/index.php\/wp-json\/wp\/v2\/categories?post=69635"},{"taxonomy":"post_tag","embeddable":true,"href":"https:\/\/mediagroup.mx\/index.php\/wp-json\/wp\/v2\/tags?post=69635"}],"curies":[{"name":"wp","href":"https:\/\/api.w.org\/{rel}","templated":true}]}}