{"id":70147,"date":"2025-06-12T14:34:30","date_gmt":"2025-06-12T20:34:30","guid":{"rendered":"https:\/\/mediagroup.mx\/?p=70147"},"modified":"2025-06-12T14:34:30","modified_gmt":"2025-06-12T20:34:30","slug":"arranca-bedolla-reforestacion-2025-despliega-ejercito-verde-para-plantar-10-millones-de-arboles","status":"publish","type":"post","link":"https:\/\/mediagroup.mx\/index.php\/2025\/06\/12\/arranca-bedolla-reforestacion-2025-despliega-ejercito-verde-para-plantar-10-millones-de-arboles\/","title":{"rendered":"Arranca Bedolla reforestaci\u00f3n 2025; despliega ej\u00e9rcito verde para plantar 10 millones de \u00e1rboles"},"content":{"rendered":"<p>Uruapan, Michoac\u00e1n, 12 de junio de 2025.- Con la meta de plantar 10 millones de \u00e1rboles para reforestar 14 mil hect\u00e1reas en el estado, el gobernador Alfredo Ram\u00edrez Bedolla arranc\u00f3 en el municipio de Uruapan la campa\u00f1a 2025 \u201cSembremos el futuro\u201d, la cual estar\u00e1 acompa\u00f1ada este a\u00f1o con una innovadora t\u00e9cnica de sembrado desde el aire mediante el uso de drones y aviones.<\/p>\n<p>Desde el Parque Ecol\u00f3gico Valle Dorado, el mandatario inform\u00f3 que tan solo en la zona urbana de Uruapan se plantar\u00e1n 70 mil \u00e1rboles y anunci\u00f3 que se realizar\u00e1 una prueba piloto para dispersar, v\u00eda a\u00e9rea, millones semillas de pino en zonas de dif\u00edcil acceso afectadas por la deforestaci\u00f3n masiva, el cambio clim\u00e1tico y las plagas forestales.<\/p>\n<p>\u201cHay \u00e1rboles suficientes para reforestar, pero necesitamos el apoyo de todas y todos\u201d, expres\u00f3 Ram\u00edrez Bedolla, quien se\u00f1al\u00f3 la necesidad de implementar medidas innovadoras para contribuir al cuidado y conservaci\u00f3n de los bosques y de zonas prioritarias como las cuencas del r\u00edo Duero, de los lagos de P\u00e1tzcuaro y Cuitzeo, y del Sistema Cutzamala; as\u00ed como de la Bi\u00f3sfera de la Mariposa Monarca y comunidades ind\u00edgenas.<\/p>\n<p>Por su parte, y a prop\u00f3sito del D\u00eda Mundial del Medio Ambiente, el secretario de Medio Ambiente, Alejandro M\u00e9ndez L\u00f3pez, dio a conocer que Uruapan se convierte en el primer municipio del estado en implementar la recolecci\u00f3n diferenciada de residuos s\u00f3lidos para disminuir la contaminaci\u00f3n por pl\u00e1sticos.<\/p>\n<p>En este marco, el gobernador entreg\u00f3 el Premio al M\u00e9rito Ambiental 2025 a Patricia Alarc\u00f3n, Mateo Castillo y Jos\u00e9 Luis L\u00f3pez en la categor\u00eda de Defensores de los Derechos Humanos; a la asociaci\u00f3n Ecoenlace y a Marcial Reyes en Mejoramiento del Medio Ambiente; a Luis Bernardo L\u00f3pez en Patrimonio Biocultural; y a Vicente Estrada en Justicia Ambiental, por su contribuci\u00f3n al cuidado y preservaci\u00f3n del medio ambiente.<\/p>\n<p>Ram\u00edrez Bedolla firm\u00f3 tambi\u00e9n el Decreto como \u00c1rea de Restauraci\u00f3n de los Manantiales de Urand\u00e9n, con el prop\u00f3sito de preservar esta zona que contribuye a mantener vivo el lago de P\u00e1tzcuaro.<\/p>\n<p>Acompa\u00f1aron al mandatario el alcalde de Uruapan, Carlos Manzo; la directora de la Comisi\u00f3n Forestal de Michoac\u00e1n, Martha Rend\u00f3n; el titular de la oficina de representaci\u00f3n de la Semarnat en Michoac\u00e1n, Carlos Alberto Garc\u00eda Salgado; el presidente del Consejo Comunal de Urand\u00e9n, Abel Quirino; el jefe de tenencia de la comunidad de Urand\u00e9n, Juan Antonio Quirino; as\u00ed como legisladores federales y locales, autoridades estatales y municipales, estudiantes y habitantes de la regi\u00f3n.<\/p>\n<p><img loading=\"lazy\" decoding=\"async\" class=\"alignnone size-medium wp-image-70148\" src=\"https:\/\/mediagroup.mx\/wp-content\/uploads\/2025\/06\/2-300x186.jpg\" alt=\"\" width=\"300\" height=\"186\" srcset=\"https:\/\/mediagroup.mx\/wp-content\/uploads\/2025\/06\/2-300x186.jpg 300w, https:\/\/mediagroup.mx\/wp-content\/uploads\/2025\/06\/2-1024x634.jpg 1024w, https:\/\/mediagroup.mx\/wp-content\/uploads\/2025\/06\/2-768x475.jpg 768w, https:\/\/mediagroup.mx\/wp-content\/uploads\/2025\/06\/2-1536x950.jpg 1536w, https:\/\/mediagroup.mx\/wp-content\/uploads\/2025\/06\/2-150x93.jpg 150w, https:\/\/mediagroup.mx\/wp-content\/uploads\/2025\/06\/2-696x431.jpg 696w, https:\/\/mediagroup.mx\/wp-content\/uploads\/2025\/06\/2-1068x661.jpg 1068w, https:\/\/mediagroup.mx\/wp-content\/uploads\/2025\/06\/2.jpg 1600w\" sizes=\"auto, (max-width: 300px) 100vw, 300px\" \/> <img loading=\"lazy\" decoding=\"async\" class=\"alignnone size-medium wp-image-70149\" src=\"https:\/\/mediagroup.mx\/wp-content\/uploads\/2025\/06\/1-300x214.jpg\" alt=\"\" width=\"300\" height=\"214\" srcset=\"https:\/\/mediagroup.mx\/wp-content\/uploads\/2025\/06\/1-300x214.jpg 300w, https:\/\/mediagroup.mx\/wp-content\/uploads\/2025\/06\/1-1024x730.jpg 1024w, https:\/\/mediagroup.mx\/wp-content\/uploads\/2025\/06\/1-768x547.jpg 768w, https:\/\/mediagroup.mx\/wp-content\/uploads\/2025\/06\/1-1536x1094.jpg 1536w, https:\/\/mediagroup.mx\/wp-content\/uploads\/2025\/06\/1-150x107.jpg 150w, https:\/\/mediagroup.mx\/wp-content\/uploads\/2025\/06\/1-696x496.jpg 696w, https:\/\/mediagroup.mx\/wp-content\/uploads\/2025\/06\/1-1068x761.jpg 1068w, https:\/\/mediagroup.mx\/wp-content\/uploads\/2025\/06\/1-1920x1368.jpg 1920w, https:\/\/mediagroup.mx\/wp-content\/uploads\/2025\/06\/1.jpg 2048w\" sizes=\"auto, (max-width: 300px) 100vw, 300px\" \/><\/p>\n","protected":false},"excerpt":{"rendered":"<p>Uruapan, Michoac\u00e1n, 12 de junio de 2025.- Con la meta de plantar 10 millones de \u00e1rboles para reforestar 14 mil hect\u00e1reas en el estado, el gobernador Alfredo Ram\u00edrez Bedolla arranc\u00f3 en el municipio de Uruapan la campa\u00f1a 2025 \u201cSembremos el futuro\u201d, la cual estar\u00e1 acompa\u00f1ada este a\u00f1o con una innovadora t\u00e9cnica de sembrado desde el [&hellip;]<\/p>\n","protected":false},"author":2,"featured_media":70148,"comment_status":"closed","ping_status":"closed","sticky":false,"template":"","format":"standard","meta":{"om_disable_all_campaigns":false,"_monsterinsights_skip_tracking":false,"_monsterinsights_sitenote_active":false,"_monsterinsights_sitenote_note":"","_monsterinsights_sitenote_category":0,"_uf_show_specific_survey":0,"_uf_disable_surveys":false,"_jetpack_memberships_contains_paid_content":false,"footnotes":"","jetpack_publicize_message":"Arranca Bedolla reforestaci\u00f3n 2025; despliega ej\u00e9rcito verde para plantar 10 millones de \u00e1rboles\r\n\r\n\u2022 Implementa programa piloto para sembrar con drones semillas de pino en zonas inaccesibles","jetpack_publicize_feature_enabled":true,"jetpack_social_post_already_shared":true,"jetpack_social_options":{"image_generator_settings":{"template":"highway","default_image_id":0,"enabled":false},"version":2}},"categories":[15],"tags":[],"class_list":{"0":"post-70147","1":"post","2":"type-post","3":"status-publish","4":"format-standard","5":"has-post-thumbnail","7":"category-michoacan"},"aioseo_notices":[],"jetpack_publicize_connections":[],"jetpack_featured_media_url":"https:\/\/mediagroup.mx\/wp-content\/uploads\/2025\/06\/2.jpg","jetpack_sharing_enabled":true,"_links":{"self":[{"href":"https:\/\/mediagroup.mx\/index.php\/wp-json\/wp\/v2\/posts\/70147","targetHints":{"allow":["GET"]}}],"collection":[{"href":"https:\/\/mediagroup.mx\/index.php\/wp-json\/wp\/v2\/posts"}],"about":[{"href":"https:\/\/mediagroup.mx\/index.php\/wp-json\/wp\/v2\/types\/post"}],"author":[{"embeddable":true,"href":"https:\/\/mediagroup.mx\/index.php\/wp-json\/wp\/v2\/users\/2"}],"replies":[{"embeddable":true,"href":"https:\/\/mediagroup.mx\/index.php\/wp-json\/wp\/v2\/comments?post=70147"}],"version-history":[{"count":1,"href":"https:\/\/mediagroup.mx\/index.php\/wp-json\/wp\/v2\/posts\/70147\/revisions"}],"predecessor-version":[{"id":70150,"href":"https:\/\/mediagroup.mx\/index.php\/wp-json\/wp\/v2\/posts\/70147\/revisions\/70150"}],"wp:featuredmedia":[{"embeddable":true,"href":"https:\/\/mediagroup.mx\/index.php\/wp-json\/wp\/v2\/media\/70148"}],"wp:attachment":[{"href":"https:\/\/mediagroup.mx\/index.php\/wp-json\/wp\/v2\/media?parent=70147"}],"wp:term":[{"taxonomy":"category","embeddable":true,"href":"https:\/\/mediagroup.mx\/index.php\/wp-json\/wp\/v2\/categories?post=70147"},{"taxonomy":"post_tag","embeddable":true,"href":"https:\/\/mediagroup.mx\/index.php\/wp-json\/wp\/v2\/tags?post=70147"}],"curies":[{"name":"wp","href":"https:\/\/api.w.org\/{rel}","templated":true}]}}