{"id":70151,"date":"2025-06-12T14:39:27","date_gmt":"2025-06-12T20:39:27","guid":{"rendered":"https:\/\/mediagroup.mx\/?p=70151"},"modified":"2025-06-12T14:39:27","modified_gmt":"2025-06-12T20:39:27","slug":"conductor-resulta-herido-tras-volcadura-de-trailer-en-la-autopista-siglo-xxi","status":"publish","type":"post","link":"https:\/\/mediagroup.mx\/index.php\/2025\/06\/12\/conductor-resulta-herido-tras-volcadura-de-trailer-en-la-autopista-siglo-xxi\/","title":{"rendered":"Conductor resulta herido tras volcadura de tr\u00e1iler en la Autopista Siglo XXI"},"content":{"rendered":"<p>RED 113 MICHOAC\u00c1N\/Redacci\u00f3n<\/p>\n<p>Arteaga, Mich.- 12 de junio de 2025.- Un hombre result\u00f3 herido luego de que el tr\u00e1iler que conduc\u00eda se saliera del camino y cayera a un barranco, en un tramo de la Autopista Siglo XXI correspondiente a Las Ca\u00f1as, seg\u00fan la informaci\u00f3n recabada por este medio.<\/p>\n<p>Seg\u00fan los primeros reportes, el conductor del tractocami\u00f3n marca International, modelo Pro Star 2015 y color azul, refiri\u00f3 haber sufrido una falla mec\u00e1nica que provoc\u00f3 la p\u00e9rdida de control del veh\u00edculo, lo que termin\u00f3 en una volcadura.<\/p>\n<p>Equipos de emergencia acudieron al lugar y atendieron a Ubaldo S., quien se encontraba consciente aunque desorientado. Presentaba un traumatismo craneoencef\u00e1lico leve en la parte posterior derecha del cr\u00e1neo, as\u00ed como m\u00faltiples lesiones cortantes en el rostro.<\/p>\n<p>Tras estabilizar al lesionado \u00e9ste fue trasladado a la cl\u00ednica San Nicol\u00e1s en Nueva Italia para su evaluaci\u00f3n y tratamiento m\u00e9dico.<\/p>\n<p>La zona fue asegurada por el personal de Auxilio Vial y los elementos de la Guardia Nacional, quienes apoyaron en las labores de atenci\u00f3n y coordinaci\u00f3n del tr\u00e1fico, mientras se realizaban las maniobras de auxilio y retiro del veh\u00edculo siniestrado.<\/p>\n<p><img loading=\"lazy\" decoding=\"async\" class=\"alignnone size-medium wp-image-70152\" src=\"https:\/\/mediagroup.mx\/wp-content\/uploads\/2025\/06\/WhatsApp-Image-2025-06-12-at-1.15.20-PM-300x225.jpeg\" alt=\"\" width=\"300\" height=\"225\" srcset=\"https:\/\/mediagroup.mx\/wp-content\/uploads\/2025\/06\/WhatsApp-Image-2025-06-12-at-1.15.20-PM-300x225.jpeg 300w, https:\/\/mediagroup.mx\/wp-content\/uploads\/2025\/06\/WhatsApp-Image-2025-06-12-at-1.15.20-PM-1024x768.jpeg 1024w, https:\/\/mediagroup.mx\/wp-content\/uploads\/2025\/06\/WhatsApp-Image-2025-06-12-at-1.15.20-PM-768x576.jpeg 768w, https:\/\/mediagroup.mx\/wp-content\/uploads\/2025\/06\/WhatsApp-Image-2025-06-12-at-1.15.20-PM-1536x1152.jpeg 1536w, https:\/\/mediagroup.mx\/wp-content\/uploads\/2025\/06\/WhatsApp-Image-2025-06-12-at-1.15.20-PM-150x113.jpeg 150w, https:\/\/mediagroup.mx\/wp-content\/uploads\/2025\/06\/WhatsApp-Image-2025-06-12-at-1.15.20-PM-696x522.jpeg 696w, https:\/\/mediagroup.mx\/wp-content\/uploads\/2025\/06\/WhatsApp-Image-2025-06-12-at-1.15.20-PM-1068x801.jpeg 1068w, https:\/\/mediagroup.mx\/wp-content\/uploads\/2025\/06\/WhatsApp-Image-2025-06-12-at-1.15.20-PM.jpeg 1600w\" sizes=\"auto, (max-width: 300px) 100vw, 300px\" \/><\/p>\n","protected":false},"excerpt":{"rendered":"<p>RED 113 MICHOAC\u00c1N\/Redacci\u00f3n Arteaga, Mich.- 12 de junio de 2025.- Un hombre result\u00f3 herido luego de que el tr\u00e1iler que conduc\u00eda se saliera del camino y cayera a un barranco, en un tramo de la Autopista Siglo XXI correspondiente a Las Ca\u00f1as, seg\u00fan la informaci\u00f3n recabada por este medio. Seg\u00fan los primeros reportes, el conductor [&hellip;]<\/p>\n","protected":false},"author":2,"featured_media":70152,"comment_status":"closed","ping_status":"closed","sticky":false,"template":"","format":"standard","meta":{"om_disable_all_campaigns":false,"_monsterinsights_skip_tracking":false,"_monsterinsights_sitenote_active":false,"_monsterinsights_sitenote_note":"","_monsterinsights_sitenote_category":0,"_uf_show_specific_survey":0,"_uf_disable_surveys":false,"_jetpack_memberships_contains_paid_content":false,"footnotes":"","jetpack_publicize_message":"Conductor resulta herido tras volcadura de tr\u00e1iler en la Autopista Siglo XXI","jetpack_publicize_feature_enabled":true,"jetpack_social_post_already_shared":true,"jetpack_social_options":{"image_generator_settings":{"template":"highway","default_image_id":0,"enabled":false},"version":2}},"categories":[36],"tags":[],"class_list":{"0":"post-70151","1":"post","2":"type-post","3":"status-publish","4":"format-standard","5":"has-post-thumbnail","7":"category-michoacanseguridad"},"aioseo_notices":[],"jetpack_publicize_connections":[],"jetpack_featured_media_url":"https:\/\/mediagroup.mx\/wp-content\/uploads\/2025\/06\/WhatsApp-Image-2025-06-12-at-1.15.20-PM.jpeg","jetpack_sharing_enabled":true,"_links":{"self":[{"href":"https:\/\/mediagroup.mx\/index.php\/wp-json\/wp\/v2\/posts\/70151","targetHints":{"allow":["GET"]}}],"collection":[{"href":"https:\/\/mediagroup.mx\/index.php\/wp-json\/wp\/v2\/posts"}],"about":[{"href":"https:\/\/mediagroup.mx\/index.php\/wp-json\/wp\/v2\/types\/post"}],"author":[{"embeddable":true,"href":"https:\/\/mediagroup.mx\/index.php\/wp-json\/wp\/v2\/users\/2"}],"replies":[{"embeddable":true,"href":"https:\/\/mediagroup.mx\/index.php\/wp-json\/wp\/v2\/comments?post=70151"}],"version-history":[{"count":1,"href":"https:\/\/mediagroup.mx\/index.php\/wp-json\/wp\/v2\/posts\/70151\/revisions"}],"predecessor-version":[{"id":70153,"href":"https:\/\/mediagroup.mx\/index.php\/wp-json\/wp\/v2\/posts\/70151\/revisions\/70153"}],"wp:featuredmedia":[{"embeddable":true,"href":"https:\/\/mediagroup.mx\/index.php\/wp-json\/wp\/v2\/media\/70152"}],"wp:attachment":[{"href":"https:\/\/mediagroup.mx\/index.php\/wp-json\/wp\/v2\/media?parent=70151"}],"wp:term":[{"taxonomy":"category","embeddable":true,"href":"https:\/\/mediagroup.mx\/index.php\/wp-json\/wp\/v2\/categories?post=70151"},{"taxonomy":"post_tag","embeddable":true,"href":"https:\/\/mediagroup.mx\/index.php\/wp-json\/wp\/v2\/tags?post=70151"}],"curies":[{"name":"wp","href":"https:\/\/api.w.org\/{rel}","templated":true}]}}