{"id":70158,"date":"2025-06-12T15:04:44","date_gmt":"2025-06-12T21:04:44","guid":{"rendered":"https:\/\/mediagroup.mx\/?p=70158"},"modified":"2025-06-12T15:04:44","modified_gmt":"2025-06-12T21:04:44","slug":"investigan-homicidio-de-mujer-de-la-tercera-edad-en-su-domicilio-en-zamora","status":"publish","type":"post","link":"https:\/\/mediagroup.mx\/index.php\/2025\/06\/12\/investigan-homicidio-de-mujer-de-la-tercera-edad-en-su-domicilio-en-zamora\/","title":{"rendered":"Investigan homicidio de mujer de la tercera edad en su domicilio en Zamora"},"content":{"rendered":"<p>RED 113 MICHOAC\u00c1N\/Redacci\u00f3n<\/p>\n<p>Zamora, Mich.- 12 de junio de 2025.- Una mujer de 70 a\u00f1os de edad fue hallada sin vida dentro de su vivienda en el Fraccionamiento Villas del Magisterio en Zamora, tras recibir un impacto de bala en la cabeza. La Fiscal\u00eda General del Estado ya inici\u00f3 una investigaci\u00f3n para esclarecer este hecho violento.<\/p>\n<p>Al respecto, trascendi\u00f3 que se solicit\u00f3 apoyo de los servicios de emergencia a trav\u00e9s del 911, reportando a una persona inconsciente en un domicilio ubicado sobre la calle Historiadores.<\/p>\n<p>Ante ello, los elementos de la Polic\u00eda Municipal y el personal militar acudieron al sitio y confirmaron la presencia de una mujer herida por arma de fuego en el interior del inmueble, espec\u00edficamente en la zona del comedor. De inmediato se acordon\u00f3 el \u00e1rea para preservar la escena.<\/p>\n<p>Poco despu\u00e9s, unos param\u00e9dicos de Rescate llegaron al lugar y confirmaron que la v\u00edctima, identificada como Lucina R., ya no presentaba signos vitales. La mujer, presentaba una herida en el lado izquierdo de la cabeza, causada por un proyectil de arma de fuego.<\/p>\n<p>Peritos de la Fiscal\u00eda, en coordinaci\u00f3n con polic\u00edas investigadores, llevaron a cabo las primeras diligencias en el lugar, mientras que el cuerpo fue trasladado al Servicio M\u00e9dico Forense para la necropsia correspondiente. La carpeta de investigaci\u00f3n ya fue abierta y se indagan las circunstancias en las que ocurri\u00f3 acontecimiento para as\u00ed esclarecerlo.<\/p>\n<p><img loading=\"lazy\" decoding=\"async\" class=\"alignnone size-medium wp-image-70159\" src=\"https:\/\/mediagroup.mx\/wp-content\/uploads\/2025\/06\/WhatsApp-Image-2025-06-12-at-1.17.07-PM-300x169.jpeg\" alt=\"\" width=\"300\" height=\"169\" srcset=\"https:\/\/mediagroup.mx\/wp-content\/uploads\/2025\/06\/WhatsApp-Image-2025-06-12-at-1.17.07-PM-300x169.jpeg 300w, https:\/\/mediagroup.mx\/wp-content\/uploads\/2025\/06\/WhatsApp-Image-2025-06-12-at-1.17.07-PM-1024x576.jpeg 1024w, https:\/\/mediagroup.mx\/wp-content\/uploads\/2025\/06\/WhatsApp-Image-2025-06-12-at-1.17.07-PM-768x432.jpeg 768w, https:\/\/mediagroup.mx\/wp-content\/uploads\/2025\/06\/WhatsApp-Image-2025-06-12-at-1.17.07-PM-1536x864.jpeg 1536w, https:\/\/mediagroup.mx\/wp-content\/uploads\/2025\/06\/WhatsApp-Image-2025-06-12-at-1.17.07-PM-2048x1152.jpeg 2048w, https:\/\/mediagroup.mx\/wp-content\/uploads\/2025\/06\/WhatsApp-Image-2025-06-12-at-1.17.07-PM-150x84.jpeg 150w, https:\/\/mediagroup.mx\/wp-content\/uploads\/2025\/06\/WhatsApp-Image-2025-06-12-at-1.17.07-PM-696x392.jpeg 696w, https:\/\/mediagroup.mx\/wp-content\/uploads\/2025\/06\/WhatsApp-Image-2025-06-12-at-1.17.07-PM-1068x601.jpeg 1068w, https:\/\/mediagroup.mx\/wp-content\/uploads\/2025\/06\/WhatsApp-Image-2025-06-12-at-1.17.07-PM-1920x1080.jpeg 1920w\" sizes=\"auto, (max-width: 300px) 100vw, 300px\" \/><\/p>\n","protected":false},"excerpt":{"rendered":"<p>RED 113 MICHOAC\u00c1N\/Redacci\u00f3n Zamora, Mich.- 12 de junio de 2025.- Una mujer de 70 a\u00f1os de edad fue hallada sin vida dentro de su vivienda en el Fraccionamiento Villas del Magisterio en Zamora, tras recibir un impacto de bala en la cabeza. La Fiscal\u00eda General del Estado ya inici\u00f3 una investigaci\u00f3n para esclarecer este hecho [&hellip;]<\/p>\n","protected":false},"author":2,"featured_media":70159,"comment_status":"closed","ping_status":"closed","sticky":false,"template":"","format":"standard","meta":{"om_disable_all_campaigns":false,"_monsterinsights_skip_tracking":false,"_monsterinsights_sitenote_active":false,"_monsterinsights_sitenote_note":"","_monsterinsights_sitenote_category":0,"_uf_show_specific_survey":0,"_uf_disable_surveys":false,"_jetpack_memberships_contains_paid_content":false,"footnotes":"","jetpack_publicize_message":"Investigan homicidio de mujer de la tercera edad en su domicilio en Zamora","jetpack_publicize_feature_enabled":true,"jetpack_social_post_already_shared":true,"jetpack_social_options":{"image_generator_settings":{"template":"highway","default_image_id":0,"enabled":false},"version":2}},"categories":[36],"tags":[],"class_list":{"0":"post-70158","1":"post","2":"type-post","3":"status-publish","4":"format-standard","5":"has-post-thumbnail","7":"category-michoacanseguridad"},"aioseo_notices":[],"jetpack_publicize_connections":[],"jetpack_featured_media_url":"https:\/\/mediagroup.mx\/wp-content\/uploads\/2025\/06\/WhatsApp-Image-2025-06-12-at-1.17.07-PM-scaled.jpeg","jetpack_sharing_enabled":true,"_links":{"self":[{"href":"https:\/\/mediagroup.mx\/index.php\/wp-json\/wp\/v2\/posts\/70158","targetHints":{"allow":["GET"]}}],"collection":[{"href":"https:\/\/mediagroup.mx\/index.php\/wp-json\/wp\/v2\/posts"}],"about":[{"href":"https:\/\/mediagroup.mx\/index.php\/wp-json\/wp\/v2\/types\/post"}],"author":[{"embeddable":true,"href":"https:\/\/mediagroup.mx\/index.php\/wp-json\/wp\/v2\/users\/2"}],"replies":[{"embeddable":true,"href":"https:\/\/mediagroup.mx\/index.php\/wp-json\/wp\/v2\/comments?post=70158"}],"version-history":[{"count":1,"href":"https:\/\/mediagroup.mx\/index.php\/wp-json\/wp\/v2\/posts\/70158\/revisions"}],"predecessor-version":[{"id":70160,"href":"https:\/\/mediagroup.mx\/index.php\/wp-json\/wp\/v2\/posts\/70158\/revisions\/70160"}],"wp:featuredmedia":[{"embeddable":true,"href":"https:\/\/mediagroup.mx\/index.php\/wp-json\/wp\/v2\/media\/70159"}],"wp:attachment":[{"href":"https:\/\/mediagroup.mx\/index.php\/wp-json\/wp\/v2\/media?parent=70158"}],"wp:term":[{"taxonomy":"category","embeddable":true,"href":"https:\/\/mediagroup.mx\/index.php\/wp-json\/wp\/v2\/categories?post=70158"},{"taxonomy":"post_tag","embeddable":true,"href":"https:\/\/mediagroup.mx\/index.php\/wp-json\/wp\/v2\/tags?post=70158"}],"curies":[{"name":"wp","href":"https:\/\/api.w.org\/{rel}","templated":true}]}}