{"id":70161,"date":"2025-06-12T18:11:21","date_gmt":"2025-06-13T00:11:21","guid":{"rendered":"https:\/\/mediagroup.mx\/?p=70161"},"modified":"2025-06-12T18:11:21","modified_gmt":"2025-06-13T00:11:21","slug":"landau-ordena-cancelacion-de-visa-a-morenista-por-publicacion-en-x","status":"publish","type":"post","link":"https:\/\/mediagroup.mx\/index.php\/2025\/06\/12\/landau-ordena-cancelacion-de-visa-a-morenista-por-publicacion-en-x\/","title":{"rendered":"Landau ordena cancelaci\u00f3n de visa a morenista por publicaci\u00f3n en X"},"content":{"rendered":"<p class=\"nota-justify\" style=\"text-align: justify;\">El subsecretario de Estado de Estados Unidos, Christopher Landau, anunci\u00f3 este jueves a trav\u00e9s de su cuenta oficial de X, @DeputySecState, que orden\u00f3 personalmente la cancelaci\u00f3n de la visa estadounidense a una usuaria -quien dice ser\u00a0Consejera estatal de Morena en Jalisco-\u00a0que public\u00f3 un mensaje ofensivo contra las autoridades migratorias de su pa\u00eds y comparti\u00f3 una imagen pol\u00e9mica.<\/p>\n<p class=\"nota-justify\" style=\"text-align: justify;\">La publicaci\u00f3n en cuesti\u00f3n inclu\u00eda una fotograf\u00eda de un hombre con una bandera mexicana frente a un veh\u00edculo incendiado con la inscripci\u00f3n \u00abFuck ICE\u00bb, aparentemente capturada durante las recientes protestas contra las redadas del Servicio de Inmigraci\u00f3n y Control de Aduanas (ICE) en Los \u00c1ngeles, California.<\/p>\n<p class=\"nota-justify\" style=\"text-align: justify;\">Landau, quien anteriormente fue embajador de EU en M\u00e9xico, respondi\u00f3 directamente a la usuaria identificada como @melishcs. El mensaje original de @melishcs, cuyo perfil la identifica como \u00abFlamenca. Psic\u00f3loga. Columnista. Consejera estatal de Morena en Jalisco\u00bb, dec\u00eda: \u00ab\u2018Van a quitar las visas a quienes compart\u2026\u2019 Viva la raza y m\u00e9tanse mi visa por el culo\u00bb.<\/p>\n<p class=\"nota-justify\" style=\"text-align: justify;\">En su r\u00e9plica, Landau fue contundente: \u00abYo ah\u00ed no puedo meter tu visa, pero s\u00ed te puedo informar que personalmente di orden de cancelarla despu\u00e9s de ver este vulgar posteo. Y no te ha de sorprender lo que me contestaron: que ni siquiera tienes visa v\u00e1lida para cancelar. Que f\u00e1cil hablar de tu desprecio hacia \u201cmi visa\u201d en redes sociales cuando no la tienes. Los que glorifican la violencia y el desaf\u00edo a las leg\u00edtimas autoridades y al orden p\u00fablico (\u201cFU** ICE\u201d) de ninguna manera son bienvenidos en nuestro pa\u00eds. Atentamente, Christopher Landau Vicecanciller de los Estados Unidos de Am\u00e9rica\u201d.<\/p>\n<p class=\"nota-justify\" style=\"text-align: justify;\">El anuncio de Landau se produce horas despu\u00e9s de su visita a M\u00e9xico, donde el mi\u00e9rcoles se reuni\u00f3 en Palacio Nacional con la presidenta Claudia Sheinbaum Pardo. El subsecretario de Estado se encuentra realizando una gira por Am\u00e9rica Latina y hoy arrib\u00f3 a El Salvador.<\/p>\n<p><img loading=\"lazy\" decoding=\"async\" class=\"alignnone size-medium wp-image-70163\" src=\"https:\/\/mediagroup.mx\/wp-content\/uploads\/2025\/06\/Captura-de-pantalla-2025-06-12-a-las-18.10.38-247x300.png\" alt=\"\" width=\"247\" height=\"300\" srcset=\"https:\/\/mediagroup.mx\/wp-content\/uploads\/2025\/06\/Captura-de-pantalla-2025-06-12-a-las-18.10.38-247x300.png 247w, https:\/\/mediagroup.mx\/wp-content\/uploads\/2025\/06\/Captura-de-pantalla-2025-06-12-a-las-18.10.38-150x182.png 150w, https:\/\/mediagroup.mx\/wp-content\/uploads\/2025\/06\/Captura-de-pantalla-2025-06-12-a-las-18.10.38-300x364.png 300w, https:\/\/mediagroup.mx\/wp-content\/uploads\/2025\/06\/Captura-de-pantalla-2025-06-12-a-las-18.10.38.png 313w\" sizes=\"auto, (max-width: 247px) 100vw, 247px\" \/><\/p>\n<p>V\u00eda: La Jornada<\/p>\n","protected":false},"excerpt":{"rendered":"<p>El subsecretario de Estado de Estados Unidos, Christopher Landau, anunci\u00f3 este jueves a trav\u00e9s de su cuenta oficial de X, @DeputySecState, que orden\u00f3 personalmente la cancelaci\u00f3n de la visa estadounidense a una usuaria -quien dice ser\u00a0Consejera estatal de Morena en Jalisco-\u00a0que public\u00f3 un mensaje ofensivo contra las autoridades migratorias de su pa\u00eds y comparti\u00f3 una [&hellip;]<\/p>\n","protected":false},"author":2,"featured_media":70163,"comment_status":"closed","ping_status":"closed","sticky":false,"template":"","format":"standard","meta":{"om_disable_all_campaigns":false,"_monsterinsights_skip_tracking":false,"_monsterinsights_sitenote_active":false,"_monsterinsights_sitenote_note":"","_monsterinsights_sitenote_category":0,"_uf_show_specific_survey":0,"_uf_disable_surveys":false,"_jetpack_memberships_contains_paid_content":false,"footnotes":"","jetpack_publicize_message":"Landau ordena cancelaci\u00f3n de visa a morenista por publicaci\u00f3n en X","jetpack_publicize_feature_enabled":true,"jetpack_social_post_already_shared":true,"jetpack_social_options":{"image_generator_settings":{"template":"highway","default_image_id":0,"enabled":false},"version":2}},"categories":[16],"tags":[],"class_list":{"0":"post-70161","1":"post","2":"type-post","3":"status-publish","4":"format-standard","5":"has-post-thumbnail","7":"category-viral"},"aioseo_notices":[],"jetpack_publicize_connections":[],"jetpack_featured_media_url":"https:\/\/mediagroup.mx\/wp-content\/uploads\/2025\/06\/Captura-de-pantalla-2025-06-12-a-las-18.10.38.png","jetpack_sharing_enabled":true,"_links":{"self":[{"href":"https:\/\/mediagroup.mx\/index.php\/wp-json\/wp\/v2\/posts\/70161","targetHints":{"allow":["GET"]}}],"collection":[{"href":"https:\/\/mediagroup.mx\/index.php\/wp-json\/wp\/v2\/posts"}],"about":[{"href":"https:\/\/mediagroup.mx\/index.php\/wp-json\/wp\/v2\/types\/post"}],"author":[{"embeddable":true,"href":"https:\/\/mediagroup.mx\/index.php\/wp-json\/wp\/v2\/users\/2"}],"replies":[{"embeddable":true,"href":"https:\/\/mediagroup.mx\/index.php\/wp-json\/wp\/v2\/comments?post=70161"}],"version-history":[{"count":1,"href":"https:\/\/mediagroup.mx\/index.php\/wp-json\/wp\/v2\/posts\/70161\/revisions"}],"predecessor-version":[{"id":70164,"href":"https:\/\/mediagroup.mx\/index.php\/wp-json\/wp\/v2\/posts\/70161\/revisions\/70164"}],"wp:featuredmedia":[{"embeddable":true,"href":"https:\/\/mediagroup.mx\/index.php\/wp-json\/wp\/v2\/media\/70163"}],"wp:attachment":[{"href":"https:\/\/mediagroup.mx\/index.php\/wp-json\/wp\/v2\/media?parent=70161"}],"wp:term":[{"taxonomy":"category","embeddable":true,"href":"https:\/\/mediagroup.mx\/index.php\/wp-json\/wp\/v2\/categories?post=70161"},{"taxonomy":"post_tag","embeddable":true,"href":"https:\/\/mediagroup.mx\/index.php\/wp-json\/wp\/v2\/tags?post=70161"}],"curies":[{"name":"wp","href":"https:\/\/api.w.org\/{rel}","templated":true}]}}