{"id":70169,"date":"2025-06-13T12:51:59","date_gmt":"2025-06-13T18:51:59","guid":{"rendered":"https:\/\/mediagroup.mx\/?p=70169"},"modified":"2025-06-13T12:51:59","modified_gmt":"2025-06-13T18:51:59","slug":"auto-y-camioneta-chocan-en-el-camino-la-aldea-mision-del-valle-al-oriente-de-morelia","status":"publish","type":"post","link":"https:\/\/mediagroup.mx\/index.php\/2025\/06\/13\/auto-y-camioneta-chocan-en-el-camino-la-aldea-mision-del-valle-al-oriente-de-morelia\/","title":{"rendered":"Auto y camioneta chocan en el camino La Aldea-Misi\u00f3n del Valle, al oriente de Morelia"},"content":{"rendered":"<p>RED 113 MICHOAC\u00c1N\/Redacci\u00f3n<\/p>\n<p>Morelia, Mich.- Viernes 13 de junio de 2025.- Una camioneta y un autom\u00f3vil participaron en un aparatoso choque en la zona Oriente de la capital michoacana, percance que \u00fanicamente dej\u00f3 da\u00f1os materiales.<\/p>\n<p>Autoridades policiales informaron que el incidente ocurri\u00f3 durante la ma\u00f1ana de este viernes en el camino La Aldea-Misi\u00f3n del Valle. Unos vecinos del lugar vieron los veh\u00edculos siniestrados y avisaron a las instancias competentes.<\/p>\n<p>Posteriormente arribaron unos patrulleros de Tr\u00e1nsito, mismos que realizaron el peritaje correspondiente para deslindar responsabilidades y con apoyo de una gr\u00faa retiraron las unidades perjudicadas.<\/p>\n<p><img loading=\"lazy\" decoding=\"async\" class=\"alignnone size-medium wp-image-70170\" src=\"https:\/\/mediagroup.mx\/wp-content\/uploads\/2025\/06\/WhatsApp-Image-2025-06-13-at-10.22.55-AM-300x180.jpeg\" alt=\"\" width=\"300\" height=\"180\" srcset=\"https:\/\/mediagroup.mx\/wp-content\/uploads\/2025\/06\/WhatsApp-Image-2025-06-13-at-10.22.55-AM-300x180.jpeg 300w, https:\/\/mediagroup.mx\/wp-content\/uploads\/2025\/06\/WhatsApp-Image-2025-06-13-at-10.22.55-AM-150x90.jpeg 150w, https:\/\/mediagroup.mx\/wp-content\/uploads\/2025\/06\/WhatsApp-Image-2025-06-13-at-10.22.55-AM-696x416.jpeg 696w, https:\/\/mediagroup.mx\/wp-content\/uploads\/2025\/06\/WhatsApp-Image-2025-06-13-at-10.22.55-AM.jpeg 742w\" sizes=\"auto, (max-width: 300px) 100vw, 300px\" \/><\/p>\n","protected":false},"excerpt":{"rendered":"<p>RED 113 MICHOAC\u00c1N\/Redacci\u00f3n Morelia, Mich.- Viernes 13 de junio de 2025.- Una camioneta y un autom\u00f3vil participaron en un aparatoso choque en la zona Oriente de la capital michoacana, percance que \u00fanicamente dej\u00f3 da\u00f1os materiales. Autoridades policiales informaron que el incidente ocurri\u00f3 durante la ma\u00f1ana de este viernes en el camino La Aldea-Misi\u00f3n del Valle. [&hellip;]<\/p>\n","protected":false},"author":2,"featured_media":70170,"comment_status":"closed","ping_status":"closed","sticky":false,"template":"","format":"standard","meta":{"om_disable_all_campaigns":false,"_monsterinsights_skip_tracking":false,"_monsterinsights_sitenote_active":false,"_monsterinsights_sitenote_note":"","_monsterinsights_sitenote_category":0,"_uf_show_specific_survey":0,"_uf_disable_surveys":false,"_jetpack_memberships_contains_paid_content":false,"footnotes":"","jetpack_publicize_message":"Auto y camioneta chocan en el camino La Aldea-Misi\u00f3n del Valle, al oriente de Morelia\r\n\r\n+ \u00danicamente hubo da\u00f1os materiales.","jetpack_publicize_feature_enabled":true,"jetpack_social_post_already_shared":true,"jetpack_social_options":{"image_generator_settings":{"template":"highway","default_image_id":0,"enabled":false},"version":2}},"categories":[28],"tags":[],"class_list":{"0":"post-70169","1":"post","2":"type-post","3":"status-publish","4":"format-standard","5":"has-post-thumbnail","7":"category-moreliaseguridad"},"aioseo_notices":[],"jetpack_publicize_connections":[],"jetpack_featured_media_url":"https:\/\/mediagroup.mx\/wp-content\/uploads\/2025\/06\/WhatsApp-Image-2025-06-13-at-10.22.55-AM.jpeg","jetpack_sharing_enabled":true,"_links":{"self":[{"href":"https:\/\/mediagroup.mx\/index.php\/wp-json\/wp\/v2\/posts\/70169","targetHints":{"allow":["GET"]}}],"collection":[{"href":"https:\/\/mediagroup.mx\/index.php\/wp-json\/wp\/v2\/posts"}],"about":[{"href":"https:\/\/mediagroup.mx\/index.php\/wp-json\/wp\/v2\/types\/post"}],"author":[{"embeddable":true,"href":"https:\/\/mediagroup.mx\/index.php\/wp-json\/wp\/v2\/users\/2"}],"replies":[{"embeddable":true,"href":"https:\/\/mediagroup.mx\/index.php\/wp-json\/wp\/v2\/comments?post=70169"}],"version-history":[{"count":1,"href":"https:\/\/mediagroup.mx\/index.php\/wp-json\/wp\/v2\/posts\/70169\/revisions"}],"predecessor-version":[{"id":70171,"href":"https:\/\/mediagroup.mx\/index.php\/wp-json\/wp\/v2\/posts\/70169\/revisions\/70171"}],"wp:featuredmedia":[{"embeddable":true,"href":"https:\/\/mediagroup.mx\/index.php\/wp-json\/wp\/v2\/media\/70170"}],"wp:attachment":[{"href":"https:\/\/mediagroup.mx\/index.php\/wp-json\/wp\/v2\/media?parent=70169"}],"wp:term":[{"taxonomy":"category","embeddable":true,"href":"https:\/\/mediagroup.mx\/index.php\/wp-json\/wp\/v2\/categories?post=70169"},{"taxonomy":"post_tag","embeddable":true,"href":"https:\/\/mediagroup.mx\/index.php\/wp-json\/wp\/v2\/tags?post=70169"}],"curies":[{"name":"wp","href":"https:\/\/api.w.org\/{rel}","templated":true}]}}