{"id":70397,"date":"2025-06-13T09:54:18","date_gmt":"2025-06-13T15:54:18","guid":{"rendered":"https:\/\/mediagroup.mx\/?p=70397"},"modified":"2025-06-16T09:58:23","modified_gmt":"2025-06-16T15:58:23","slug":"por-primera-vez-umsnh-apertura-biblioteca-inclusiva-yarabi-avila-llama-a-construir-una-universidad-para-todas-y-todos","status":"publish","type":"post","link":"https:\/\/mediagroup.mx\/index.php\/2025\/06\/13\/por-primera-vez-umsnh-apertura-biblioteca-inclusiva-yarabi-avila-llama-a-construir-una-universidad-para-todas-y-todos\/","title":{"rendered":"Por primera vez, UMSNH apertura Biblioteca Inclusiva; Yarab\u00ed \u00c1vila llama a construir una Universidad para todas y todos."},"content":{"rendered":"<p>Morelia, Michoac\u00e1n, a 13 de junio de 2025.- Por primera vez en la historia de la Universidad Michoacana de San Nicol\u00e1s de Hidalgo (UMSNH) se apertur\u00f3 una Biblioteca Inclusiva, que fue inaugurada por la rectora Yarab\u00ed \u00c1vila Gonz\u00e1lez, quien llam\u00f3 a la comunidad nicolaita a construir juntos una instituci\u00f3n para todas y todos.<\/p>\n<p>Acompa\u00f1ada por la directora del Sistema DIF estatal, Ana Sof\u00eda Bautista, por el presidente de la Comisi\u00f3n Estatal de los Derechos Humanos (CEDH), Marco Antonio Tinoco, por la directora de Bibliotecas, Silvia Manr\u00edquez y por la delegada estatal de la Red Nacional para la Inclusi\u00f3n de Personas Ciegas y con Baja Visi\u00f3n de Michoac\u00e1n, Araceli Romero, as\u00ed como con la asistencia de diversas asociaciones, la rectora agradeci\u00f3 su presencia, tras referir que, son aliadas y aliados de la UMSNH.<\/p>\n<p>Ah\u00ed, se\u00f1al\u00f3 que es importante reflexionar sobre el papel fundamental que tiene la universidad como un espacio transformador, de formaci\u00f3n y garante de los Derechos Humanos, \u201cdebemos estar acorde y debemos de pensar que vivimos en una \u00e9poca donde las exigencias sociales claman por la justicia, la equidad y el respeto\u201d.<\/p>\n<p>En este contexto, a\u00f1adi\u00f3, deseamos una universidad que no solamente sea un lugar de transmisi\u00f3n de conocimiento sino debe ser ante todo, una comunidad que respeta la dignidad de cada persona sin distinci\u00f3n alguna, tras se\u00f1alar que, una universidad inclusiva es aquella que rompe esas barreras f\u00edsicas, sociales, culturales y simb\u00f3licas \u201cen las que podamos abrir las puertas realmente al talento, al pensamiento cr\u00edtico y a la diversidad, entendiendo que no hay una \u00fanica forma de aprender, de ense\u00f1ar o de existir\u201d.<\/p>\n<p>La rectora subray\u00f3 que, hablar de inclusi\u00f3n y de Derechos Humanos, no es s\u00f3lo hablar de accesibilidad para personas con discapacidad o de igualdad de g\u00e9nero, \u201ctambi\u00e9n es hablar de garantizar el derecho de todas y todos a sentirnos seguros, respetados, valorados y libres para expresarnos sin miedo, sin discriminaci\u00f3n, sin tener violencia o sin tener rechazo\u201d.<\/p>\n<p>Por ello, dijo, yo festejo la iniciativa y la empat\u00eda de la directora de Bibliotecas, Silvia Manr\u00edquez y del secretario Acad\u00e9mico, Antonio Ramos para impulsar este proyecto, que permite a muchas personas tener este servicio de manera gratuita.<\/p>\n<p>Consider\u00f3 que es importante llevarse como tarea, el ser sensibles, emp\u00e1ticos y sobre todo generar acciones para transformar el entorno. De igual forma, comparti\u00f3 que durante la presente administraci\u00f3n hubo una modificaci\u00f3n en el organigrama de la UMSNH, para crear la Coordinaci\u00f3n General de Igualdad de G\u00e9nero, Inclusi\u00f3n y Cultura de Paz, en donde se han fortalecido acciones respecto a esta agenda.<\/p>\n<p>\u201cAprovecho para comentarle a todo el gabinete legal y ampliado que es una gran oportunidad para reflexionar y seguir evalu\u00e1ndonos respecto a qu\u00e9 estamos haciendo desde nuestro espacio para que s\u00ed sea una universidad donde la palabra inclusi\u00f3n sea real\u201d.<\/p>\n<p>En su turno, la directora del Sistema DIF estatal, Ana Sof\u00eda Bautista Agui\u00f1iga, indic\u00f3 que desde la dependencia que dirige y del Consejo Michoacano para la Inclusi\u00f3n de Personas con Discapacidad celebran la inauguraci\u00f3n de este espacio con est\u00e1ndares de accesibilidad para personas con discapacidad con el que de manera directa se fomenta la inclusi\u00f3n y con ello la autonom\u00eda de las personas con discapacidad.<\/p>\n<p>Esta biblioteca p\u00fablica, precis\u00f3, ahora es una biblioteca de vanguardia e incluyente, \u201ceste lugar de estudio ha sido adaptado para facilitar su uso por personas con discapacidad visual, auditiva y motora, lo que constituye para ellas un entorno m\u00e1s seguro, c\u00f3modo y accesible, hoy m\u00e1s que nunca el concepto de universidad cobra sentido ya que el conjunto de todas las cosas se pone al servicio de todas y de todos\u201d.<\/p>\n<p>Por su parte, el titular de la CEDH, Marco Antonio Tinoco \u00c1lvarez, coment\u00f3 que estos grandes esfuerzos requieren de grandes espacios de escucha, pero sobre todo de voluntad y empat\u00eda de quienes toman las decisiones, \u201cagradecemos a la rectora por ser una mujer sensible a las necesidades, lo que permea a todas las \u00e1reas de la Universidad m\u00e1s grande y m\u00e1s compleja del estado, eso lo reconocemos y admiramos desde la Comisi\u00f3n Estatal de los Derechos Humanos\u201d.<\/p>\n<p>En tanto, la directora de Bibliotecas de la UMSNH, Silvia Manr\u00edquez, precis\u00f3 que, el espacio inaugurado est\u00e1 habilitado con equipos de c\u00f3mputo con pantallas t\u00e1ctiles y aud\u00edfonos, y cada equipo cuenta con licencia de software Jaws, que lee la pantalla en voz alta, y el software OpenBook, un programa de reconocimiento de caracteres para facilitar la lectura, adem\u00e1s una impresora braille con software Index-direc, as\u00ed como un multifuncional para ofrecer recursos y herramientas que faciliten la accesibilidad e inclusi\u00f3n.<\/p>\n<p>La delegada estatal de la Red Nacional para la Inclusi\u00f3n de Personas Ciegas y con Baja Visi\u00f3n de Michoac\u00e1n, Araceli Romero, subray\u00f3 la importancia de<br \/>\nimplementar acciones que realmente sean \u00fatiles para las personas con discapacidad y de que se tome en cuenta la opini\u00f3n de quienes viven esta condici\u00f3n, al tiempo que, reconoci\u00f3 a las autoridades nicolaita que se est\u00e9n implementando acciones en favor de las personas con discapacidad.<\/p>\n<p><img loading=\"lazy\" decoding=\"async\" class=\"alignnone size-medium wp-image-70398\" src=\"https:\/\/mediagroup.mx\/wp-content\/uploads\/2025\/06\/WhatsApp-Image-2025-06-15-at-5.39.58-PM-3-300x206.jpeg\" alt=\"\" width=\"300\" height=\"206\" srcset=\"https:\/\/mediagroup.mx\/wp-content\/uploads\/2025\/06\/WhatsApp-Image-2025-06-15-at-5.39.58-PM-3-300x206.jpeg 300w, https:\/\/mediagroup.mx\/wp-content\/uploads\/2025\/06\/WhatsApp-Image-2025-06-15-at-5.39.58-PM-3-1024x704.jpeg 1024w, https:\/\/mediagroup.mx\/wp-content\/uploads\/2025\/06\/WhatsApp-Image-2025-06-15-at-5.39.58-PM-3-768x528.jpeg 768w, https:\/\/mediagroup.mx\/wp-content\/uploads\/2025\/06\/WhatsApp-Image-2025-06-15-at-5.39.58-PM-3-1536x1056.jpeg 1536w, https:\/\/mediagroup.mx\/wp-content\/uploads\/2025\/06\/WhatsApp-Image-2025-06-15-at-5.39.58-PM-3-2048x1408.jpeg 2048w, https:\/\/mediagroup.mx\/wp-content\/uploads\/2025\/06\/WhatsApp-Image-2025-06-15-at-5.39.58-PM-3-150x103.jpeg 150w, https:\/\/mediagroup.mx\/wp-content\/uploads\/2025\/06\/WhatsApp-Image-2025-06-15-at-5.39.58-PM-3-218x150.jpeg 218w, https:\/\/mediagroup.mx\/wp-content\/uploads\/2025\/06\/WhatsApp-Image-2025-06-15-at-5.39.58-PM-3-696x478.jpeg 696w, https:\/\/mediagroup.mx\/wp-content\/uploads\/2025\/06\/WhatsApp-Image-2025-06-15-at-5.39.58-PM-3-1068x734.jpeg 1068w, https:\/\/mediagroup.mx\/wp-content\/uploads\/2025\/06\/WhatsApp-Image-2025-06-15-at-5.39.58-PM-3-1920x1320.jpeg 1920w\" sizes=\"auto, (max-width: 300px) 100vw, 300px\" \/> <img loading=\"lazy\" decoding=\"async\" class=\"alignnone size-medium wp-image-70399\" src=\"https:\/\/mediagroup.mx\/wp-content\/uploads\/2025\/06\/WhatsApp-Image-2025-06-15-at-5.39.58-PM-2-300x206.jpeg\" alt=\"\" width=\"300\" height=\"206\" srcset=\"https:\/\/mediagroup.mx\/wp-content\/uploads\/2025\/06\/WhatsApp-Image-2025-06-15-at-5.39.58-PM-2-300x206.jpeg 300w, https:\/\/mediagroup.mx\/wp-content\/uploads\/2025\/06\/WhatsApp-Image-2025-06-15-at-5.39.58-PM-2-1024x704.jpeg 1024w, https:\/\/mediagroup.mx\/wp-content\/uploads\/2025\/06\/WhatsApp-Image-2025-06-15-at-5.39.58-PM-2-768x528.jpeg 768w, https:\/\/mediagroup.mx\/wp-content\/uploads\/2025\/06\/WhatsApp-Image-2025-06-15-at-5.39.58-PM-2-1536x1056.jpeg 1536w, https:\/\/mediagroup.mx\/wp-content\/uploads\/2025\/06\/WhatsApp-Image-2025-06-15-at-5.39.58-PM-2-2048x1408.jpeg 2048w, https:\/\/mediagroup.mx\/wp-content\/uploads\/2025\/06\/WhatsApp-Image-2025-06-15-at-5.39.58-PM-2-150x103.jpeg 150w, https:\/\/mediagroup.mx\/wp-content\/uploads\/2025\/06\/WhatsApp-Image-2025-06-15-at-5.39.58-PM-2-218x150.jpeg 218w, https:\/\/mediagroup.mx\/wp-content\/uploads\/2025\/06\/WhatsApp-Image-2025-06-15-at-5.39.58-PM-2-696x478.jpeg 696w, https:\/\/mediagroup.mx\/wp-content\/uploads\/2025\/06\/WhatsApp-Image-2025-06-15-at-5.39.58-PM-2-1068x734.jpeg 1068w, https:\/\/mediagroup.mx\/wp-content\/uploads\/2025\/06\/WhatsApp-Image-2025-06-15-at-5.39.58-PM-2-1920x1320.jpeg 1920w\" sizes=\"auto, (max-width: 300px) 100vw, 300px\" \/> <img loading=\"lazy\" decoding=\"async\" class=\"alignnone size-medium wp-image-70400\" src=\"https:\/\/mediagroup.mx\/wp-content\/uploads\/2025\/06\/WhatsApp-Image-2025-06-15-at-5.39.58-PM-1-300x206.jpeg\" alt=\"\" width=\"300\" height=\"206\" srcset=\"https:\/\/mediagroup.mx\/wp-content\/uploads\/2025\/06\/WhatsApp-Image-2025-06-15-at-5.39.58-PM-1-300x206.jpeg 300w, https:\/\/mediagroup.mx\/wp-content\/uploads\/2025\/06\/WhatsApp-Image-2025-06-15-at-5.39.58-PM-1-1024x704.jpeg 1024w, https:\/\/mediagroup.mx\/wp-content\/uploads\/2025\/06\/WhatsApp-Image-2025-06-15-at-5.39.58-PM-1-768x528.jpeg 768w, https:\/\/mediagroup.mx\/wp-content\/uploads\/2025\/06\/WhatsApp-Image-2025-06-15-at-5.39.58-PM-1-1536x1056.jpeg 1536w, https:\/\/mediagroup.mx\/wp-content\/uploads\/2025\/06\/WhatsApp-Image-2025-06-15-at-5.39.58-PM-1-2048x1408.jpeg 2048w, https:\/\/mediagroup.mx\/wp-content\/uploads\/2025\/06\/WhatsApp-Image-2025-06-15-at-5.39.58-PM-1-150x103.jpeg 150w, https:\/\/mediagroup.mx\/wp-content\/uploads\/2025\/06\/WhatsApp-Image-2025-06-15-at-5.39.58-PM-1-218x150.jpeg 218w, https:\/\/mediagroup.mx\/wp-content\/uploads\/2025\/06\/WhatsApp-Image-2025-06-15-at-5.39.58-PM-1-696x478.jpeg 696w, https:\/\/mediagroup.mx\/wp-content\/uploads\/2025\/06\/WhatsApp-Image-2025-06-15-at-5.39.58-PM-1-1068x734.jpeg 1068w, https:\/\/mediagroup.mx\/wp-content\/uploads\/2025\/06\/WhatsApp-Image-2025-06-15-at-5.39.58-PM-1-1920x1320.jpeg 1920w\" sizes=\"auto, (max-width: 300px) 100vw, 300px\" \/> <img loading=\"lazy\" decoding=\"async\" class=\"alignnone size-medium wp-image-70401\" src=\"https:\/\/mediagroup.mx\/wp-content\/uploads\/2025\/06\/WhatsApp-Image-2025-06-15-at-5.39.58-PM-300x206.jpeg\" alt=\"\" width=\"300\" height=\"206\" srcset=\"https:\/\/mediagroup.mx\/wp-content\/uploads\/2025\/06\/WhatsApp-Image-2025-06-15-at-5.39.58-PM-300x206.jpeg 300w, https:\/\/mediagroup.mx\/wp-content\/uploads\/2025\/06\/WhatsApp-Image-2025-06-15-at-5.39.58-PM-1024x704.jpeg 1024w, https:\/\/mediagroup.mx\/wp-content\/uploads\/2025\/06\/WhatsApp-Image-2025-06-15-at-5.39.58-PM-768x528.jpeg 768w, https:\/\/mediagroup.mx\/wp-content\/uploads\/2025\/06\/WhatsApp-Image-2025-06-15-at-5.39.58-PM-1536x1056.jpeg 1536w, https:\/\/mediagroup.mx\/wp-content\/uploads\/2025\/06\/WhatsApp-Image-2025-06-15-at-5.39.58-PM-2048x1408.jpeg 2048w, https:\/\/mediagroup.mx\/wp-content\/uploads\/2025\/06\/WhatsApp-Image-2025-06-15-at-5.39.58-PM-150x103.jpeg 150w, https:\/\/mediagroup.mx\/wp-content\/uploads\/2025\/06\/WhatsApp-Image-2025-06-15-at-5.39.58-PM-218x150.jpeg 218w, https:\/\/mediagroup.mx\/wp-content\/uploads\/2025\/06\/WhatsApp-Image-2025-06-15-at-5.39.58-PM-696x478.jpeg 696w, https:\/\/mediagroup.mx\/wp-content\/uploads\/2025\/06\/WhatsApp-Image-2025-06-15-at-5.39.58-PM-1068x734.jpeg 1068w, https:\/\/mediagroup.mx\/wp-content\/uploads\/2025\/06\/WhatsApp-Image-2025-06-15-at-5.39.58-PM-1920x1320.jpeg 1920w\" sizes=\"auto, (max-width: 300px) 100vw, 300px\" \/><\/p>\n","protected":false},"excerpt":{"rendered":"<p>Morelia, Michoac\u00e1n, a 13 de junio de 2025.- Por primera vez en la historia de la Universidad Michoacana de San Nicol\u00e1s de Hidalgo (UMSNH) se apertur\u00f3 una Biblioteca Inclusiva, que fue inaugurada por la rectora Yarab\u00ed \u00c1vila Gonz\u00e1lez, quien llam\u00f3 a la comunidad nicolaita a construir juntos una instituci\u00f3n para todas y todos. Acompa\u00f1ada por [&hellip;]<\/p>\n","protected":false},"author":2,"featured_media":70399,"comment_status":"closed","ping_status":"closed","sticky":false,"template":"","format":"standard","meta":{"om_disable_all_campaigns":false,"_monsterinsights_skip_tracking":false,"_monsterinsights_sitenote_active":false,"_monsterinsights_sitenote_note":"","_monsterinsights_sitenote_category":0,"_uf_show_specific_survey":0,"_uf_disable_surveys":false,"_jetpack_memberships_contains_paid_content":false,"footnotes":"","jetpack_publicize_message":"Por primera vez, UMSNH apertura Biblioteca Inclusiva; Yarab\u00ed \u00c1vila llama a construir una Universidad para todas y todos\r\n\r\n* El espacio inaugurado contar\u00e1 con equipos de c\u00f3mputo con pantallas t\u00e1ctiles con licencia de software Jaws y OpenBook, adem\u00e1s de una impresora Braille.","jetpack_publicize_feature_enabled":true,"jetpack_social_post_already_shared":true,"jetpack_social_options":{"image_generator_settings":{"template":"highway","default_image_id":0,"enabled":false},"version":2}},"categories":[22],"tags":[],"class_list":{"0":"post-70397","1":"post","2":"type-post","3":"status-publish","4":"format-standard","5":"has-post-thumbnail","7":"category-educacion"},"aioseo_notices":[],"jetpack_publicize_connections":[],"jetpack_featured_media_url":"https:\/\/mediagroup.mx\/wp-content\/uploads\/2025\/06\/WhatsApp-Image-2025-06-15-at-5.39.58-PM-2-scaled.jpeg","jetpack_sharing_enabled":true,"_links":{"self":[{"href":"https:\/\/mediagroup.mx\/index.php\/wp-json\/wp\/v2\/posts\/70397","targetHints":{"allow":["GET"]}}],"collection":[{"href":"https:\/\/mediagroup.mx\/index.php\/wp-json\/wp\/v2\/posts"}],"about":[{"href":"https:\/\/mediagroup.mx\/index.php\/wp-json\/wp\/v2\/types\/post"}],"author":[{"embeddable":true,"href":"https:\/\/mediagroup.mx\/index.php\/wp-json\/wp\/v2\/users\/2"}],"replies":[{"embeddable":true,"href":"https:\/\/mediagroup.mx\/index.php\/wp-json\/wp\/v2\/comments?post=70397"}],"version-history":[{"count":1,"href":"https:\/\/mediagroup.mx\/index.php\/wp-json\/wp\/v2\/posts\/70397\/revisions"}],"predecessor-version":[{"id":70402,"href":"https:\/\/mediagroup.mx\/index.php\/wp-json\/wp\/v2\/posts\/70397\/revisions\/70402"}],"wp:featuredmedia":[{"embeddable":true,"href":"https:\/\/mediagroup.mx\/index.php\/wp-json\/wp\/v2\/media\/70399"}],"wp:attachment":[{"href":"https:\/\/mediagroup.mx\/index.php\/wp-json\/wp\/v2\/media?parent=70397"}],"wp:term":[{"taxonomy":"category","embeddable":true,"href":"https:\/\/mediagroup.mx\/index.php\/wp-json\/wp\/v2\/categories?post=70397"},{"taxonomy":"post_tag","embeddable":true,"href":"https:\/\/mediagroup.mx\/index.php\/wp-json\/wp\/v2\/tags?post=70397"}],"curies":[{"name":"wp","href":"https:\/\/api.w.org\/{rel}","templated":true}]}}