{"id":70576,"date":"2025-06-17T14:33:16","date_gmt":"2025-06-17T20:33:16","guid":{"rendered":"https:\/\/mediagroup.mx\/?p=70576"},"modified":"2025-06-17T14:33:16","modified_gmt":"2025-06-17T20:33:16","slug":"eu-controla-el-espacio-aereo-irani-sabemos-donde-se-esconde-el-ayatola-trump","status":"publish","type":"post","link":"https:\/\/mediagroup.mx\/index.php\/2025\/06\/17\/eu-controla-el-espacio-aereo-irani-sabemos-donde-se-esconde-el-ayatola-trump\/","title":{"rendered":"EU controla el espacio a\u00e9reo iran\u00ed; sabemos d\u00f3nde se \u201cesconde\u201d el ayatol\u00e1: Trump"},"content":{"rendered":"<div id=\"article-content-tts\" class=\"nota-contenido mb-5\">\n<div id=\"content_nitf\">\n<p style=\"text-align: justify;\">\u00abAhora nosotros controlamos completamente y totalmente el espacio a\u00e9reo iran\u00ed\u00bb, afirm\u00f3 este martes el presidente estadounidense Donald Trump, en el quinto d\u00eda de la guerra entre Israel e Ir\u00e1n.<\/p>\n<p style=\"text-align: justify;\">Ir\u00e1n contaba con \u00abequipos defensivos en abundancia, pero no se comparan con los fabricados, concebidos y producidos en Estados Unidos. Nadie lo hace mejor que Estados Unidos\u00bb, escribi\u00f3 el presidente republicano en su red Truth Social.<\/p>\n<p style=\"text-align: justify;\">Por otro lado, Trump asegur\u00f3 que Estados Unidos sabe d\u00f3nde se esconde el l\u00edder supremo de Ir\u00e1n, el ayatollah Ali Jamenei, durante el conflicto entre Israel e Ir\u00e1n, pero no quiere que lo maten \u00abpor ahora\u00bb.<\/p>\n<p class=\"nota-justify\" style=\"text-align: justify;\">Trump inst\u00f3, en una publicaci\u00f3n en las redes sociales, al \u201cRendimiento incondicional\u201d de Teher\u00e1n mientras el conflicto de cinco d\u00edas contin\u00faa aumentando.<\/p>\n<p class=\"nota-justify\" style=\"text-align: justify;\">\u201cSabemos exactamente d\u00f3nde se esconde el llamado &#8216;L\u00edder Supremo&#8217;\u201d, a\u00f1adi\u00f3 Trump. \u201cEs un blanco f\u00e1cil, pero all\u00ed est\u00e1 a salvo. No vamos a eliminarlo (\u00a1matar!), al menos no por ahora. Pero no queremos que se disparen misiles contra civiles ni soldados estadunidenses. Se nos est\u00e1 agotando la paciencia\u201d, declar\u00f3 el magnate.<\/p>\n<p class=\"nota-justify\" style=\"text-align: justify;\">Los comentarios cada vez m\u00e1s en\u00e9rgicos de Trump hacia el gobierno iran\u00ed llegan despu\u00e9s de que inst\u00f3 a los 9.5 millones de habitantes de Teher\u00e1n a huir para salvar sus vidas mientras acortaba su visita a la cumbre internacional del G7 para regresar a Washington para mantener conversaciones urgentes con su equipo de seguridad nacional.<\/p>\n<\/div>\n<\/div>\n<div class=\"notas-relacionadas\" style=\"text-align: justify;\"><\/div>\n<p>V\u00eda: La Jornada<\/p>\n<figure id=\"attachment_70577\" aria-describedby=\"caption-attachment-70577\" style=\"width: 300px\" class=\"wp-caption alignnone\"><img loading=\"lazy\" decoding=\"async\" class=\"size-medium wp-image-70577\" src=\"https:\/\/mediagroup.mx\/wp-content\/uploads\/2025\/06\/Captura-de-pantalla-2025-06-17-a-las-14.32.05-300x185.png\" alt=\"\" width=\"300\" height=\"185\" srcset=\"https:\/\/mediagroup.mx\/wp-content\/uploads\/2025\/06\/Captura-de-pantalla-2025-06-17-a-las-14.32.05-300x185.png 300w, https:\/\/mediagroup.mx\/wp-content\/uploads\/2025\/06\/Captura-de-pantalla-2025-06-17-a-las-14.32.05-768x475.png 768w, https:\/\/mediagroup.mx\/wp-content\/uploads\/2025\/06\/Captura-de-pantalla-2025-06-17-a-las-14.32.05-150x93.png 150w, https:\/\/mediagroup.mx\/wp-content\/uploads\/2025\/06\/Captura-de-pantalla-2025-06-17-a-las-14.32.05-696x430.png 696w, https:\/\/mediagroup.mx\/wp-content\/uploads\/2025\/06\/Captura-de-pantalla-2025-06-17-a-las-14.32.05.png 775w\" sizes=\"auto, (max-width: 300px) 100vw, 300px\" \/><figcaption id=\"caption-attachment-70577\" class=\"wp-caption-text\">Foto: AFP<\/figcaption><\/figure>\n","protected":false},"excerpt":{"rendered":"<p>\u00abAhora nosotros controlamos completamente y totalmente el espacio a\u00e9reo iran\u00ed\u00bb, afirm\u00f3 este martes el presidente estadounidense Donald Trump, en el quinto d\u00eda de la guerra entre Israel e Ir\u00e1n. Ir\u00e1n contaba con \u00abequipos defensivos en abundancia, pero no se comparan con los fabricados, concebidos y producidos en Estados Unidos. Nadie lo hace mejor que Estados [&hellip;]<\/p>\n","protected":false},"author":2,"featured_media":70577,"comment_status":"closed","ping_status":"closed","sticky":false,"template":"","format":"standard","meta":{"om_disable_all_campaigns":false,"_monsterinsights_skip_tracking":false,"_monsterinsights_sitenote_active":false,"_monsterinsights_sitenote_note":"","_monsterinsights_sitenote_category":0,"_uf_show_specific_survey":0,"_uf_disable_surveys":false,"_jetpack_memberships_contains_paid_content":false,"footnotes":"","jetpack_publicize_message":"EU controla el espacio a\u00e9reo iran\u00ed; sabemos d\u00f3nde se \u201cesconde\u201d el ayatol\u00e1: Trump","jetpack_publicize_feature_enabled":true,"jetpack_social_post_already_shared":true,"jetpack_social_options":{"image_generator_settings":{"template":"highway","default_image_id":0,"enabled":false},"version":2}},"categories":[6,16],"tags":[],"class_list":{"0":"post-70576","1":"post","2":"type-post","3":"status-publish","4":"format-standard","5":"has-post-thumbnail","7":"category-global","8":"category-viral"},"aioseo_notices":[],"jetpack_publicize_connections":[],"jetpack_featured_media_url":"https:\/\/mediagroup.mx\/wp-content\/uploads\/2025\/06\/Captura-de-pantalla-2025-06-17-a-las-14.32.05.png","jetpack_sharing_enabled":true,"_links":{"self":[{"href":"https:\/\/mediagroup.mx\/index.php\/wp-json\/wp\/v2\/posts\/70576","targetHints":{"allow":["GET"]}}],"collection":[{"href":"https:\/\/mediagroup.mx\/index.php\/wp-json\/wp\/v2\/posts"}],"about":[{"href":"https:\/\/mediagroup.mx\/index.php\/wp-json\/wp\/v2\/types\/post"}],"author":[{"embeddable":true,"href":"https:\/\/mediagroup.mx\/index.php\/wp-json\/wp\/v2\/users\/2"}],"replies":[{"embeddable":true,"href":"https:\/\/mediagroup.mx\/index.php\/wp-json\/wp\/v2\/comments?post=70576"}],"version-history":[{"count":1,"href":"https:\/\/mediagroup.mx\/index.php\/wp-json\/wp\/v2\/posts\/70576\/revisions"}],"predecessor-version":[{"id":70578,"href":"https:\/\/mediagroup.mx\/index.php\/wp-json\/wp\/v2\/posts\/70576\/revisions\/70578"}],"wp:featuredmedia":[{"embeddable":true,"href":"https:\/\/mediagroup.mx\/index.php\/wp-json\/wp\/v2\/media\/70577"}],"wp:attachment":[{"href":"https:\/\/mediagroup.mx\/index.php\/wp-json\/wp\/v2\/media?parent=70576"}],"wp:term":[{"taxonomy":"category","embeddable":true,"href":"https:\/\/mediagroup.mx\/index.php\/wp-json\/wp\/v2\/categories?post=70576"},{"taxonomy":"post_tag","embeddable":true,"href":"https:\/\/mediagroup.mx\/index.php\/wp-json\/wp\/v2\/tags?post=70576"}],"curies":[{"name":"wp","href":"https:\/\/api.w.org\/{rel}","templated":true}]}}