{"id":70689,"date":"2025-06-18T14:19:44","date_gmt":"2025-06-18T20:19:44","guid":{"rendered":"https:\/\/mediagroup.mx\/?p=70689"},"modified":"2025-06-18T14:19:44","modified_gmt":"2025-06-18T20:19:44","slug":"llama-gobierno-de-michoacan-a-alcalde-de-uruapan-a-dejar-el-show-mediatico-y-entregar-pruebas-sobre-campos-de-adiestramiento","status":"publish","type":"post","link":"https:\/\/mediagroup.mx\/index.php\/2025\/06\/18\/llama-gobierno-de-michoacan-a-alcalde-de-uruapan-a-dejar-el-show-mediatico-y-entregar-pruebas-sobre-campos-de-adiestramiento\/","title":{"rendered":"Llama Gobierno de Michoac\u00e1n a alcalde de Uruapan a dejar el show medi\u00e1tico y entregar pruebas sobre \u201ccampos de adiestramiento\u201d"},"content":{"rendered":"<p>RED 113 MICHOAC\u00c1N\/Redacci\u00f3n<\/p>\n<p>Morelia, Mich.- 18 de junio de 2025.- Luego de que el presidente municipal de Uruapan, Carlos Manzo Rodr\u00edguez, encendiera los reflectores al declarar p\u00fablicamente que en su municipio existen \u201ccampos de concentraci\u00f3n y adiestramiento de sicarios extranjeros\u201d, el Gobierno del Estado le pidi\u00f3 dejar las declaraciones espectaculares y entregar pruebas formales, si las tiene.<\/p>\n<p>El secretario de Gobierno, Carlos Torres Pi\u00f1a, respondi\u00f3 con mesura, pero en\u00e9rgico ante lo que calific\u00f3 como declaraciones medi\u00e1ticas que poco ayudan a la estabilidad de Uruapan, uno de los municipios m\u00e1s conflictivos del estado.<\/p>\n<p>\u201cEs importante que si va a denunciar, lo haga en forma. Que esa informaci\u00f3n que tiene nos la comparta a las \u00e1reas de investigaci\u00f3n o la entregue a la Sedena, a la Guardia Nacional o a la Marina. No podemos dejar todo en un tema de inmediatez o un tema medi\u00e1tico. Eso no ayuda, y mucho menos a la ciudad de Uruapan\u201d, advirti\u00f3 Torres Pi\u00f1a.<\/p>\n<p>El alcalde Carlos Manzo asegur\u00f3 recientemente que en su municipio operan grupos armados con colombianos y venezolanos que estar\u00edan vinculados incluso con guerrillas sudamericanas, y que \u201clos van a combatir\u201d. Sin embargo, no present\u00f3 pruebas p\u00fablicas de sus dichos, lo que ha generado escepticismo y preocupaci\u00f3n entre actores pol\u00edticos y ciudadanos.<\/p>\n<p>Al respecto, Torres Pi\u00f1a reiter\u00f3 que si el edil tiene informaci\u00f3n concreta, \u201cque nos los proporcione para actuar\u201d. Adem\u00e1s, adelant\u00f3 que el Gobierno del Estado buscar\u00e1 una reuni\u00f3n directa con Manzo para evitar que se sigan agitando los \u00e1nimos sin sustento.<\/p>\n<p>\u201cVamos a platicar con \u00e9l, vamos a buscarlo para tener ah\u00ed alguna interacci\u00f3n, y si tiene alguna informaci\u00f3n, que nos la pase\u201d, remat\u00f3 el secretario, dejando entrever que este tipo de declaraciones podr\u00edan estar contribuyendo a generar m\u00e1s tensi\u00f3n en lugar de soluciones.<\/p>\n<p>Las palabras de Manzo Rodr\u00edguez han sido interpretadas por algunos como un intento por reforzar su perfil pol\u00edtico en un contexto en que Uruapan atraviesa una crisis de seguridad permanente. Sin embargo, desde el Gobierno de Michoac\u00e1n le lanzan una advertencia impl\u00edcita: no se vale jugar con fuego, menos en una zona ya encendida.<\/p>\n<p><img loading=\"lazy\" decoding=\"async\" class=\"alignnone size-medium wp-image-70690\" src=\"https:\/\/mediagroup.mx\/wp-content\/uploads\/2025\/06\/WhatsApp-Image-2025-06-18-at-12.46.19-PM-1-300x169.jpeg\" alt=\"\" width=\"300\" height=\"169\" srcset=\"https:\/\/mediagroup.mx\/wp-content\/uploads\/2025\/06\/WhatsApp-Image-2025-06-18-at-12.46.19-PM-1-300x169.jpeg 300w, https:\/\/mediagroup.mx\/wp-content\/uploads\/2025\/06\/WhatsApp-Image-2025-06-18-at-12.46.19-PM-1-1024x576.jpeg 1024w, https:\/\/mediagroup.mx\/wp-content\/uploads\/2025\/06\/WhatsApp-Image-2025-06-18-at-12.46.19-PM-1-768x432.jpeg 768w, https:\/\/mediagroup.mx\/wp-content\/uploads\/2025\/06\/WhatsApp-Image-2025-06-18-at-12.46.19-PM-1-1536x864.jpeg 1536w, https:\/\/mediagroup.mx\/wp-content\/uploads\/2025\/06\/WhatsApp-Image-2025-06-18-at-12.46.19-PM-1-150x84.jpeg 150w, https:\/\/mediagroup.mx\/wp-content\/uploads\/2025\/06\/WhatsApp-Image-2025-06-18-at-12.46.19-PM-1-696x392.jpeg 696w, https:\/\/mediagroup.mx\/wp-content\/uploads\/2025\/06\/WhatsApp-Image-2025-06-18-at-12.46.19-PM-1-1068x601.jpeg 1068w, https:\/\/mediagroup.mx\/wp-content\/uploads\/2025\/06\/WhatsApp-Image-2025-06-18-at-12.46.19-PM-1.jpeg 1600w\" sizes=\"auto, (max-width: 300px) 100vw, 300px\" \/> <img loading=\"lazy\" decoding=\"async\" class=\"alignnone size-medium wp-image-70691\" src=\"https:\/\/mediagroup.mx\/wp-content\/uploads\/2025\/06\/WhatsApp-Image-2025-06-18-at-12.46.19-PM-300x210.jpeg\" alt=\"\" width=\"300\" height=\"210\" srcset=\"https:\/\/mediagroup.mx\/wp-content\/uploads\/2025\/06\/WhatsApp-Image-2025-06-18-at-12.46.19-PM-300x210.jpeg 300w, https:\/\/mediagroup.mx\/wp-content\/uploads\/2025\/06\/WhatsApp-Image-2025-06-18-at-12.46.19-PM-768x538.jpeg 768w, https:\/\/mediagroup.mx\/wp-content\/uploads\/2025\/06\/WhatsApp-Image-2025-06-18-at-12.46.19-PM-150x105.jpeg 150w, https:\/\/mediagroup.mx\/wp-content\/uploads\/2025\/06\/WhatsApp-Image-2025-06-18-at-12.46.19-PM-696x488.jpeg 696w, https:\/\/mediagroup.mx\/wp-content\/uploads\/2025\/06\/WhatsApp-Image-2025-06-18-at-12.46.19-PM.jpeg 870w\" sizes=\"auto, (max-width: 300px) 100vw, 300px\" \/><\/p>\n","protected":false},"excerpt":{"rendered":"<p>RED 113 MICHOAC\u00c1N\/Redacci\u00f3n Morelia, Mich.- 18 de junio de 2025.- Luego de que el presidente municipal de Uruapan, Carlos Manzo Rodr\u00edguez, encendiera los reflectores al declarar p\u00fablicamente que en su municipio existen \u201ccampos de concentraci\u00f3n y adiestramiento de sicarios extranjeros\u201d, el Gobierno del Estado le pidi\u00f3 dejar las declaraciones espectaculares y entregar pruebas formales, si [&hellip;]<\/p>\n","protected":false},"author":2,"featured_media":70691,"comment_status":"closed","ping_status":"closed","sticky":false,"template":"","format":"standard","meta":{"om_disable_all_campaigns":false,"_monsterinsights_skip_tracking":false,"_monsterinsights_sitenote_active":false,"_monsterinsights_sitenote_note":"","_monsterinsights_sitenote_category":0,"_uf_show_specific_survey":0,"_uf_disable_surveys":false,"_jetpack_memberships_contains_paid_content":false,"footnotes":"","jetpack_publicize_message":"Llama Gobierno de Michoac\u00e1n a alcalde de Uruapan a dejar el show medi\u00e1tico y entregar pruebas sobre \u201ccampos de adiestramiento\u201d","jetpack_publicize_feature_enabled":true,"jetpack_social_post_already_shared":true,"jetpack_social_options":{"image_generator_settings":{"template":"highway","default_image_id":0,"enabled":false},"version":2}},"categories":[28],"tags":[],"class_list":{"0":"post-70689","1":"post","2":"type-post","3":"status-publish","4":"format-standard","5":"has-post-thumbnail","7":"category-moreliaseguridad"},"aioseo_notices":[],"jetpack_publicize_connections":[],"jetpack_featured_media_url":"https:\/\/mediagroup.mx\/wp-content\/uploads\/2025\/06\/WhatsApp-Image-2025-06-18-at-12.46.19-PM.jpeg","jetpack_sharing_enabled":true,"_links":{"self":[{"href":"https:\/\/mediagroup.mx\/index.php\/wp-json\/wp\/v2\/posts\/70689","targetHints":{"allow":["GET"]}}],"collection":[{"href":"https:\/\/mediagroup.mx\/index.php\/wp-json\/wp\/v2\/posts"}],"about":[{"href":"https:\/\/mediagroup.mx\/index.php\/wp-json\/wp\/v2\/types\/post"}],"author":[{"embeddable":true,"href":"https:\/\/mediagroup.mx\/index.php\/wp-json\/wp\/v2\/users\/2"}],"replies":[{"embeddable":true,"href":"https:\/\/mediagroup.mx\/index.php\/wp-json\/wp\/v2\/comments?post=70689"}],"version-history":[{"count":1,"href":"https:\/\/mediagroup.mx\/index.php\/wp-json\/wp\/v2\/posts\/70689\/revisions"}],"predecessor-version":[{"id":70694,"href":"https:\/\/mediagroup.mx\/index.php\/wp-json\/wp\/v2\/posts\/70689\/revisions\/70694"}],"wp:featuredmedia":[{"embeddable":true,"href":"https:\/\/mediagroup.mx\/index.php\/wp-json\/wp\/v2\/media\/70691"}],"wp:attachment":[{"href":"https:\/\/mediagroup.mx\/index.php\/wp-json\/wp\/v2\/media?parent=70689"}],"wp:term":[{"taxonomy":"category","embeddable":true,"href":"https:\/\/mediagroup.mx\/index.php\/wp-json\/wp\/v2\/categories?post=70689"},{"taxonomy":"post_tag","embeddable":true,"href":"https:\/\/mediagroup.mx\/index.php\/wp-json\/wp\/v2\/tags?post=70689"}],"curies":[{"name":"wp","href":"https:\/\/api.w.org\/{rel}","templated":true}]}}