{"id":71142,"date":"2025-06-24T09:37:09","date_gmt":"2025-06-24T15:37:09","guid":{"rendered":"https:\/\/mediagroup.mx\/?p=71142"},"modified":"2025-06-24T09:37:09","modified_gmt":"2025-06-24T15:37:09","slug":"vuelca-trailer-en-la-siglo-xxi-no-hay-heridos","status":"publish","type":"post","link":"https:\/\/mediagroup.mx\/index.php\/2025\/06\/24\/vuelca-trailer-en-la-siglo-xxi-no-hay-heridos\/","title":{"rendered":"Vuelca tr\u00e1iler en la Siglo XXI; no hay heridos."},"content":{"rendered":"<p>RED 113 MICHOAC\u00c1N\/Redacci\u00f3n<\/p>\n<p>La Huacana, Mich.- 24 de junio de 2025.- La madrugada de este martes, un cami\u00f3n de carga volc\u00f3 al circular sobre la autopista Siglo XXI, ocasionando el cierre parcial de la vialidad en el tramo Cuatro Caminos -Las Ca\u00f1as.<\/p>\n<p>El accidente tuvo lugar a la altura del kil\u00f3metro 160+000, donde un tr\u00e1iler con cabina negra, con remolque de color naranja y raz\u00f3n social \u201c3T\u201d, termin\u00f3 recostado sobre su lado izquierdo, bloqueando ambos carriles.<\/p>\n<p>Otros transportistas se detuvieron para ayudar a su colega, momentos despu\u00e9s en el sitio se presentaron param\u00e9dicos asignados a la autopista, confirmando que no hab\u00eda personas lesionadas.<\/p>\n<p>La zona fue abanderada por personal de la Guardia Nacional Divisi\u00f3n Seguridad en Carreteras e Instalaciones, cuyos elementos solicitaron gr\u00faas y coordinaron las maniobras para el retiro de la unidad siniestrada.<\/p>\n<p>Al respecto el Centro SICT Michoac\u00e1n inform\u00f3 en sus redes sociales:<br \/>\n\u201c\u26a0\ufe0fAccidente\u26a0\ufe0fAutopista: P\u00e1tzcuaro-L\u00e1zaro C\u00e1rdenas Tramo: Nueva Italia-L\u00e1zaro C\u00e1rdenas km 160+000 Volcadura de tr\u00e1iler Cierre de sector por limpieza \ud83d\udea7Mantenga la calma, Atienda las indicaciones viales y maneje con precauci\u00f3n \u26a0\ufe0f\u201d.<\/p>\n<p><img loading=\"lazy\" decoding=\"async\" class=\"alignnone size-medium wp-image-71143\" src=\"https:\/\/mediagroup.mx\/wp-content\/uploads\/2025\/06\/WhatsApp-Image-2025-06-24-at-8.38.59-AM-2-300x225.jpeg\" alt=\"\" width=\"300\" height=\"225\" srcset=\"https:\/\/mediagroup.mx\/wp-content\/uploads\/2025\/06\/WhatsApp-Image-2025-06-24-at-8.38.59-AM-2-300x225.jpeg 300w, https:\/\/mediagroup.mx\/wp-content\/uploads\/2025\/06\/WhatsApp-Image-2025-06-24-at-8.38.59-AM-2-1024x768.jpeg 1024w, https:\/\/mediagroup.mx\/wp-content\/uploads\/2025\/06\/WhatsApp-Image-2025-06-24-at-8.38.59-AM-2-768x576.jpeg 768w, https:\/\/mediagroup.mx\/wp-content\/uploads\/2025\/06\/WhatsApp-Image-2025-06-24-at-8.38.59-AM-2-150x113.jpeg 150w, https:\/\/mediagroup.mx\/wp-content\/uploads\/2025\/06\/WhatsApp-Image-2025-06-24-at-8.38.59-AM-2-696x522.jpeg 696w, https:\/\/mediagroup.mx\/wp-content\/uploads\/2025\/06\/WhatsApp-Image-2025-06-24-at-8.38.59-AM-2-1068x801.jpeg 1068w, https:\/\/mediagroup.mx\/wp-content\/uploads\/2025\/06\/WhatsApp-Image-2025-06-24-at-8.38.59-AM-2.jpeg 1152w\" sizes=\"auto, (max-width: 300px) 100vw, 300px\" \/> <img loading=\"lazy\" decoding=\"async\" class=\"alignnone size-medium wp-image-71144\" src=\"https:\/\/mediagroup.mx\/wp-content\/uploads\/2025\/06\/WhatsApp-Image-2025-06-24-at-8.38.59-AM-1-300x169.jpeg\" alt=\"\" width=\"300\" height=\"169\" srcset=\"https:\/\/mediagroup.mx\/wp-content\/uploads\/2025\/06\/WhatsApp-Image-2025-06-24-at-8.38.59-AM-1-300x169.jpeg 300w, https:\/\/mediagroup.mx\/wp-content\/uploads\/2025\/06\/WhatsApp-Image-2025-06-24-at-8.38.59-AM-1-1024x576.jpeg 1024w, https:\/\/mediagroup.mx\/wp-content\/uploads\/2025\/06\/WhatsApp-Image-2025-06-24-at-8.38.59-AM-1-768x432.jpeg 768w, https:\/\/mediagroup.mx\/wp-content\/uploads\/2025\/06\/WhatsApp-Image-2025-06-24-at-8.38.59-AM-1-150x84.jpeg 150w, https:\/\/mediagroup.mx\/wp-content\/uploads\/2025\/06\/WhatsApp-Image-2025-06-24-at-8.38.59-AM-1-696x392.jpeg 696w, https:\/\/mediagroup.mx\/wp-content\/uploads\/2025\/06\/WhatsApp-Image-2025-06-24-at-8.38.59-AM-1-1068x601.jpeg 1068w, https:\/\/mediagroup.mx\/wp-content\/uploads\/2025\/06\/WhatsApp-Image-2025-06-24-at-8.38.59-AM-1.jpeg 1280w\" sizes=\"auto, (max-width: 300px) 100vw, 300px\" \/> <img loading=\"lazy\" decoding=\"async\" class=\"alignnone size-medium wp-image-71145\" src=\"https:\/\/mediagroup.mx\/wp-content\/uploads\/2025\/06\/WhatsApp-Image-2025-06-24-at-8.38.59-AM-300x169.jpeg\" alt=\"\" width=\"300\" height=\"169\" srcset=\"https:\/\/mediagroup.mx\/wp-content\/uploads\/2025\/06\/WhatsApp-Image-2025-06-24-at-8.38.59-AM-300x169.jpeg 300w, https:\/\/mediagroup.mx\/wp-content\/uploads\/2025\/06\/WhatsApp-Image-2025-06-24-at-8.38.59-AM-1024x576.jpeg 1024w, https:\/\/mediagroup.mx\/wp-content\/uploads\/2025\/06\/WhatsApp-Image-2025-06-24-at-8.38.59-AM-768x432.jpeg 768w, https:\/\/mediagroup.mx\/wp-content\/uploads\/2025\/06\/WhatsApp-Image-2025-06-24-at-8.38.59-AM-150x84.jpeg 150w, https:\/\/mediagroup.mx\/wp-content\/uploads\/2025\/06\/WhatsApp-Image-2025-06-24-at-8.38.59-AM-696x392.jpeg 696w, https:\/\/mediagroup.mx\/wp-content\/uploads\/2025\/06\/WhatsApp-Image-2025-06-24-at-8.38.59-AM-1068x601.jpeg 1068w, https:\/\/mediagroup.mx\/wp-content\/uploads\/2025\/06\/WhatsApp-Image-2025-06-24-at-8.38.59-AM.jpeg 1280w\" sizes=\"auto, (max-width: 300px) 100vw, 300px\" \/><\/p>\n","protected":false},"excerpt":{"rendered":"<p>RED 113 MICHOAC\u00c1N\/Redacci\u00f3n La Huacana, Mich.- 24 de junio de 2025.- La madrugada de este martes, un cami\u00f3n de carga volc\u00f3 al circular sobre la autopista Siglo XXI, ocasionando el cierre parcial de la vialidad en el tramo Cuatro Caminos -Las Ca\u00f1as. El accidente tuvo lugar a la altura del kil\u00f3metro 160+000, donde un tr\u00e1iler [&hellip;]<\/p>\n","protected":false},"author":2,"featured_media":71145,"comment_status":"closed","ping_status":"closed","sticky":false,"template":"","format":"standard","meta":{"om_disable_all_campaigns":false,"_monsterinsights_skip_tracking":false,"_monsterinsights_sitenote_active":false,"_monsterinsights_sitenote_note":"","_monsterinsights_sitenote_category":0,"_uf_show_specific_survey":0,"_uf_disable_surveys":false,"_jetpack_memberships_contains_paid_content":false,"footnotes":"","jetpack_publicize_message":"Vuelca tr\u00e1iler en la Siglo XXI; no hay heridos.","jetpack_publicize_feature_enabled":true,"jetpack_social_post_already_shared":true,"jetpack_social_options":{"image_generator_settings":{"template":"highway","default_image_id":0,"enabled":false},"version":2}},"categories":[36],"tags":[],"class_list":{"0":"post-71142","1":"post","2":"type-post","3":"status-publish","4":"format-standard","5":"has-post-thumbnail","7":"category-michoacanseguridad"},"aioseo_notices":[],"jetpack_publicize_connections":[],"jetpack_featured_media_url":"https:\/\/mediagroup.mx\/wp-content\/uploads\/2025\/06\/WhatsApp-Image-2025-06-24-at-8.38.59-AM.jpeg","jetpack_sharing_enabled":true,"_links":{"self":[{"href":"https:\/\/mediagroup.mx\/index.php\/wp-json\/wp\/v2\/posts\/71142","targetHints":{"allow":["GET"]}}],"collection":[{"href":"https:\/\/mediagroup.mx\/index.php\/wp-json\/wp\/v2\/posts"}],"about":[{"href":"https:\/\/mediagroup.mx\/index.php\/wp-json\/wp\/v2\/types\/post"}],"author":[{"embeddable":true,"href":"https:\/\/mediagroup.mx\/index.php\/wp-json\/wp\/v2\/users\/2"}],"replies":[{"embeddable":true,"href":"https:\/\/mediagroup.mx\/index.php\/wp-json\/wp\/v2\/comments?post=71142"}],"version-history":[{"count":1,"href":"https:\/\/mediagroup.mx\/index.php\/wp-json\/wp\/v2\/posts\/71142\/revisions"}],"predecessor-version":[{"id":71146,"href":"https:\/\/mediagroup.mx\/index.php\/wp-json\/wp\/v2\/posts\/71142\/revisions\/71146"}],"wp:featuredmedia":[{"embeddable":true,"href":"https:\/\/mediagroup.mx\/index.php\/wp-json\/wp\/v2\/media\/71145"}],"wp:attachment":[{"href":"https:\/\/mediagroup.mx\/index.php\/wp-json\/wp\/v2\/media?parent=71142"}],"wp:term":[{"taxonomy":"category","embeddable":true,"href":"https:\/\/mediagroup.mx\/index.php\/wp-json\/wp\/v2\/categories?post=71142"},{"taxonomy":"post_tag","embeddable":true,"href":"https:\/\/mediagroup.mx\/index.php\/wp-json\/wp\/v2\/tags?post=71142"}],"curies":[{"name":"wp","href":"https:\/\/api.w.org\/{rel}","templated":true}]}}