{"id":71153,"date":"2025-06-24T10:42:13","date_gmt":"2025-06-24T16:42:13","guid":{"rendered":"https:\/\/mediagroup.mx\/?p=71153"},"modified":"2025-06-24T10:42:13","modified_gmt":"2025-06-24T16:42:13","slug":"era-mexicoestadounidense-la-joven-asesinada-en-la-carretera-zitacuaro-aputzio-de-juarez","status":"publish","type":"post","link":"https:\/\/mediagroup.mx\/index.php\/2025\/06\/24\/era-mexicoestadounidense-la-joven-asesinada-en-la-carretera-zitacuaro-aputzio-de-juarez\/","title":{"rendered":"Era mexicoestadounidense, la joven asesinada en la carretera Zit\u00e1cuaro-Aputzio de Ju\u00e1rez."},"content":{"rendered":"<p>RED 113 MICHOAC\u00c1N\/Redacci\u00f3n<\/p>\n<p>Zit\u00e1cuaro, Mich.- Martes 24 de junio de 2025.- La joven Isabelle Ashanti, de 22 a\u00f1os de edad, quien muri\u00f3 tras una agresi\u00f3n armada en la que tambi\u00e9n resultaron lesionados su padre Valent\u00edn, de 50 a\u00f1os y su amiga Danae, de 26 a\u00f1os, ten\u00eda doble nacionalidad, es decir era mexicana y estadounidense, informaron fuentes allegadas al tema.<\/p>\n<p>De acuerdo con la informaci\u00f3n obtenida, Isabelle hab\u00eda asistido a un baile en la ciudad de Zit\u00e1cuaro la noche del pasado domingo. Al terminar el evento, su pap\u00e1 pas\u00f3 por ella y su amiga Danae, despu\u00e9s se dirigieron rumbo a su lugar de origen en Aputzio de Ju\u00e1rez.<\/p>\n<p>Ya durante los primeros minutos del lunes, en el trayecto, las mencionadas personas, quienes viajaban a bordo de una camioneta Ford F150, fueron interceptadas por sujetos armados, mismos que las amagaron para detenerse.<\/p>\n<p>Ante la situaci\u00f3n de peligro, el conductor aceler\u00f3, pero los delincuentes comenzaron a disparar contra las v\u00edctimas e Isabelle falleci\u00f3 a consecuencia de los impactos, adem\u00e1s su padre y Danae resultaron malheridos.<\/p>\n<p>Unos automovilistas fueron los que reportaron la situaci\u00f3n al n\u00famero de emergencias y solicitaron ayuda para los afectados. Posteriormente arribaron patrulleros y param\u00e9dicos, quienes confirmaron el deceso de Isabelle y trasladaron a los sobrevivientes a un hospital.<\/p>\n<p>Agentes de la Fiscal\u00eda Regional se encargaron de las investigaciones respectivas y unos peritos criminalistas trasladaron el cuerpo de Isabelle a la morgue para la pr\u00e1ctica de la necropsia de rigor; recientemente los familiares de la difunta reclamaron los restos, a efecto de otorgarles sepultura.<\/p>\n<p><img loading=\"lazy\" decoding=\"async\" class=\"alignnone size-medium wp-image-71154\" src=\"https:\/\/mediagroup.mx\/wp-content\/uploads\/2025\/06\/WhatsApp-Image-2025-06-24-at-10.27.01-AM-2-242x300.jpeg\" alt=\"\" width=\"242\" height=\"300\" srcset=\"https:\/\/mediagroup.mx\/wp-content\/uploads\/2025\/06\/WhatsApp-Image-2025-06-24-at-10.27.01-AM-2-242x300.jpeg 242w, https:\/\/mediagroup.mx\/wp-content\/uploads\/2025\/06\/WhatsApp-Image-2025-06-24-at-10.27.01-AM-2-827x1024.jpeg 827w, https:\/\/mediagroup.mx\/wp-content\/uploads\/2025\/06\/WhatsApp-Image-2025-06-24-at-10.27.01-AM-2-768x951.jpeg 768w, https:\/\/mediagroup.mx\/wp-content\/uploads\/2025\/06\/WhatsApp-Image-2025-06-24-at-10.27.01-AM-2-150x186.jpeg 150w, https:\/\/mediagroup.mx\/wp-content\/uploads\/2025\/06\/WhatsApp-Image-2025-06-24-at-10.27.01-AM-2-300x372.jpeg 300w, https:\/\/mediagroup.mx\/wp-content\/uploads\/2025\/06\/WhatsApp-Image-2025-06-24-at-10.27.01-AM-2-324x400.jpeg 324w, https:\/\/mediagroup.mx\/wp-content\/uploads\/2025\/06\/WhatsApp-Image-2025-06-24-at-10.27.01-AM-2-696x862.jpeg 696w, https:\/\/mediagroup.mx\/wp-content\/uploads\/2025\/06\/WhatsApp-Image-2025-06-24-at-10.27.01-AM-2-1068x1323.jpeg 1068w, https:\/\/mediagroup.mx\/wp-content\/uploads\/2025\/06\/WhatsApp-Image-2025-06-24-at-10.27.01-AM-2.jpeg 1200w\" sizes=\"auto, (max-width: 242px) 100vw, 242px\" \/> <img loading=\"lazy\" decoding=\"async\" class=\"alignnone size-medium wp-image-71155\" src=\"https:\/\/mediagroup.mx\/wp-content\/uploads\/2025\/06\/WhatsApp-Image-2025-06-24-at-10.27.01-AM-1-235x300.jpeg\" alt=\"\" width=\"235\" height=\"300\" srcset=\"https:\/\/mediagroup.mx\/wp-content\/uploads\/2025\/06\/WhatsApp-Image-2025-06-24-at-10.27.01-AM-1-235x300.jpeg 235w, https:\/\/mediagroup.mx\/wp-content\/uploads\/2025\/06\/WhatsApp-Image-2025-06-24-at-10.27.01-AM-1-803x1024.jpeg 803w, https:\/\/mediagroup.mx\/wp-content\/uploads\/2025\/06\/WhatsApp-Image-2025-06-24-at-10.27.01-AM-1-768x979.jpeg 768w, https:\/\/mediagroup.mx\/wp-content\/uploads\/2025\/06\/WhatsApp-Image-2025-06-24-at-10.27.01-AM-1-150x191.jpeg 150w, https:\/\/mediagroup.mx\/wp-content\/uploads\/2025\/06\/WhatsApp-Image-2025-06-24-at-10.27.01-AM-1-300x382.jpeg 300w, https:\/\/mediagroup.mx\/wp-content\/uploads\/2025\/06\/WhatsApp-Image-2025-06-24-at-10.27.01-AM-1-696x887.jpeg 696w, https:\/\/mediagroup.mx\/wp-content\/uploads\/2025\/06\/WhatsApp-Image-2025-06-24-at-10.27.01-AM-1.jpeg 943w\" sizes=\"auto, (max-width: 235px) 100vw, 235px\" \/> <img loading=\"lazy\" decoding=\"async\" class=\"alignnone size-medium wp-image-71156\" src=\"https:\/\/mediagroup.mx\/wp-content\/uploads\/2025\/06\/WhatsApp-Image-2025-06-24-at-10.27.01-AM-300x225.jpeg\" alt=\"\" width=\"300\" height=\"225\" srcset=\"https:\/\/mediagroup.mx\/wp-content\/uploads\/2025\/06\/WhatsApp-Image-2025-06-24-at-10.27.01-AM-300x225.jpeg 300w, https:\/\/mediagroup.mx\/wp-content\/uploads\/2025\/06\/WhatsApp-Image-2025-06-24-at-10.27.01-AM-1024x769.jpeg 1024w, https:\/\/mediagroup.mx\/wp-content\/uploads\/2025\/06\/WhatsApp-Image-2025-06-24-at-10.27.01-AM-768x577.jpeg 768w, https:\/\/mediagroup.mx\/wp-content\/uploads\/2025\/06\/WhatsApp-Image-2025-06-24-at-10.27.01-AM-150x113.jpeg 150w, https:\/\/mediagroup.mx\/wp-content\/uploads\/2025\/06\/WhatsApp-Image-2025-06-24-at-10.27.01-AM-696x523.jpeg 696w, https:\/\/mediagroup.mx\/wp-content\/uploads\/2025\/06\/WhatsApp-Image-2025-06-24-at-10.27.01-AM-1068x802.jpeg 1068w, https:\/\/mediagroup.mx\/wp-content\/uploads\/2025\/06\/WhatsApp-Image-2025-06-24-at-10.27.01-AM.jpeg 1440w\" sizes=\"auto, (max-width: 300px) 100vw, 300px\" \/><\/p>\n","protected":false},"excerpt":{"rendered":"<p>RED 113 MICHOAC\u00c1N\/Redacci\u00f3n Zit\u00e1cuaro, Mich.- Martes 24 de junio de 2025.- La joven Isabelle Ashanti, de 22 a\u00f1os de edad, quien muri\u00f3 tras una agresi\u00f3n armada en la que tambi\u00e9n resultaron lesionados su padre Valent\u00edn, de 50 a\u00f1os y su amiga Danae, de 26 a\u00f1os, ten\u00eda doble nacionalidad, es decir era mexicana y estadounidense, informaron [&hellip;]<\/p>\n","protected":false},"author":2,"featured_media":71156,"comment_status":"closed","ping_status":"closed","sticky":false,"template":"","format":"standard","meta":{"om_disable_all_campaigns":false,"_monsterinsights_skip_tracking":false,"_monsterinsights_sitenote_active":false,"_monsterinsights_sitenote_note":"","_monsterinsights_sitenote_category":0,"_uf_show_specific_survey":0,"_uf_disable_surveys":false,"_jetpack_memberships_contains_paid_content":false,"footnotes":"","jetpack_publicize_message":"Era mexicoestadounidense, la joven asesinada en la carretera Zit\u00e1cuaro-Aputzio de Ju\u00e1rez\r\n\r\n+ Su padre y una amiga resultaron heridos durante la agresi\u00f3n armada.\r\n+ La joven hab\u00eda asistido a un baile en Zit\u00e1cuaro y despu\u00e9s, camino a su domicilio acompa\u00f1ada por su padre y otra chica, sucedi\u00f3 el hecho de violencia.","jetpack_publicize_feature_enabled":true,"jetpack_social_post_already_shared":true,"jetpack_social_options":{"image_generator_settings":{"template":"highway","default_image_id":0,"enabled":false},"version":2}},"categories":[36],"tags":[],"class_list":{"0":"post-71153","1":"post","2":"type-post","3":"status-publish","4":"format-standard","5":"has-post-thumbnail","7":"category-michoacanseguridad"},"aioseo_notices":[],"jetpack_publicize_connections":[],"jetpack_featured_media_url":"https:\/\/mediagroup.mx\/wp-content\/uploads\/2025\/06\/WhatsApp-Image-2025-06-24-at-10.27.01-AM.jpeg","jetpack_sharing_enabled":true,"_links":{"self":[{"href":"https:\/\/mediagroup.mx\/index.php\/wp-json\/wp\/v2\/posts\/71153","targetHints":{"allow":["GET"]}}],"collection":[{"href":"https:\/\/mediagroup.mx\/index.php\/wp-json\/wp\/v2\/posts"}],"about":[{"href":"https:\/\/mediagroup.mx\/index.php\/wp-json\/wp\/v2\/types\/post"}],"author":[{"embeddable":true,"href":"https:\/\/mediagroup.mx\/index.php\/wp-json\/wp\/v2\/users\/2"}],"replies":[{"embeddable":true,"href":"https:\/\/mediagroup.mx\/index.php\/wp-json\/wp\/v2\/comments?post=71153"}],"version-history":[{"count":1,"href":"https:\/\/mediagroup.mx\/index.php\/wp-json\/wp\/v2\/posts\/71153\/revisions"}],"predecessor-version":[{"id":71157,"href":"https:\/\/mediagroup.mx\/index.php\/wp-json\/wp\/v2\/posts\/71153\/revisions\/71157"}],"wp:featuredmedia":[{"embeddable":true,"href":"https:\/\/mediagroup.mx\/index.php\/wp-json\/wp\/v2\/media\/71156"}],"wp:attachment":[{"href":"https:\/\/mediagroup.mx\/index.php\/wp-json\/wp\/v2\/media?parent=71153"}],"wp:term":[{"taxonomy":"category","embeddable":true,"href":"https:\/\/mediagroup.mx\/index.php\/wp-json\/wp\/v2\/categories?post=71153"},{"taxonomy":"post_tag","embeddable":true,"href":"https:\/\/mediagroup.mx\/index.php\/wp-json\/wp\/v2\/tags?post=71153"}],"curies":[{"name":"wp","href":"https:\/\/api.w.org\/{rel}","templated":true}]}}