{"id":71159,"date":"2025-06-24T12:02:22","date_gmt":"2025-06-24T18:02:22","guid":{"rendered":"https:\/\/mediagroup.mx\/?p=71159"},"modified":"2025-06-24T12:02:22","modified_gmt":"2025-06-24T18:02:22","slug":"asi-celebro-sheinbaum-su-cumpleanos-numero-63-en-la-mananera","status":"publish","type":"post","link":"https:\/\/mediagroup.mx\/index.php\/2025\/06\/24\/asi-celebro-sheinbaum-su-cumpleanos-numero-63-en-la-mananera\/","title":{"rendered":"As\u00ed celebr\u00f3 Sheinbaum su cumplea\u00f1os n\u00famero 63 en La Ma\u00f1anera"},"content":{"rendered":"<p class=\"paragraph\" style=\"text-align: justify;\" data-mrf-recirculation=\"Links inline\">La presidenta<b>\u00a0Claudia Sheinbaum\u00a0<\/b>celebr\u00f3 su cumplea\u00f1os n\u00famero 63 durante su conferencia matutina de hoy, en Palacio Nacional, el cual es su primer festejo como titular del Poder Ejecutivo.<\/p>\n<p class=\"paragraph\" style=\"text-align: justify;\" data-mrf-recirculation=\"Links inline\">La mandataria fue recibida por los reporteros que cubren su conferencia ma\u00f1anera y trabajadores del gobierno federal con el tradicional\u00a0<b>canto de \u2018Las Ma\u00f1anitas\u2019<\/b>\u00a0al entrar al Sal\u00f3n de Tesorer\u00eda e incluso, algunos de ellos le llevaron regalos, en su mayor\u00eda ramos de flores, y hasta un pastel.<\/p>\n<p class=\"paragraph\" style=\"text-align: justify;\" data-mrf-recirculation=\"Links inline\">Al ser cuestionada sobre c\u00f3mo celebrar\u00e1 con su familia, Sheinbaum Pardo destac\u00f3 que el domingo pasado adelant\u00f3 su festejo al recibir la visita de su hijo y su nieto, Juan Pablo.<\/p>\n<p class=\"paragraph\" style=\"text-align: justify;\" data-mrf-recirculation=\"Links inline\">Sin embargo, precis\u00f3 que hoy realizar\u00e1 sus labores con normalidad y por la tarde comer\u00e1 con su esposo, Jos\u00e9 Mar\u00eda Tarriba.<\/p>\n<p class=\"paragraph\" style=\"text-align: justify;\" data-mrf-recirculation=\"Links inline\">\u201cTrabajando, el domingo la pas\u00e9 con el nieto, que es el alma de la vida, con mi hijo su esposa, y ahora voy a comer con mi marido, pero vamos a estar trabajando\u201d, mencion\u00f3.<\/p>\n<p class=\"paragraph\" style=\"text-align: justify;\" data-mrf-recirculation=\"Links inline\">Al finalizar la conferencia ma\u00f1anera, la presidenta parti\u00f3 tres pasteles y se tom\u00f3 fotograf\u00edas con los reporteros presentes, a quienes les comparti\u00f3 una rebanada.<\/p>\n<p data-mrf-recirculation=\"Links inline\">V\u00eda: Infobae<\/p>\n","protected":false},"excerpt":{"rendered":"<p>La presidenta\u00a0Claudia Sheinbaum\u00a0celebr\u00f3 su cumplea\u00f1os n\u00famero 63 durante su conferencia matutina de hoy, en Palacio Nacional, el cual es su primer festejo como titular del Poder Ejecutivo. La mandataria fue recibida por los reporteros que cubren su conferencia ma\u00f1anera y trabajadores del gobierno federal con el tradicional\u00a0canto de \u2018Las Ma\u00f1anitas\u2019\u00a0al entrar al Sal\u00f3n de Tesorer\u00eda [&hellip;]<\/p>\n","protected":false},"author":2,"featured_media":71160,"comment_status":"closed","ping_status":"closed","sticky":false,"template":"","format":"standard","meta":{"om_disable_all_campaigns":false,"_monsterinsights_skip_tracking":false,"_monsterinsights_sitenote_active":false,"_monsterinsights_sitenote_note":"","_monsterinsights_sitenote_category":0,"_uf_show_specific_survey":0,"_uf_disable_surveys":false,"_jetpack_memberships_contains_paid_content":false,"footnotes":"","jetpack_publicize_message":"As\u00ed celebr\u00f3 Sheinbaum su cumplea\u00f1os n\u00famero 63 en La Ma\u00f1anera","jetpack_publicize_feature_enabled":true,"jetpack_social_post_already_shared":true,"jetpack_social_options":{"image_generator_settings":{"template":"highway","default_image_id":0,"enabled":false},"version":2}},"categories":[23],"tags":[],"class_list":{"0":"post-71159","1":"post","2":"type-post","3":"status-publish","4":"format-standard","5":"has-post-thumbnail","7":"category-nacional"},"aioseo_notices":[],"jetpack_publicize_connections":[],"jetpack_featured_media_url":"https:\/\/mediagroup.mx\/wp-content\/uploads\/2025\/06\/Captura-de-pantalla-2025-06-24-a-las-12.01.04.png","jetpack_sharing_enabled":true,"_links":{"self":[{"href":"https:\/\/mediagroup.mx\/index.php\/wp-json\/wp\/v2\/posts\/71159","targetHints":{"allow":["GET"]}}],"collection":[{"href":"https:\/\/mediagroup.mx\/index.php\/wp-json\/wp\/v2\/posts"}],"about":[{"href":"https:\/\/mediagroup.mx\/index.php\/wp-json\/wp\/v2\/types\/post"}],"author":[{"embeddable":true,"href":"https:\/\/mediagroup.mx\/index.php\/wp-json\/wp\/v2\/users\/2"}],"replies":[{"embeddable":true,"href":"https:\/\/mediagroup.mx\/index.php\/wp-json\/wp\/v2\/comments?post=71159"}],"version-history":[{"count":1,"href":"https:\/\/mediagroup.mx\/index.php\/wp-json\/wp\/v2\/posts\/71159\/revisions"}],"predecessor-version":[{"id":71161,"href":"https:\/\/mediagroup.mx\/index.php\/wp-json\/wp\/v2\/posts\/71159\/revisions\/71161"}],"wp:featuredmedia":[{"embeddable":true,"href":"https:\/\/mediagroup.mx\/index.php\/wp-json\/wp\/v2\/media\/71160"}],"wp:attachment":[{"href":"https:\/\/mediagroup.mx\/index.php\/wp-json\/wp\/v2\/media?parent=71159"}],"wp:term":[{"taxonomy":"category","embeddable":true,"href":"https:\/\/mediagroup.mx\/index.php\/wp-json\/wp\/v2\/categories?post=71159"},{"taxonomy":"post_tag","embeddable":true,"href":"https:\/\/mediagroup.mx\/index.php\/wp-json\/wp\/v2\/tags?post=71159"}],"curies":[{"name":"wp","href":"https:\/\/api.w.org\/{rel}","templated":true}]}}