{"id":71165,"date":"2025-06-24T12:08:18","date_gmt":"2025-06-24T18:08:18","guid":{"rendered":"https:\/\/mediagroup.mx\/?p=71165"},"modified":"2025-06-24T12:08:18","modified_gmt":"2025-06-24T18:08:18","slug":"atletico-de-madrid-y-espana-arremeten-contra-el-arbitraje-de-cesar-ramos-en-el-mundial-de-clubes-tras-eliminacion","status":"publish","type":"post","link":"https:\/\/mediagroup.mx\/index.php\/2025\/06\/24\/atletico-de-madrid-y-espana-arremeten-contra-el-arbitraje-de-cesar-ramos-en-el-mundial-de-clubes-tras-eliminacion\/","title":{"rendered":"Atl\u00e9tico de Madrid y Espa\u00f1a arremeten contra el arbitraje de C\u00e9sar Ramos en el Mundial de Clubes tras eliminaci\u00f3n"},"content":{"rendered":"<p style=\"text-align: justify;\"><a href=\"https:\/\/www.record.com.mx\/futbol-futbol-internacional-internacionales\/atletico-de-madrid-goleo-seattle-para-evitar-la\"><strong>Atl\u00e9tico de Madrid<\/strong><\/a>\u00a0venci\u00f3 al\u00a0<a href=\"https:\/\/www.record.com.mx\/futbol-futbol-internacional-internacionales\/dueno-del-botafogo-sobre-james-rodriguez-hemos-estado\"><strong>Botafogo\u00a0<\/strong><\/a>en la \u00faltima jornada del Grupo B; sin embargo no fue suficiente para avanzar a la instancia de los Octavos de Final debido a la diferencia de goles tras haber conseguido seis unidades.<\/p>\n<p style=\"text-align: justify;\">La tempranera eliminaci\u00f3n de los Colchoneros en el Mundial de Clubes no pas\u00f3 desapercibida y no dudaron de culpar al arbitraje del mexicano C\u00e9sar Arturo Ramos Palazuelos, el cual -desde su punto de vista- perjudic\u00f3 al equipo, incluso haciendo eco desde Espa\u00f1a con el mismo tema.<\/p>\n<p style=\"text-align: justify;\">Diego Pablo Simeone no se fue contento del partido y tras el encuentro, el entrenador argentino fue contundente al se\u00f1alar el arbitraje del mexicano, que seg\u00fan el Cholo, jug\u00f3 en su contra.<\/p>\n<p style=\"text-align: justify;\">\u201cHoy revis\u00f3 una jugada anterior para no cobrar un penalti\u2026m\u00e1s de lo mismo. Termin\u00f3 conden\u00e1ndonos el partido ante el Par\u00eds Saint-Germain, donde toda la decisi\u00f3n nos desfavoreci\u00f3\u201d.<\/p>\n<p style=\"text-align: justify;\">Giuliano Simeone tambi\u00e9n critic\u00f3 la participaci\u00f3n del arbitraje y asegur\u00f3 que no hab\u00eda visto algo similar con el silbante y sus decisiones: \u201cNunca vi algo igual, la verdad. Yo creo que fueron los dos penales. No lo vi de nuevo, capaz me equivoco, tendr\u00eda que verlo de nuevo. Creo que nos est\u00e1 favoreciendo en nada las decisiones, en todas las divididas, tenemos que jugar contra eso\u201d.<\/p>\n<p style=\"text-align: justify;\"><img loading=\"lazy\" decoding=\"async\" src=\"https:\/\/www.record.com.mx\/sites\/default\/files\/inline-images\/simeoo3.jpg\" width=\"1200\" height=\"565\" data-entity-uuid=\"1315cc9d-d206-4674-a4e4-0ab7af400bf8\" data-entity-type=\"file\" data-caption=\"Eliminados del Mundial de Clubes l AP\" \/><\/p>\n<div class=\"field--name-field-pie-de-foto\" style=\"text-align: justify;\">Eliminados del Mundial de Clubes l AP<\/div>\n<h2 style=\"text-align: justify;\">Reacci\u00f3n en Espa\u00f1a<\/h2>\n<p style=\"text-align: justify;\">El Diario Marca de Espa\u00f1a dedic\u00f3 un posteo en redes sociales mencionando lo siguiente con la foto de Juli\u00e1n \u00c1lvarez lament\u00e1ndose: \u201cEL MENTIROSO. Lo del VAR en este Mundial\u2026vaya penalti a Juli\u00e1n. Ver para creer para un Atl\u00e9tico que no ha tenido suerte con los arbitrajes en este Mundial\u201d.<\/p>\n<div id=\"standard_4\" class=\"st-placement standard_4 inImage\" style=\"text-align: justify;\">\n<div class=\"st-adunit st-adunit-tagged st-reset st-show\">\n<div class=\"st-adunit-ad st-reset\">\n<div class=\"st-display-render st-reset open 320x480\">\n<div class=\"st-canvas st-reset vertical-static\"><\/div>\n<\/div>\n<\/div>\n<\/div>\n<\/div>\n<p style=\"text-align: justify;\"><img loading=\"lazy\" decoding=\"async\" src=\"https:\/\/www.record.com.mx\/sites\/default\/files\/inline-images\/jul2.png\" width=\"582\" height=\"540\" data-entity-uuid=\"812dd1ce-2430-444c-a973-a218acd51f3b\" data-entity-type=\"file\" data-caption=\"Eliminaci\u00f3n del Atleti l CAPTURA&amp;nbsp;\" \/><\/p>\n<p>V\u00eda: R\u00e9cord<\/p>\n","protected":false},"excerpt":{"rendered":"<p>Atl\u00e9tico de Madrid\u00a0venci\u00f3 al\u00a0Botafogo\u00a0en la \u00faltima jornada del Grupo B; sin embargo no fue suficiente para avanzar a la instancia de los Octavos de Final debido a la diferencia de goles tras haber conseguido seis unidades. La tempranera eliminaci\u00f3n de los Colchoneros en el Mundial de Clubes no pas\u00f3 desapercibida y no dudaron de culpar [&hellip;]<\/p>\n","protected":false},"author":2,"featured_media":71166,"comment_status":"closed","ping_status":"closed","sticky":false,"template":"","format":"standard","meta":{"om_disable_all_campaigns":false,"_monsterinsights_skip_tracking":false,"_monsterinsights_sitenote_active":false,"_monsterinsights_sitenote_note":"","_monsterinsights_sitenote_category":0,"_uf_show_specific_survey":0,"_uf_disable_surveys":false,"_jetpack_memberships_contains_paid_content":false,"footnotes":"","jetpack_publicize_message":"#Deportes Atl\u00e9tico de Madrid y Espa\u00f1a arremeten contra el arbitraje de C\u00e9sar Ramos en el Mundial de Clubes tras eliminaci\u00f3n","jetpack_publicize_feature_enabled":true,"jetpack_social_post_already_shared":true,"jetpack_social_options":{"image_generator_settings":{"template":"highway","default_image_id":0,"enabled":false},"version":2}},"categories":[19],"tags":[],"class_list":{"0":"post-71165","1":"post","2":"type-post","3":"status-publish","4":"format-standard","5":"has-post-thumbnail","7":"category-deportes"},"aioseo_notices":[],"jetpack_publicize_connections":[],"jetpack_featured_media_url":"https:\/\/mediagroup.mx\/wp-content\/uploads\/2025\/06\/Captura-de-pantalla-2025-06-24-a-las-12.06.14.png","jetpack_sharing_enabled":true,"_links":{"self":[{"href":"https:\/\/mediagroup.mx\/index.php\/wp-json\/wp\/v2\/posts\/71165","targetHints":{"allow":["GET"]}}],"collection":[{"href":"https:\/\/mediagroup.mx\/index.php\/wp-json\/wp\/v2\/posts"}],"about":[{"href":"https:\/\/mediagroup.mx\/index.php\/wp-json\/wp\/v2\/types\/post"}],"author":[{"embeddable":true,"href":"https:\/\/mediagroup.mx\/index.php\/wp-json\/wp\/v2\/users\/2"}],"replies":[{"embeddable":true,"href":"https:\/\/mediagroup.mx\/index.php\/wp-json\/wp\/v2\/comments?post=71165"}],"version-history":[{"count":1,"href":"https:\/\/mediagroup.mx\/index.php\/wp-json\/wp\/v2\/posts\/71165\/revisions"}],"predecessor-version":[{"id":71167,"href":"https:\/\/mediagroup.mx\/index.php\/wp-json\/wp\/v2\/posts\/71165\/revisions\/71167"}],"wp:featuredmedia":[{"embeddable":true,"href":"https:\/\/mediagroup.mx\/index.php\/wp-json\/wp\/v2\/media\/71166"}],"wp:attachment":[{"href":"https:\/\/mediagroup.mx\/index.php\/wp-json\/wp\/v2\/media?parent=71165"}],"wp:term":[{"taxonomy":"category","embeddable":true,"href":"https:\/\/mediagroup.mx\/index.php\/wp-json\/wp\/v2\/categories?post=71165"},{"taxonomy":"post_tag","embeddable":true,"href":"https:\/\/mediagroup.mx\/index.php\/wp-json\/wp\/v2\/tags?post=71165"}],"curies":[{"name":"wp","href":"https:\/\/api.w.org\/{rel}","templated":true}]}}