{"id":71168,"date":"2025-06-24T12:09:20","date_gmt":"2025-06-24T18:09:20","guid":{"rendered":"https:\/\/mediagroup.mx\/?p=71168"},"modified":"2025-06-24T12:09:20","modified_gmt":"2025-06-24T18:09:20","slug":"diego-luna-arremete-contra-donald-trump-por-deportaciones-de-migrantes","status":"publish","type":"post","link":"https:\/\/mediagroup.mx\/index.php\/2025\/06\/24\/diego-luna-arremete-contra-donald-trump-por-deportaciones-de-migrantes\/","title":{"rendered":"Diego Luna arremete contra Donald Trump por deportaciones de migrantes"},"content":{"rendered":"<p style=\"text-align: justify;\">El actor mexicano Diego Luna critic\u00f3 la pol\u00edtica migratoria del gobierno del presidente Donald Trump y asegur\u00f3 que demasiada gente \u00abvive con miedo\u00bb en Estados Unidos. El int\u00e9rprete particip\u00f3 como el presentador invitado del programa\u00a0Jimmy Kimmel\u00a0Live! la noche del lunes.<\/p>\n<p style=\"text-align: justify;\">\u201cCon todo lo que est\u00e1 pasando en este pa\u00eds en torno a la inmigraci\u00f3n y las pol\u00edticas autoritarias de Donald Trump, no es poca cosa que un mexicano sea el anfitri\u00f3n de un programa tan importante\u201c, dijo.<\/p>\n<p style=\"text-align: justify;\">El protagonista de \u00abY tu mam\u00e1 tambi\u00e9n\u00bb, ha cobrado revelancia por su interpretaci\u00f3n del personaje de\u00a0Cassian Andor en la pel\u00edcula Rogue One de la saga de Star Wars, que actualmente presenta una nueva temporada en la serie del mismo nombre.<\/p>\n<p style=\"text-align: justify;\">Durante el segmento habl\u00f3 sobre la importancia de los inmigrantes y las \u00abcosas maravillosas\u00bb que aportan a Estados Unidos, lo injusto que es vivir con miedo, la violencia y la separaci\u00f3n familiar.<\/p>\n<p style=\"text-align: justify;\">Luna critic\u00f3 la postura del actual presidente, diciendo: \u201cNunca he sido capaz de entender del todo c\u00f3mo alguien como Trump es capaz de adquirir este nivel de poder.\u00a0Tambi\u00e9n me cuesta entender c\u00f3mo su discurso de odio puede arraigarse en un pa\u00eds cuya naturaleza siempre ha sido acogedora.<\/p>\n<p style=\"text-align: justify;\">El histri\u00f3n lament\u00f3 la ola de deportaciones que ha separado familias enteras y us\u00f3 el espacio para compartir algunas de las historias m\u00e1s conmovedoras que ha escuchado a lo largo de su estancia en Los \u00c1ngeles:\u00a0\u201cEste lugar es un poderoso ejemplo de lo que es posible, de lo que se puede conseguir cuando anteponemos la empat\u00eda\u201d.<\/p>\n<p style=\"text-align: justify;\">Esto es muy injusto, y d\u00e9jenme decirles por qu\u00e9: las m\u00faltiples veces que este pa\u00eds ha tenido que reconstruirse a s\u00ed mismo, los inmigrantes siempre han estado ah\u00ed para ayudar. A principios de este a\u00f1o, cuando LA ardi\u00f3, los trabajadores inmigrantes arriesgaron sus vidas para detener las llamas\u201d.<\/p>\n<p style=\"text-align: justify;\">A lo largo de esta semana, Diego Luna ser\u00e1 anfitri\u00f3n del popular programa nocturno. La emisi\u00f3n de ayer cont\u00f3 con\u00a0diversas estrellas de la comunidad latina, incluyendo a su amiga y compa\u00f1era de escena en \u201cAndor\u201d, la actriz Adria Arjona.\u00a0La int\u00e9rprete Nezza, quien desafi\u00f3 las reglas de los Dodgers al cantar el himno nacional en espa\u00f1ol, y los Hermanos Guti\u00e9rrez fueron los dos actos musicales de la noche.<\/p>\n<p style=\"text-align: justify;\">Se ha revelado que durante los d\u00edas restantes estar\u00e1n\u00a0Ariela Barer, la mexicoamericana que actua en \u201cThe Last of Us\u201d,\u00a0\u00a0la legendaria activista Dolores Huerta.<\/p>\n<p>V\u00eda: Proceso<\/p>\n","protected":false},"excerpt":{"rendered":"<p>El actor mexicano Diego Luna critic\u00f3 la pol\u00edtica migratoria del gobierno del presidente Donald Trump y asegur\u00f3 que demasiada gente \u00abvive con miedo\u00bb en Estados Unidos. El int\u00e9rprete particip\u00f3 como el presentador invitado del programa\u00a0Jimmy Kimmel\u00a0Live! la noche del lunes. \u201cCon todo lo que est\u00e1 pasando en este pa\u00eds en torno a la inmigraci\u00f3n y [&hellip;]<\/p>\n","protected":false},"author":2,"featured_media":71169,"comment_status":"closed","ping_status":"closed","sticky":false,"template":"","format":"standard","meta":{"om_disable_all_campaigns":false,"_monsterinsights_skip_tracking":false,"_monsterinsights_sitenote_active":false,"_monsterinsights_sitenote_note":"","_monsterinsights_sitenote_category":0,"_uf_show_specific_survey":0,"_uf_disable_surveys":false,"_jetpack_memberships_contains_paid_content":false,"footnotes":"","jetpack_publicize_message":"Diego Luna arremete contra Donald Trump por deportaciones de migrantes","jetpack_publicize_feature_enabled":true,"jetpack_social_post_already_shared":true,"jetpack_social_options":{"image_generator_settings":{"template":"highway","default_image_id":0,"enabled":false},"version":2}},"categories":[21],"tags":[],"class_list":{"0":"post-71168","1":"post","2":"type-post","3":"status-publish","4":"format-standard","5":"has-post-thumbnail","7":"category-entretenimiento"},"aioseo_notices":[],"jetpack_publicize_connections":[],"jetpack_featured_media_url":"https:\/\/mediagroup.mx\/wp-content\/uploads\/2025\/06\/Captura-de-pantalla-2025-06-24-a-las-12.08.36.png","jetpack_sharing_enabled":true,"_links":{"self":[{"href":"https:\/\/mediagroup.mx\/index.php\/wp-json\/wp\/v2\/posts\/71168","targetHints":{"allow":["GET"]}}],"collection":[{"href":"https:\/\/mediagroup.mx\/index.php\/wp-json\/wp\/v2\/posts"}],"about":[{"href":"https:\/\/mediagroup.mx\/index.php\/wp-json\/wp\/v2\/types\/post"}],"author":[{"embeddable":true,"href":"https:\/\/mediagroup.mx\/index.php\/wp-json\/wp\/v2\/users\/2"}],"replies":[{"embeddable":true,"href":"https:\/\/mediagroup.mx\/index.php\/wp-json\/wp\/v2\/comments?post=71168"}],"version-history":[{"count":1,"href":"https:\/\/mediagroup.mx\/index.php\/wp-json\/wp\/v2\/posts\/71168\/revisions"}],"predecessor-version":[{"id":71170,"href":"https:\/\/mediagroup.mx\/index.php\/wp-json\/wp\/v2\/posts\/71168\/revisions\/71170"}],"wp:featuredmedia":[{"embeddable":true,"href":"https:\/\/mediagroup.mx\/index.php\/wp-json\/wp\/v2\/media\/71169"}],"wp:attachment":[{"href":"https:\/\/mediagroup.mx\/index.php\/wp-json\/wp\/v2\/media?parent=71168"}],"wp:term":[{"taxonomy":"category","embeddable":true,"href":"https:\/\/mediagroup.mx\/index.php\/wp-json\/wp\/v2\/categories?post=71168"},{"taxonomy":"post_tag","embeddable":true,"href":"https:\/\/mediagroup.mx\/index.php\/wp-json\/wp\/v2\/tags?post=71168"}],"curies":[{"name":"wp","href":"https:\/\/api.w.org\/{rel}","templated":true}]}}