{"id":71171,"date":"2025-06-24T12:10:41","date_gmt":"2025-06-24T18:10:41","guid":{"rendered":"https:\/\/mediagroup.mx\/?p=71171"},"modified":"2025-06-24T12:10:41","modified_gmt":"2025-06-24T18:10:41","slug":"sheinbaum-va-por-reforma-electoral-acusa-que-ine-se-extralimito-en-votos-de-eleccion-judicial","status":"publish","type":"post","link":"https:\/\/mediagroup.mx\/index.php\/2025\/06\/24\/sheinbaum-va-por-reforma-electoral-acusa-que-ine-se-extralimito-en-votos-de-eleccion-judicial\/","title":{"rendered":"Sheinbaum va por reforma electoral; acusa que INE se extralimit\u00f3 en votos de elecci\u00f3n judicial"},"content":{"rendered":"<p class=\"sc__font-paragraph\" style=\"text-align: justify;\">La presidenta<b>\u00a0<\/b><a title=\"https:\/\/www.eluniversal.com.mx\/nacion\/claudia-sheinbaum-cumple-63-anos-politicos-funcionarios-publicos-y-youtubers-de-la-mananera-la-felicitan\/\" href=\"https:\/\/www.eluniversal.com.mx\/nacion\/claudia-sheinbaum-cumple-63-anos-politicos-funcionarios-publicos-y-youtubers-de-la-mananera-la-felicitan\/\" target=\"_blank\" rel=\"noopener noreferrer\" data-mrf-link=\"https:\/\/www.eluniversal.com.mx\/nacion\/claudia-sheinbaum-cumple-63-anos-politicos-funcionarios-publicos-y-youtubers-de-la-mananera-la-felicitan\/\"><b>Claudia Sheinbaum Pardo<\/b>\u00a0<\/a>acus\u00f3 que el instituto Nacional Electoral<b>\u00a0<\/b><a title=\"https:\/\/www.eluniversal.com.mx\/nacion\/ine-confirma-multa-a-morena-por-21-millones-de-pesos-partido-omitio-gastos-en-bardas-y-espectaculares-en-2024\/\" href=\"https:\/\/www.eluniversal.com.mx\/nacion\/ine-confirma-multa-a-morena-por-21-millones-de-pesos-partido-omitio-gastos-en-bardas-y-espectaculares-en-2024\/\" target=\"_blank\" rel=\"noopener noreferrer\" data-mrf-link=\"https:\/\/www.eluniversal.com.mx\/nacion\/ine-confirma-multa-a-morena-por-21-millones-de-pesos-partido-omitio-gastos-en-bardas-y-espectaculares-en-2024\/\"><b>(INE)<\/b>\u00a0<\/a>\u201cse extralimit\u00f3\u201d al decir que \u201chab\u00eda votos que no deber\u00edan de haberse incorporado\u201d al resultado final de la elecci\u00f3n judicial.<\/p>\n<p class=\"sc__font-paragraph\" style=\"text-align: justify;\">En su conferencia ma\u00f1anera de este martes 24 de junio en Palacio Nacional, Sheinbaum Pardo insisti\u00f3 en una\u00a0<b>reforma electoral\u00a0<\/b>\u201cque hace falta y ya en su momento la vamos a presentar\u201d.<\/p>\n<p class=\"sc__font-paragraph\" style=\"text-align: justify;\">\u201cDesde mi punto de vista se extralimit\u00f3 en decir que hab\u00eda votos que no deber\u00edan de haberse incorporado al resultado final, esa es labor del Tribunal Electoral, no del INE. Tribunal tiene esa atribuci\u00f3n, el Instituto Nacional Electoral no.<\/p>\n<p style=\"text-align: justify;\">\u201cEntonces, s\u00ed son un grupo de consejeros que no act\u00faan buscando que se cumpla la voluntad del pueblo, que finalmente eso es la democracia, sino que tiene una posici\u00f3n pol\u00edtica que se traduce en \u00b4todo lo que est\u00e9 en contra del gobierno de la cuarta transformaci\u00f3n hay que votar en contra\u00b4, independientemente de cu\u00e1l sea o qu\u00e9 se presente\u201d, expres\u00f3.<\/p>\n<p class=\"sc__font-paragraph\" style=\"text-align: justify;\">Indic\u00f3 que la reforma electoral tiene que ver con la\u00a0<b>cantidad de recursos\u00a0<\/b>que se utilizan para el INE y para los partidos pol\u00edticos: \u201cY otras formas tambi\u00e9n, los plurinominales para darles una nueva tarea a los coment\u00f3cratas para que empiecen a hablar de eso\u201d.<\/p>\n<p class=\"sc__font-paragraph\" style=\"text-align: justify;\">Reiter\u00f3 que en la oposici\u00f3n hay \u201cmucha hipocres\u00eda\u201d porque hablan que \u201cse acab\u00f3 la Rep\u00fablica, que hay antidemocracia, que el gobierno censura\u201d.<\/p>\n<p style=\"text-align: justify;\">\u201cHablan de censura como retah\u00edla, nunca hablan del fraude electoral del 2006\u201d, dijo al se\u00f1alar al exconsejero presidente del INE, Lorenzo C\u00f3rdova.<\/p>\n<p>V\u00eda: El Universal<\/p>\n","protected":false},"excerpt":{"rendered":"<p>La presidenta\u00a0Claudia Sheinbaum Pardo\u00a0acus\u00f3 que el instituto Nacional Electoral\u00a0(INE)\u00a0\u201cse extralimit\u00f3\u201d al decir que \u201chab\u00eda votos que no deber\u00edan de haberse incorporado\u201d al resultado final de la elecci\u00f3n judicial. En su conferencia ma\u00f1anera de este martes 24 de junio en Palacio Nacional, Sheinbaum Pardo insisti\u00f3 en una\u00a0reforma electoral\u00a0\u201cque hace falta y ya en su momento la [&hellip;]<\/p>\n","protected":false},"author":2,"featured_media":71172,"comment_status":"closed","ping_status":"closed","sticky":false,"template":"","format":"standard","meta":{"om_disable_all_campaigns":false,"_monsterinsights_skip_tracking":false,"_monsterinsights_sitenote_active":false,"_monsterinsights_sitenote_note":"","_monsterinsights_sitenote_category":0,"_uf_show_specific_survey":0,"_uf_disable_surveys":false,"_jetpack_memberships_contains_paid_content":false,"footnotes":"","jetpack_publicize_message":"Sheinbaum va por reforma electoral; acusa que INE se extralimit\u00f3 en votos de elecci\u00f3n judicial","jetpack_publicize_feature_enabled":true,"jetpack_social_post_already_shared":true,"jetpack_social_options":{"image_generator_settings":{"template":"highway","default_image_id":0,"enabled":false},"version":2}},"categories":[63],"tags":[],"class_list":{"0":"post-71171","1":"post","2":"type-post","3":"status-publish","4":"format-standard","5":"has-post-thumbnail","7":"category-politica"},"aioseo_notices":[],"jetpack_publicize_connections":[],"jetpack_featured_media_url":"https:\/\/mediagroup.mx\/wp-content\/uploads\/2025\/06\/Captura-de-pantalla-2025-06-24-a-las-12.09.35.png","jetpack_sharing_enabled":true,"_links":{"self":[{"href":"https:\/\/mediagroup.mx\/index.php\/wp-json\/wp\/v2\/posts\/71171","targetHints":{"allow":["GET"]}}],"collection":[{"href":"https:\/\/mediagroup.mx\/index.php\/wp-json\/wp\/v2\/posts"}],"about":[{"href":"https:\/\/mediagroup.mx\/index.php\/wp-json\/wp\/v2\/types\/post"}],"author":[{"embeddable":true,"href":"https:\/\/mediagroup.mx\/index.php\/wp-json\/wp\/v2\/users\/2"}],"replies":[{"embeddable":true,"href":"https:\/\/mediagroup.mx\/index.php\/wp-json\/wp\/v2\/comments?post=71171"}],"version-history":[{"count":1,"href":"https:\/\/mediagroup.mx\/index.php\/wp-json\/wp\/v2\/posts\/71171\/revisions"}],"predecessor-version":[{"id":71173,"href":"https:\/\/mediagroup.mx\/index.php\/wp-json\/wp\/v2\/posts\/71171\/revisions\/71173"}],"wp:featuredmedia":[{"embeddable":true,"href":"https:\/\/mediagroup.mx\/index.php\/wp-json\/wp\/v2\/media\/71172"}],"wp:attachment":[{"href":"https:\/\/mediagroup.mx\/index.php\/wp-json\/wp\/v2\/media?parent=71171"}],"wp:term":[{"taxonomy":"category","embeddable":true,"href":"https:\/\/mediagroup.mx\/index.php\/wp-json\/wp\/v2\/categories?post=71171"},{"taxonomy":"post_tag","embeddable":true,"href":"https:\/\/mediagroup.mx\/index.php\/wp-json\/wp\/v2\/tags?post=71171"}],"curies":[{"name":"wp","href":"https:\/\/api.w.org\/{rel}","templated":true}]}}