{"id":71250,"date":"2025-06-24T09:20:16","date_gmt":"2025-06-24T15:20:16","guid":{"rendered":"https:\/\/mediagroup.mx\/?p=71250"},"modified":"2025-06-25T09:21:52","modified_gmt":"2025-06-25T15:21:52","slug":"se-incendia-un-cuarto-en-domicilio-de-la-colonia-centro-de-morelia","status":"publish","type":"post","link":"https:\/\/mediagroup.mx\/index.php\/2025\/06\/24\/se-incendia-un-cuarto-en-domicilio-de-la-colonia-centro-de-morelia\/","title":{"rendered":"Se incendia un cuarto en domicilio de la colonia Centro de Morelia."},"content":{"rendered":"<p>RED 113 MICHOAC\u00c1N\/Redacci\u00f3n<\/p>\n<p>Morelia, Mich.- Martes 24 de junio de 2025.- Un incendio, aparentemente derivado de un corto circuito, perjudic\u00f3 la habitaci\u00f3n de un domicilio ubicado en la colonia Centro de Morelia, hecho que afortunadamente no dej\u00f3 personas lesionadas ni fallecidas.<\/p>\n<p>De acuerdo con autoridades policiales y de rescate, lo anterior se registr\u00f3 la tarde de este martes en el cuarto localizado en la tercera planta de un inmueble de la calle Juan Jos\u00e9 de Lejarza casi esquina con Padre Lloreda.<\/p>\n<p>Unos vecinos detectaron el humo e inmediatamente lo reportaron al n\u00famero de emergencias, despu\u00e9s arribaron elementos de la Coordinaci\u00f3n Estatal de Protecci\u00f3n Civil Michoac\u00e1n (CEPCM), quienes combatieron el fuego hasta que lo sofocaron. En las labores de ayuda tambi\u00e9n participaron patrulleros municipales.<\/p>\n<p><img loading=\"lazy\" decoding=\"async\" class=\"alignnone size-medium wp-image-71251\" src=\"https:\/\/mediagroup.mx\/wp-content\/uploads\/2025\/06\/WhatsApp-Image-2025-06-24-at-7.09.13-PM-2-228x300.jpeg\" alt=\"\" width=\"228\" height=\"300\" srcset=\"https:\/\/mediagroup.mx\/wp-content\/uploads\/2025\/06\/WhatsApp-Image-2025-06-24-at-7.09.13-PM-2-228x300.jpeg 228w, https:\/\/mediagroup.mx\/wp-content\/uploads\/2025\/06\/WhatsApp-Image-2025-06-24-at-7.09.13-PM-2-780x1024.jpeg 780w, https:\/\/mediagroup.mx\/wp-content\/uploads\/2025\/06\/WhatsApp-Image-2025-06-24-at-7.09.13-PM-2-768x1008.jpeg 768w, https:\/\/mediagroup.mx\/wp-content\/uploads\/2025\/06\/WhatsApp-Image-2025-06-24-at-7.09.13-PM-2-150x197.jpeg 150w, https:\/\/mediagroup.mx\/wp-content\/uploads\/2025\/06\/WhatsApp-Image-2025-06-24-at-7.09.13-PM-2-300x394.jpeg 300w, https:\/\/mediagroup.mx\/wp-content\/uploads\/2025\/06\/WhatsApp-Image-2025-06-24-at-7.09.13-PM-2-696x914.jpeg 696w, https:\/\/mediagroup.mx\/wp-content\/uploads\/2025\/06\/WhatsApp-Image-2025-06-24-at-7.09.13-PM-2-1068x1402.jpeg 1068w, https:\/\/mediagroup.mx\/wp-content\/uploads\/2025\/06\/WhatsApp-Image-2025-06-24-at-7.09.13-PM-2.jpeg 1080w\" sizes=\"auto, (max-width: 228px) 100vw, 228px\" \/> <img loading=\"lazy\" decoding=\"async\" class=\"alignnone size-medium wp-image-71252\" src=\"https:\/\/mediagroup.mx\/wp-content\/uploads\/2025\/06\/WhatsApp-Image-2025-06-24-at-7.09.13-PM-1-228x300.jpeg\" alt=\"\" width=\"228\" height=\"300\" srcset=\"https:\/\/mediagroup.mx\/wp-content\/uploads\/2025\/06\/WhatsApp-Image-2025-06-24-at-7.09.13-PM-1-228x300.jpeg 228w, https:\/\/mediagroup.mx\/wp-content\/uploads\/2025\/06\/WhatsApp-Image-2025-06-24-at-7.09.13-PM-1-780x1024.jpeg 780w, https:\/\/mediagroup.mx\/wp-content\/uploads\/2025\/06\/WhatsApp-Image-2025-06-24-at-7.09.13-PM-1-768x1008.jpeg 768w, https:\/\/mediagroup.mx\/wp-content\/uploads\/2025\/06\/WhatsApp-Image-2025-06-24-at-7.09.13-PM-1-150x197.jpeg 150w, https:\/\/mediagroup.mx\/wp-content\/uploads\/2025\/06\/WhatsApp-Image-2025-06-24-at-7.09.13-PM-1-300x394.jpeg 300w, https:\/\/mediagroup.mx\/wp-content\/uploads\/2025\/06\/WhatsApp-Image-2025-06-24-at-7.09.13-PM-1-696x914.jpeg 696w, https:\/\/mediagroup.mx\/wp-content\/uploads\/2025\/06\/WhatsApp-Image-2025-06-24-at-7.09.13-PM-1-1068x1402.jpeg 1068w, https:\/\/mediagroup.mx\/wp-content\/uploads\/2025\/06\/WhatsApp-Image-2025-06-24-at-7.09.13-PM-1.jpeg 1080w\" sizes=\"auto, (max-width: 228px) 100vw, 228px\" \/> <img loading=\"lazy\" decoding=\"async\" class=\"alignnone size-medium wp-image-71253\" src=\"https:\/\/mediagroup.mx\/wp-content\/uploads\/2025\/06\/WhatsApp-Image-2025-06-24-at-7.09.13-PM-225x300.jpeg\" alt=\"\" width=\"225\" height=\"300\" srcset=\"https:\/\/mediagroup.mx\/wp-content\/uploads\/2025\/06\/WhatsApp-Image-2025-06-24-at-7.09.13-PM-225x300.jpeg 225w, https:\/\/mediagroup.mx\/wp-content\/uploads\/2025\/06\/WhatsApp-Image-2025-06-24-at-7.09.13-PM-768x1024.jpeg 768w, https:\/\/mediagroup.mx\/wp-content\/uploads\/2025\/06\/WhatsApp-Image-2025-06-24-at-7.09.13-PM-150x200.jpeg 150w, https:\/\/mediagroup.mx\/wp-content\/uploads\/2025\/06\/WhatsApp-Image-2025-06-24-at-7.09.13-PM-300x400.jpeg 300w, https:\/\/mediagroup.mx\/wp-content\/uploads\/2025\/06\/WhatsApp-Image-2025-06-24-at-7.09.13-PM-696x928.jpeg 696w, https:\/\/mediagroup.mx\/wp-content\/uploads\/2025\/06\/WhatsApp-Image-2025-06-24-at-7.09.13-PM.jpeg 960w\" sizes=\"auto, (max-width: 225px) 100vw, 225px\" \/><\/p>\n","protected":false},"excerpt":{"rendered":"<p>RED 113 MICHOAC\u00c1N\/Redacci\u00f3n Morelia, Mich.- Martes 24 de junio de 2025.- Un incendio, aparentemente derivado de un corto circuito, perjudic\u00f3 la habitaci\u00f3n de un domicilio ubicado en la colonia Centro de Morelia, hecho que afortunadamente no dej\u00f3 personas lesionadas ni fallecidas. De acuerdo con autoridades policiales y de rescate, lo anterior se registr\u00f3 la tarde [&hellip;]<\/p>\n","protected":false},"author":2,"featured_media":71253,"comment_status":"closed","ping_status":"closed","sticky":false,"template":"","format":"standard","meta":{"om_disable_all_campaigns":false,"_monsterinsights_skip_tracking":false,"_monsterinsights_sitenote_active":false,"_monsterinsights_sitenote_note":"","_monsterinsights_sitenote_category":0,"_uf_show_specific_survey":0,"_uf_disable_surveys":false,"_jetpack_memberships_contains_paid_content":false,"footnotes":"","jetpack_publicize_message":"Se incendia un cuarto en domicilio de la colonia Centro de Morelia\r\n\r\n+ \u00danicamente hubo da\u00f1os materiales.","jetpack_publicize_feature_enabled":true,"jetpack_social_post_already_shared":true,"jetpack_social_options":{"image_generator_settings":{"template":"highway","default_image_id":0,"enabled":false},"version":2}},"categories":[28],"tags":[],"class_list":{"0":"post-71250","1":"post","2":"type-post","3":"status-publish","4":"format-standard","5":"has-post-thumbnail","7":"category-moreliaseguridad"},"aioseo_notices":[],"jetpack_publicize_connections":[],"jetpack_featured_media_url":"https:\/\/mediagroup.mx\/wp-content\/uploads\/2025\/06\/WhatsApp-Image-2025-06-24-at-7.09.13-PM.jpeg","jetpack_sharing_enabled":true,"_links":{"self":[{"href":"https:\/\/mediagroup.mx\/index.php\/wp-json\/wp\/v2\/posts\/71250","targetHints":{"allow":["GET"]}}],"collection":[{"href":"https:\/\/mediagroup.mx\/index.php\/wp-json\/wp\/v2\/posts"}],"about":[{"href":"https:\/\/mediagroup.mx\/index.php\/wp-json\/wp\/v2\/types\/post"}],"author":[{"embeddable":true,"href":"https:\/\/mediagroup.mx\/index.php\/wp-json\/wp\/v2\/users\/2"}],"replies":[{"embeddable":true,"href":"https:\/\/mediagroup.mx\/index.php\/wp-json\/wp\/v2\/comments?post=71250"}],"version-history":[{"count":1,"href":"https:\/\/mediagroup.mx\/index.php\/wp-json\/wp\/v2\/posts\/71250\/revisions"}],"predecessor-version":[{"id":71254,"href":"https:\/\/mediagroup.mx\/index.php\/wp-json\/wp\/v2\/posts\/71250\/revisions\/71254"}],"wp:featuredmedia":[{"embeddable":true,"href":"https:\/\/mediagroup.mx\/index.php\/wp-json\/wp\/v2\/media\/71253"}],"wp:attachment":[{"href":"https:\/\/mediagroup.mx\/index.php\/wp-json\/wp\/v2\/media?parent=71250"}],"wp:term":[{"taxonomy":"category","embeddable":true,"href":"https:\/\/mediagroup.mx\/index.php\/wp-json\/wp\/v2\/categories?post=71250"},{"taxonomy":"post_tag","embeddable":true,"href":"https:\/\/mediagroup.mx\/index.php\/wp-json\/wp\/v2\/tags?post=71250"}],"curies":[{"name":"wp","href":"https:\/\/api.w.org\/{rel}","templated":true}]}}