{"id":71269,"date":"2025-06-24T09:30:00","date_gmt":"2025-06-24T15:30:00","guid":{"rendered":"https:\/\/mediagroup.mx\/?p=71269"},"modified":"2025-06-25T09:31:21","modified_gmt":"2025-06-25T15:31:21","slug":"quiroga-impulsa-la-seguridad-vial-con-la-campana-fijate-pues-y-se-suma-al-programa-estatal","status":"publish","type":"post","link":"https:\/\/mediagroup.mx\/index.php\/2025\/06\/24\/quiroga-impulsa-la-seguridad-vial-con-la-campana-fijate-pues-y-se-suma-al-programa-estatal\/","title":{"rendered":"Quiroga impulsa la seguridad vial con la campa\u00f1a \u201cF\u00edjate Pues\u201d y se suma al programa estatal"},"content":{"rendered":"<p>Quiroga, Michoac\u00e1n, 24 de junio de 2025.- Con el firme compromiso de mejorar la seguridad vial en el municipio, la presidenta municipal de Quiroga, Alma Mireya Gonz\u00e1lez S\u00e1nchez, encabez\u00f3 junto a la secretaria de Desarrollo Urbano y Movilidad del Gobierno del Estado, Gladyz Butanda Mac\u00edas, el arranque oficial de la campa\u00f1a estatal F\u00edjate Pues, una estrategia integral para fomentar una movilidad m\u00e1s segura y consciente en Michoac\u00e1n.<\/p>\n<p>Durante el acto, se firm\u00f3 el convenio de colaboraci\u00f3n entre el Ayuntamiento de Quiroga y la Secretar\u00eda de Desarrollo Urbano y Movilidad, dando paso a capacitaciones y auditor\u00edas viales que permitir\u00e1n detectar factores de riesgo, como la falta de uso del casco, y generar soluciones que protejan a la ciudadan\u00eda.<\/p>\n<p>\u201cCon F\u00edjate Pues construimos un cambio real desde lo local. Trabajar de la mano con los municipios nos permite generar conciencia, salvar vidas y avanzar hacia una movilidad m\u00e1s ordenada y con respeto para todas y todos\u201d, se\u00f1al\u00f3 la secretaria Gladyz Butanda.<\/p>\n<p>Por su parte, la presidenta Alma Mireya Gonz\u00e1lez refrend\u00f3 su compromiso de seguir impulsando pol\u00edticas p\u00fablicas que garanticen el bienestar y la seguridad de las y los quiroguenses. Reconoci\u00f3 que esta campa\u00f1a es un paso fundamental para construir un municipio m\u00e1s seguro, moderno y comprometido con la vida de quienes transitan por sus calles.<\/p>\n<p>El Gobierno Municipal de Quiroga reafirma as\u00ed su liderazgo y responsabilidad en temas de movilidad urbana, trabajando en equipo con el Gobierno del Estado para seguir transformando de forma positiva la vida de sus habitantes.<\/p>\n<p><img loading=\"lazy\" decoding=\"async\" class=\"alignnone size-medium wp-image-71270\" src=\"https:\/\/mediagroup.mx\/wp-content\/uploads\/2025\/06\/WhatsApp-Image-2025-06-24-at-8.56.54-PM-1-300x200.jpeg\" alt=\"\" width=\"300\" height=\"200\" srcset=\"https:\/\/mediagroup.mx\/wp-content\/uploads\/2025\/06\/WhatsApp-Image-2025-06-24-at-8.56.54-PM-1-300x200.jpeg 300w, https:\/\/mediagroup.mx\/wp-content\/uploads\/2025\/06\/WhatsApp-Image-2025-06-24-at-8.56.54-PM-1-1024x682.jpeg 1024w, https:\/\/mediagroup.mx\/wp-content\/uploads\/2025\/06\/WhatsApp-Image-2025-06-24-at-8.56.54-PM-1-768x512.jpeg 768w, https:\/\/mediagroup.mx\/wp-content\/uploads\/2025\/06\/WhatsApp-Image-2025-06-24-at-8.56.54-PM-1-1536x1023.jpeg 1536w, https:\/\/mediagroup.mx\/wp-content\/uploads\/2025\/06\/WhatsApp-Image-2025-06-24-at-8.56.54-PM-1-150x100.jpeg 150w, https:\/\/mediagroup.mx\/wp-content\/uploads\/2025\/06\/WhatsApp-Image-2025-06-24-at-8.56.54-PM-1-696x464.jpeg 696w, https:\/\/mediagroup.mx\/wp-content\/uploads\/2025\/06\/WhatsApp-Image-2025-06-24-at-8.56.54-PM-1-1068x712.jpeg 1068w, https:\/\/mediagroup.mx\/wp-content\/uploads\/2025\/06\/WhatsApp-Image-2025-06-24-at-8.56.54-PM-1.jpeg 1600w\" sizes=\"auto, (max-width: 300px) 100vw, 300px\" \/> <img loading=\"lazy\" decoding=\"async\" class=\"alignnone size-medium wp-image-71271\" src=\"https:\/\/mediagroup.mx\/wp-content\/uploads\/2025\/06\/WhatsApp-Image-2025-06-24-at-8.56.54-PM-300x200.jpeg\" alt=\"\" width=\"300\" height=\"200\" srcset=\"https:\/\/mediagroup.mx\/wp-content\/uploads\/2025\/06\/WhatsApp-Image-2025-06-24-at-8.56.54-PM-300x200.jpeg 300w, https:\/\/mediagroup.mx\/wp-content\/uploads\/2025\/06\/WhatsApp-Image-2025-06-24-at-8.56.54-PM-1024x682.jpeg 1024w, https:\/\/mediagroup.mx\/wp-content\/uploads\/2025\/06\/WhatsApp-Image-2025-06-24-at-8.56.54-PM-768x512.jpeg 768w, https:\/\/mediagroup.mx\/wp-content\/uploads\/2025\/06\/WhatsApp-Image-2025-06-24-at-8.56.54-PM-1536x1023.jpeg 1536w, https:\/\/mediagroup.mx\/wp-content\/uploads\/2025\/06\/WhatsApp-Image-2025-06-24-at-8.56.54-PM-150x100.jpeg 150w, https:\/\/mediagroup.mx\/wp-content\/uploads\/2025\/06\/WhatsApp-Image-2025-06-24-at-8.56.54-PM-696x464.jpeg 696w, https:\/\/mediagroup.mx\/wp-content\/uploads\/2025\/06\/WhatsApp-Image-2025-06-24-at-8.56.54-PM-1068x712.jpeg 1068w, https:\/\/mediagroup.mx\/wp-content\/uploads\/2025\/06\/WhatsApp-Image-2025-06-24-at-8.56.54-PM.jpeg 1600w\" sizes=\"auto, (max-width: 300px) 100vw, 300px\" \/><\/p>\n","protected":false},"excerpt":{"rendered":"<p>Quiroga, Michoac\u00e1n, 24 de junio de 2025.- Con el firme compromiso de mejorar la seguridad vial en el municipio, la presidenta municipal de Quiroga, Alma Mireya Gonz\u00e1lez S\u00e1nchez, encabez\u00f3 junto a la secretaria de Desarrollo Urbano y Movilidad del Gobierno del Estado, Gladyz Butanda Mac\u00edas, el arranque oficial de la campa\u00f1a estatal F\u00edjate Pues, una [&hellip;]<\/p>\n","protected":false},"author":2,"featured_media":71271,"comment_status":"closed","ping_status":"closed","sticky":false,"template":"","format":"standard","meta":{"om_disable_all_campaigns":false,"_monsterinsights_skip_tracking":false,"_monsterinsights_sitenote_active":false,"_monsterinsights_sitenote_note":"","_monsterinsights_sitenote_category":0,"_uf_show_specific_survey":0,"_uf_disable_surveys":false,"_jetpack_memberships_contains_paid_content":false,"footnotes":"","jetpack_publicize_message":"Quiroga impulsa la seguridad vial con la campa\u00f1a \u201cF\u00edjate Pues\u201d y se suma al programa estatal\r\n\r\n-Alma Mireya Gonz\u00e1lez y Gladyz Butanda firman convenio.","jetpack_publicize_feature_enabled":true,"jetpack_social_post_already_shared":true,"jetpack_social_options":{"image_generator_settings":{"template":"highway","default_image_id":0,"enabled":false},"version":2}},"categories":[15],"tags":[],"class_list":{"0":"post-71269","1":"post","2":"type-post","3":"status-publish","4":"format-standard","5":"has-post-thumbnail","7":"category-michoacan"},"aioseo_notices":[],"jetpack_publicize_connections":[],"jetpack_featured_media_url":"https:\/\/mediagroup.mx\/wp-content\/uploads\/2025\/06\/WhatsApp-Image-2025-06-24-at-8.56.54-PM.jpeg","jetpack_sharing_enabled":true,"_links":{"self":[{"href":"https:\/\/mediagroup.mx\/index.php\/wp-json\/wp\/v2\/posts\/71269","targetHints":{"allow":["GET"]}}],"collection":[{"href":"https:\/\/mediagroup.mx\/index.php\/wp-json\/wp\/v2\/posts"}],"about":[{"href":"https:\/\/mediagroup.mx\/index.php\/wp-json\/wp\/v2\/types\/post"}],"author":[{"embeddable":true,"href":"https:\/\/mediagroup.mx\/index.php\/wp-json\/wp\/v2\/users\/2"}],"replies":[{"embeddable":true,"href":"https:\/\/mediagroup.mx\/index.php\/wp-json\/wp\/v2\/comments?post=71269"}],"version-history":[{"count":1,"href":"https:\/\/mediagroup.mx\/index.php\/wp-json\/wp\/v2\/posts\/71269\/revisions"}],"predecessor-version":[{"id":71272,"href":"https:\/\/mediagroup.mx\/index.php\/wp-json\/wp\/v2\/posts\/71269\/revisions\/71272"}],"wp:featuredmedia":[{"embeddable":true,"href":"https:\/\/mediagroup.mx\/index.php\/wp-json\/wp\/v2\/media\/71271"}],"wp:attachment":[{"href":"https:\/\/mediagroup.mx\/index.php\/wp-json\/wp\/v2\/media?parent=71269"}],"wp:term":[{"taxonomy":"category","embeddable":true,"href":"https:\/\/mediagroup.mx\/index.php\/wp-json\/wp\/v2\/categories?post=71269"},{"taxonomy":"post_tag","embeddable":true,"href":"https:\/\/mediagroup.mx\/index.php\/wp-json\/wp\/v2\/tags?post=71269"}],"curies":[{"name":"wp","href":"https:\/\/api.w.org\/{rel}","templated":true}]}}