{"id":71590,"date":"2025-06-27T10:28:23","date_gmt":"2025-06-27T16:28:23","guid":{"rendered":"https:\/\/mediagroup.mx\/?p=71590"},"modified":"2025-06-27T10:28:23","modified_gmt":"2025-06-27T16:28:23","slug":"china-y-estados-unidos-sellan-acuerdo-comercial-tras-tension-causada-por-aranceles","status":"publish","type":"post","link":"https:\/\/mediagroup.mx\/index.php\/2025\/06\/27\/china-y-estados-unidos-sellan-acuerdo-comercial-tras-tension-causada-por-aranceles\/","title":{"rendered":"China y Estados Unidos sellan acuerdo comercial tras tensi\u00f3n causada por aranceles"},"content":{"rendered":"<div class=\"paragraph\" style=\"text-align: justify;\"><b>China y Estados Unidos<\/b>\u00a0ya han acordado los t\u00e9rminos del acuerdo que sellaron en su \u00faltima ronda de negociaciones, celebrada en Londres, y Pek\u00edn \u00abrevisar\u00e1 y aprobar\u00e1\u00bb las solicitudes de exportaci\u00f3n de bienes restringidos, como las tierras raras, inform\u00f3 hoy el Ministerio chino de Comercio.<\/div>\n<div id=\"contenido-cerrado-piano\" class=\"contenido-cerrado-piano\" style=\"text-align: justify;\"><\/div>\n<div class=\"paragraph\" style=\"text-align: justify;\">\u00abTras las negociaciones en Londres, los equipos de China y EE. UU.\u00a0<b>mantuvieron una comunicaci\u00f3n cercana<\/b>. Recientemente ambas partes confirmaron los detalles del acuerdo\u00bb, indic\u00f3 un portavoz de la mencionada instituci\u00f3n en un comunicado divulgado hoy en su p\u00e1gina web oficial.<\/div>\n<figure class=\"c-cuerpo__media c-cuerpo__media--imagen\" style=\"text-align: justify;\">\n<div class=\"c-cuerpo__media__thumb\" data-type=\"zoom\"><img loading=\"lazy\" decoding=\"async\" src=\"https:\/\/imagenes.eltiempo.com\/files\/image_600_455\/files\/fp\/uploads\/2025\/06\/10\/684827ee33ba8.r_d.1500-984-2313.jpeg\" alt=\"Estados Unidos, China\" width=\"600\" height=\"455\" data-full-src=\"https:\/\/imagenes.eltiempo.com\/uploads\/2025\/06\/10\/684827ee33ba8.jpeg\" \/><\/div><figcaption class=\"c-cuerpo__media__info\">\n<p class=\"c-cuerpo__media__txt\"><span class=\"c-cuerpo__media__subtitulo c-articulo-img-descripcion\">Negociadores de Estados Unidos y China se re\u00fanen para desescalar la guerra comercial.<\/span><span class=\"c-cuerpo__media__creditos\">\u00a0FOTO:<\/span><span class=\"c-cuerpo__media__autor\">AFP<\/span><\/p>\n<\/figcaption><\/figure>\n<div class=\"paragraph\" style=\"text-align: justify;\">El documento indica que<b>\u00a0\u00abChina revisar\u00e1 y aprobar\u00e1 las solicitudes de exportaci\u00f3n<\/b>\u00a0de bienes controlados que cumplan con las condiciones con arreglo a la ley\u00bb, en una aparente referencia a las tierras raras, minerales clave para sectores como defensa o automoci\u00f3n y cuya producci\u00f3n controla el pa\u00eds asi\u00e1tico, que impuso restricciones a su venta al extranjero a principios de abril.<\/div>\n<div class=\"paragraph\" style=\"text-align: justify;\">A cambio, asegura Comercio, \u00abEstados Unidos cancelar\u00e1 una serie de medidas restrictivas que tom\u00f3 contra China\u00bb, sin ofrecer detalles al respecto.<\/div>\n<div class=\"c-leatambien c-leatambien--varios\" style=\"text-align: justify;\">\n<article class=\"c-articulo--mini\" data-publicacion=\"2025-06-27\" data-id=\"3467007\" data-autor=\"Daniela gutierrez munar\" data-bloqueo=\"Abierto\" data-name=\"Japon ejecuta al 'asesino de twitter': primera pena de muerte desde 2022\" data-category=\"Mundo\/asia\" data-editorial=\"Editorial\" data-tipocontenido=\"Articulo\" data-clasecontenido=\"Tendencia\" data-redactorvisible=\"Daniela gutierrez munar\" data-position=\"0\" data-board=\"Lea tambi\u00e9n\" data-seccion=\"Mundo\" data-subseccion=\"Asia\">\n<div class=\"c-articulo__info\">\n<div class=\"c-articulo__detalle\">\n<p>&nbsp;<\/p>\n<p class=\"c-articulo__detalle__txt\"><b style=\"font-family: Verdana, BlinkMacSystemFont, -apple-system, 'Segoe UI', Roboto, Oxygen, Ubuntu, Cantarell, 'Open Sans', 'Helvetica Neue', sans-serif;\">\u00abSe espera que EE. UU. y China encuentren un t\u00e9rmino medio <\/b><span style=\"font-family: Verdana, BlinkMacSystemFont, -apple-system, 'Segoe UI', Roboto, Oxygen, Ubuntu, Cantarell, 'Open Sans', 'Helvetica Neue', sans-serif;\">y cumplan con los importantes consensos y requisitos alcanzados por los jefes de Estado el pasado 5 de junio\u00bb, apunta el comunicado, en referencia a la llamada entre los presidentes de\u00a0<\/span><b style=\"font-family: Verdana, BlinkMacSystemFont, -apple-system, 'Segoe UI', Roboto, Oxygen, Ubuntu, Cantarell, 'Open Sans', 'Helvetica Neue', sans-serif;\">EE. UU. y China, Donald Trump y Xi Jinping,\u00a0<\/b><span style=\"font-family: Verdana, BlinkMacSystemFont, -apple-system, 'Segoe UI', Roboto, Oxygen, Ubuntu, Cantarell, 'Open Sans', 'Helvetica Neue', sans-serif;\">que desbloque\u00f3 la situaci\u00f3n y habilit\u00f3 a que representantes comerciales de ambas potencias se reuniesen en Londres.<\/span><\/p>\n<\/div>\n<\/div>\n<\/article>\n<\/div>\n<figure class=\"c-cuerpo__media c-cuerpo__media--imagen\" style=\"text-align: justify;\">\n<div class=\"c-cuerpo__media__thumb\" data-type=\"zoom\"><img loading=\"lazy\" decoding=\"async\" src=\"https:\/\/imagenes.eltiempo.com\/files\/image_600_455\/uploads\/2025\/03\/12\/67d1a6f0e1e30.png\" alt=\"1\" width=\"600\" height=\"455\" data-full-src=\"https:\/\/imagenes.eltiempo.com\/uploads\/2025\/03\/12\/67d1a6f0e1e30.png\" \/><\/div><figcaption class=\"c-cuerpo__media__info\">\n<p class=\"c-cuerpo__media__txt\"><span class=\"c-cuerpo__media__subtitulo c-articulo-img-descripcion\">ARANCELES<\/span><span class=\"c-cuerpo__media__creditos\">\u00a0FOTO:<\/span><span class=\"c-cuerpo__media__autor\">ISTOCK<\/span><\/p>\n<\/figcaption><\/figure>\n<div class=\"paragraph\" style=\"text-align: justify;\">As\u00ed, China confirma las declaraciones que Trump efectu\u00f3 este jueves, en las que revel\u00f3 que EE. UU. hab\u00eda firmado el acuerdo con China un d\u00eda antes, aunque sin ofrecer tampoco detalles al respecto.<\/div>\n<h2 style=\"text-align: justify;\">Aranceles, tregua, acusaciones&#8230;<\/h2>\n<div class=\"paragraph\" style=\"text-align: justify;\">No obstante, a mediados de junio, tras las dos jornadas de negociaciones en la capital brit\u00e1nica, el l\u00edder republicano apunt\u00f3 que el acuerdo incluye\u00a0<b>un arancel estadounidense del 55 % a productos chinos y otro del 10 % a los bienes del pa\u00eds norteamericano por parte de Pek\u00edn.<\/b><\/div>\n<div><\/div>\n<div class=\"paragraph\" style=\"text-align: justify;\">El entendimiento de Londres supon\u00eda el establecimiento de un marco de trabajo que implementase el \u00abconsenso\u00bb alcanzado por Xi y Trump en la mencionada llamada, aunque estaba pendiente precisamente de que ambos l\u00edderes diesen su visto bueno definitivo para su firma.<\/div>\n<div><\/div>\n<div class=\"paragraph\" style=\"text-align: justify;\">Esa ronda de negociaciones\u00a0<b>busc\u00f3 rebajar las tensiones entre ambas potencias\u00a0<\/b>despu\u00e9s de que se acusaran mutuamente de incumplir el acuerdo alcanzado en Ginebra (Suiza) en mayo, que dio comienzo a una tregua comercial de 90 d\u00edas por la cual\u00a0<b>China reducir\u00eda del 125 % al 10 % sus aranceles a productos estadounidenses mientras que EE. UU. har\u00eda lo propio del 145 % al 30 % para los bienes chinos.<\/b><\/div>\n<figure class=\"c-cuerpo__media c-cuerpo__media--imagen\" style=\"text-align: justify;\">\n<div class=\"c-cuerpo__media__thumb\" data-type=\"zoom\"><img loading=\"lazy\" decoding=\"async\" src=\"https:\/\/imagenes.eltiempo.com\/files\/image_600_455\/files\/fp\/uploads\/2025\/04\/03\/67eec7a44fcb1.r_d.250-198.jpeg\" alt=\"1\" width=\"600\" height=\"455\" data-full-src=\"https:\/\/imagenes.eltiempo.com\/uploads\/2025\/04\/03\/67eec7a44fcb1.jpeg\" \/><\/div><figcaption class=\"c-cuerpo__media__info\">\n<p class=\"c-cuerpo__media__txt\"><span class=\"c-cuerpo__media__subtitulo c-articulo-img-descripcion\">Trump aranceles<\/span><span class=\"c-cuerpo__media__creditos\">\u00a0FOTO:<\/span><span class=\"c-cuerpo__media__autor\">ARCHIVO EL TIEMPO\/COLLAGE<\/span><\/p>\n<\/figcaption><\/figure>\n<div class=\"paragraph\" style=\"text-align: justify;\"><b>China hab\u00eda denunciado que EE. UU. hab\u00eda incumplido esa tregua<\/b>\u00a0al restringir la exportaci\u00f3n de chips de inteligencia artificial (IA), suspender ventas de software de dise\u00f1o de semiconductores o amenazar con revocar visados para estudiantes chinos, mientras que Washington consideraba que Pek\u00edn no honraba el pacto por las mencionadas limitaciones a las exportaciones de tierras raras.<\/div>\n<div><\/div>\n<div class=\"paragraph\" style=\"text-align: justify;\">Tras su regreso a la Casa Blanca,\u00a0<b>Trump intensific\u00f3 la guerra comercial\u00a0<\/b>que \u00e9l mismo hab\u00eda iniciado en 2018 al dar comienzo a una escalada arancelaria contra China que se tradujo, en la pr\u00e1ctica, en una suerte de embargo comercial entre las dos mayores potencias econ\u00f3micas del mundo.<\/div>\n<div><\/div>\n<div>V\u00eda: El Tiempo<\/div>\n","protected":false},"excerpt":{"rendered":"<p>China y Estados Unidos\u00a0ya han acordado los t\u00e9rminos del acuerdo que sellaron en su \u00faltima ronda de negociaciones, celebrada en Londres, y Pek\u00edn \u00abrevisar\u00e1 y aprobar\u00e1\u00bb las solicitudes de exportaci\u00f3n de bienes restringidos, como las tierras raras, inform\u00f3 hoy el Ministerio chino de Comercio. \u00abTras las negociaciones en Londres, los equipos de China y EE. [&hellip;]<\/p>\n","protected":false},"author":2,"featured_media":71591,"comment_status":"closed","ping_status":"closed","sticky":false,"template":"","format":"standard","meta":{"om_disable_all_campaigns":false,"_monsterinsights_skip_tracking":false,"_monsterinsights_sitenote_active":false,"_monsterinsights_sitenote_note":"","_monsterinsights_sitenote_category":0,"_uf_show_specific_survey":0,"_uf_disable_surveys":false,"_jetpack_memberships_contains_paid_content":false,"footnotes":"","jetpack_publicize_message":"China y Estados Unidos sellan acuerdo comercial tras tensi\u00f3n causada por aranceles","jetpack_publicize_feature_enabled":true,"jetpack_social_post_already_shared":true,"jetpack_social_options":{"image_generator_settings":{"template":"highway","default_image_id":0,"enabled":false},"version":2}},"categories":[6],"tags":[],"class_list":{"0":"post-71590","1":"post","2":"type-post","3":"status-publish","4":"format-standard","5":"has-post-thumbnail","7":"category-global"},"aioseo_notices":[],"jetpack_publicize_connections":[],"jetpack_featured_media_url":"https:\/\/mediagroup.mx\/wp-content\/uploads\/2025\/06\/Captura-de-pantalla-2025-06-27-a-las-10.27.12.png","jetpack_sharing_enabled":true,"_links":{"self":[{"href":"https:\/\/mediagroup.mx\/index.php\/wp-json\/wp\/v2\/posts\/71590","targetHints":{"allow":["GET"]}}],"collection":[{"href":"https:\/\/mediagroup.mx\/index.php\/wp-json\/wp\/v2\/posts"}],"about":[{"href":"https:\/\/mediagroup.mx\/index.php\/wp-json\/wp\/v2\/types\/post"}],"author":[{"embeddable":true,"href":"https:\/\/mediagroup.mx\/index.php\/wp-json\/wp\/v2\/users\/2"}],"replies":[{"embeddable":true,"href":"https:\/\/mediagroup.mx\/index.php\/wp-json\/wp\/v2\/comments?post=71590"}],"version-history":[{"count":1,"href":"https:\/\/mediagroup.mx\/index.php\/wp-json\/wp\/v2\/posts\/71590\/revisions"}],"predecessor-version":[{"id":71592,"href":"https:\/\/mediagroup.mx\/index.php\/wp-json\/wp\/v2\/posts\/71590\/revisions\/71592"}],"wp:featuredmedia":[{"embeddable":true,"href":"https:\/\/mediagroup.mx\/index.php\/wp-json\/wp\/v2\/media\/71591"}],"wp:attachment":[{"href":"https:\/\/mediagroup.mx\/index.php\/wp-json\/wp\/v2\/media?parent=71590"}],"wp:term":[{"taxonomy":"category","embeddable":true,"href":"https:\/\/mediagroup.mx\/index.php\/wp-json\/wp\/v2\/categories?post=71590"},{"taxonomy":"post_tag","embeddable":true,"href":"https:\/\/mediagroup.mx\/index.php\/wp-json\/wp\/v2\/tags?post=71590"}],"curies":[{"name":"wp","href":"https:\/\/api.w.org\/{rel}","templated":true}]}}