{"id":71599,"date":"2025-06-27T12:07:19","date_gmt":"2025-06-27T18:07:19","guid":{"rendered":"https:\/\/mediagroup.mx\/?p=71599"},"modified":"2025-06-27T12:07:19","modified_gmt":"2025-06-27T18:07:19","slug":"reformar-el-codigo-penal-claman-animalistas-castigo-ejemplar-a-quienes-maltraten-animales","status":"publish","type":"post","link":"https:\/\/mediagroup.mx\/index.php\/2025\/06\/27\/reformar-el-codigo-penal-claman-animalistas-castigo-ejemplar-a-quienes-maltraten-animales\/","title":{"rendered":"Reformar el C\u00f3digo Penal, claman animalistas; castigo ejemplar a quienes maltraten animales"},"content":{"rendered":"<p style=\"text-align: justify;\">Carlos Maya, abogado e integrante de la Asociaci\u00f3n de Abogados y Animalistas de M\u00e9xico (ASAAM), hizo un llamado urgente al Congreso del Estado para reformar el C\u00f3digo Penal de Michoac\u00e1n y clasificar como delito grave los actos de crueldad contra los animales.<\/p>\n<p style=\"text-align: justify;\">Maya lament\u00f3 que actualmente actos como el envenenamiento, ahorcamiento o incluso el abuso sexual de un animal no se sancionen con penas ejemplares.<\/p>\n<p style=\"text-align: justify;\">Explic\u00f3 que estos delitos, pese a su gravedad, solo contemplan castigos de hasta seis a\u00f1os de c\u00e1rcel, mientras que otras conductas como alterar una placa vehicular pueden alcanzar ocho a\u00f1os de prisi\u00f3n.<\/p>\n<p style=\"text-align: justify;\">\u00abLos acusados por crueldad animal suelen beneficiarse de mecanismos como acuerdos reparatorios y suspensiones condicionales, sin enfrentar consecuencias reales. Es absurdo que delitos como manipular una placa de auto se castiguen con m\u00e1s severidad que matar a un animal con crueldad\u00bb, lament\u00f3.<\/p>\n<p style=\"text-align: justify;\">Recalc\u00f3 que este desequilibrio legal socava el principio de justicia y, peor a\u00fan, permite que delitos atroces queden impunes.<\/p>\n<p style=\"text-align: justify;\">El abogado ejemplific\u00f3 con el caso del exalcalde de Tanganc\u00edcuaro, David Melgoza Monta\u00f1ez, quien asesin\u00f3 a balazos a las perritas Buba y Canela sin que hubiera una sanci\u00f3n proporcional.<\/p>\n<p style=\"text-align: justify;\">Subray\u00f3 que las salidas alternas previstas en el sistema penal acusatorio, como la suspensi\u00f3n condicional del proceso o los acuerdos reparatorios, est\u00e1n condicionadas a que la pena m\u00e1xima no exceda los cinco a\u00f1os.<\/p>\n<p style=\"text-align: justify;\">As\u00ed, incluso con agravantes, el delito de crueldad animal rara vez supera esa media aritm\u00e9tica, abriendo la puerta a la impunidad.<\/p>\n<p style=\"text-align: justify;\">A\u00f1adi\u00f3 que el no castigar con justicia estos hechos genera descontento social y una profunda percepci\u00f3n de impunidad entre la ciudadan\u00eda michoacana, lo que afecta el tejido social.<\/p>\n<p style=\"text-align: justify;\">En su calidad tambi\u00e9n de abogado del Colectivo Estatal Animalista de Michoac\u00e1n (CEAM), Maya, inst\u00f3 al Poder Legislativo a no frenar los avances recientes en materia de protecci\u00f3n animal.<\/p>\n<p style=\"text-align: justify;\">Pidi\u00f3 que se modifiquen las disposiciones penales pertinentes para que la crueldad animal sea considerada delito grave, se aumenten las penas, y se garantice justicia para las v\u00edctimas no humanas.<\/p>\n","protected":false},"excerpt":{"rendered":"<p>Carlos Maya, abogado e integrante de la Asociaci\u00f3n de Abogados y Animalistas de M\u00e9xico (ASAAM), hizo un llamado urgente al Congreso del Estado para reformar el C\u00f3digo Penal de Michoac\u00e1n y clasificar como delito grave los actos de crueldad contra los animales. Maya lament\u00f3 que actualmente actos como el envenenamiento, ahorcamiento o incluso el abuso [&hellip;]<\/p>\n","protected":false},"author":2,"featured_media":71600,"comment_status":"closed","ping_status":"closed","sticky":false,"template":"","format":"standard","meta":{"om_disable_all_campaigns":false,"_monsterinsights_skip_tracking":false,"_monsterinsights_sitenote_active":false,"_monsterinsights_sitenote_note":"","_monsterinsights_sitenote_category":0,"_uf_show_specific_survey":0,"_uf_disable_surveys":false,"_jetpack_memberships_contains_paid_content":false,"footnotes":"","jetpack_publicize_message":"Reformar el C\u00f3digo Penal, claman animalistas; castigo ejemplar a quienes maltraten animales","jetpack_publicize_feature_enabled":true,"jetpack_social_post_already_shared":true,"jetpack_social_options":{"image_generator_settings":{"template":"highway","default_image_id":0,"enabled":false},"version":2}},"categories":[15],"tags":[],"class_list":{"0":"post-71599","1":"post","2":"type-post","3":"status-publish","4":"format-standard","5":"has-post-thumbnail","7":"category-michoacan"},"aioseo_notices":[],"jetpack_publicize_connections":[],"jetpack_featured_media_url":"https:\/\/mediagroup.mx\/wp-content\/uploads\/2025\/06\/WhatsApp-Image-2025-06-27-at-12.04.40-PM.jpeg","jetpack_sharing_enabled":true,"_links":{"self":[{"href":"https:\/\/mediagroup.mx\/index.php\/wp-json\/wp\/v2\/posts\/71599","targetHints":{"allow":["GET"]}}],"collection":[{"href":"https:\/\/mediagroup.mx\/index.php\/wp-json\/wp\/v2\/posts"}],"about":[{"href":"https:\/\/mediagroup.mx\/index.php\/wp-json\/wp\/v2\/types\/post"}],"author":[{"embeddable":true,"href":"https:\/\/mediagroup.mx\/index.php\/wp-json\/wp\/v2\/users\/2"}],"replies":[{"embeddable":true,"href":"https:\/\/mediagroup.mx\/index.php\/wp-json\/wp\/v2\/comments?post=71599"}],"version-history":[{"count":1,"href":"https:\/\/mediagroup.mx\/index.php\/wp-json\/wp\/v2\/posts\/71599\/revisions"}],"predecessor-version":[{"id":71601,"href":"https:\/\/mediagroup.mx\/index.php\/wp-json\/wp\/v2\/posts\/71599\/revisions\/71601"}],"wp:featuredmedia":[{"embeddable":true,"href":"https:\/\/mediagroup.mx\/index.php\/wp-json\/wp\/v2\/media\/71600"}],"wp:attachment":[{"href":"https:\/\/mediagroup.mx\/index.php\/wp-json\/wp\/v2\/media?parent=71599"}],"wp:term":[{"taxonomy":"category","embeddable":true,"href":"https:\/\/mediagroup.mx\/index.php\/wp-json\/wp\/v2\/categories?post=71599"},{"taxonomy":"post_tag","embeddable":true,"href":"https:\/\/mediagroup.mx\/index.php\/wp-json\/wp\/v2\/tags?post=71599"}],"curies":[{"name":"wp","href":"https:\/\/api.w.org\/{rel}","templated":true}]}}