{"id":71602,"date":"2025-06-27T13:17:25","date_gmt":"2025-06-27T19:17:25","guid":{"rendered":"https:\/\/mediagroup.mx\/?p=71602"},"modified":"2025-06-27T13:17:25","modified_gmt":"2025-06-27T19:17:25","slug":"muere-en-hospital-hombre-lesionado-en-enfrentamiento-armado-en-arroyo-colorado","status":"publish","type":"post","link":"https:\/\/mediagroup.mx\/index.php\/2025\/06\/27\/muere-en-hospital-hombre-lesionado-en-enfrentamiento-armado-en-arroyo-colorado\/","title":{"rendered":"Muere en hospital hombre lesionado en enfrentamiento armado en Arroyo Colorado"},"content":{"rendered":"<p>RED 113 MICHOAC\u00c1N\/Redacci\u00f3n<\/p>\n<p>Uruapan, Mich.- 27 de junio de 2025.- Luego de permanecer internado por m\u00e1s de una semana, un hombre que result\u00f3 herido en un enfrentamiento armado registrado en la comunidad de Arroyo Colorado, municipio de Uruapan, falleci\u00f3 durante las primeras horas de este viernes en el Hospital Regional de Uruapan.<\/p>\n<p>La v\u00edctima fue identificada como Luis Manuel M., quien ingres\u00f3 al nosocomio el pasado 16 de junio con m\u00faltiples heridas de bala en distintas partes del cuerpo. A pesar de los esfuerzos m\u00e9dicos, su estado de salud se complic\u00f3 y finalmente perdi\u00f3 la vida esta madrugada.<\/p>\n<p>Tras su fallecimiento, el personal m\u00e9dico notific\u00f3 a la Fiscal\u00eda General del Estado, por lo que los agentes de la Unidad Especializada en la Escena del Crimen acudieron al hospital para realizar las diligencias correspondientes y dar inicio a la investigaci\u00f3n oficial del caso.<\/p>\n<p>De acuerdo con los reportes, Luis Manuel M. fue localizado herido sobre la carretera Uruapan-Playa Azul, a la altura del kil\u00f3metro 37, siendo canalizado a recibir atenci\u00f3n m\u00e9dica. En ese sitio tambi\u00e9n fue hallado el cuerpo sin vida de un hombre, de entre 40 y 50 a\u00f1os de edad, quien no ha sido identificado, mismo que estaba dentro de un taxi Nissan Tsuru de color blanco con franjas azules, perteneciente a la l\u00ednea Par\u00eds, unidad que presentaba impactos de bala.<\/p>\n<p>La agresi\u00f3n ocurri\u00f3 durante un enfrentamiento entre civiles armados en las inmediaciones del camino que conecta con Arroyo Colorado. De igual forma, en una zona serrana de dicha \u00e1rea en esa ocasi\u00f3n las fuerzas federales y estatales localizaron otro cad\u00e1ver, el cual vest\u00eda ropa t\u00e1ctica. En esa misma \u00e1rea fueron aseguradas varias armas largas, cargadores y mochilas con equipo personal.<\/p>\n<p>Ahora, el cuerpo de Luis Manuel M. fue trasladado al Servicio M\u00e9dico Forense (SEMEFO), donde ser\u00e1 entregado a sus familiares en las pr\u00f3ximas horas.<\/p>\n<p>Las autoridades contin\u00faan con las investigaciones para esclarecer los hechos y dar con los responsables de esta jornada violenta ocurrida hace m\u00e1s de una semana en la regi\u00f3n.<\/p>\n<p><img loading=\"lazy\" decoding=\"async\" class=\"alignnone size-medium wp-image-71603\" src=\"https:\/\/mediagroup.mx\/wp-content\/uploads\/2025\/06\/WhatsApp-Image-2025-06-27-at-1.02.38-PM-1-300x197.jpeg\" alt=\"\" width=\"300\" height=\"197\" srcset=\"https:\/\/mediagroup.mx\/wp-content\/uploads\/2025\/06\/WhatsApp-Image-2025-06-27-at-1.02.38-PM-1-300x197.jpeg 300w, https:\/\/mediagroup.mx\/wp-content\/uploads\/2025\/06\/WhatsApp-Image-2025-06-27-at-1.02.38-PM-1-1024x672.jpeg 1024w, https:\/\/mediagroup.mx\/wp-content\/uploads\/2025\/06\/WhatsApp-Image-2025-06-27-at-1.02.38-PM-1-768x504.jpeg 768w, https:\/\/mediagroup.mx\/wp-content\/uploads\/2025\/06\/WhatsApp-Image-2025-06-27-at-1.02.38-PM-1-150x98.jpeg 150w, https:\/\/mediagroup.mx\/wp-content\/uploads\/2025\/06\/WhatsApp-Image-2025-06-27-at-1.02.38-PM-1-696x456.jpeg 696w, https:\/\/mediagroup.mx\/wp-content\/uploads\/2025\/06\/WhatsApp-Image-2025-06-27-at-1.02.38-PM-1-1068x700.jpeg 1068w, https:\/\/mediagroup.mx\/wp-content\/uploads\/2025\/06\/WhatsApp-Image-2025-06-27-at-1.02.38-PM-1.jpeg 1200w\" sizes=\"auto, (max-width: 300px) 100vw, 300px\" \/> <img loading=\"lazy\" decoding=\"async\" class=\"alignnone size-medium wp-image-71604\" src=\"https:\/\/mediagroup.mx\/wp-content\/uploads\/2025\/06\/WhatsApp-Image-2025-06-27-at-1.02.38-PM-300x216.jpeg\" alt=\"\" width=\"300\" height=\"216\" srcset=\"https:\/\/mediagroup.mx\/wp-content\/uploads\/2025\/06\/WhatsApp-Image-2025-06-27-at-1.02.38-PM-300x216.jpeg 300w, https:\/\/mediagroup.mx\/wp-content\/uploads\/2025\/06\/WhatsApp-Image-2025-06-27-at-1.02.38-PM-1024x737.jpeg 1024w, https:\/\/mediagroup.mx\/wp-content\/uploads\/2025\/06\/WhatsApp-Image-2025-06-27-at-1.02.38-PM-768x553.jpeg 768w, https:\/\/mediagroup.mx\/wp-content\/uploads\/2025\/06\/WhatsApp-Image-2025-06-27-at-1.02.38-PM-150x108.jpeg 150w, https:\/\/mediagroup.mx\/wp-content\/uploads\/2025\/06\/WhatsApp-Image-2025-06-27-at-1.02.38-PM-696x501.jpeg 696w, https:\/\/mediagroup.mx\/wp-content\/uploads\/2025\/06\/WhatsApp-Image-2025-06-27-at-1.02.38-PM-1068x768.jpeg 1068w, https:\/\/mediagroup.mx\/wp-content\/uploads\/2025\/06\/WhatsApp-Image-2025-06-27-at-1.02.38-PM.jpeg 1440w\" sizes=\"auto, (max-width: 300px) 100vw, 300px\" \/><\/p>\n","protected":false},"excerpt":{"rendered":"<p>RED 113 MICHOAC\u00c1N\/Redacci\u00f3n Uruapan, Mich.- 27 de junio de 2025.- Luego de permanecer internado por m\u00e1s de una semana, un hombre que result\u00f3 herido en un enfrentamiento armado registrado en la comunidad de Arroyo Colorado, municipio de Uruapan, falleci\u00f3 durante las primeras horas de este viernes en el Hospital Regional de Uruapan. La v\u00edctima fue [&hellip;]<\/p>\n","protected":false},"author":2,"featured_media":71604,"comment_status":"closed","ping_status":"closed","sticky":false,"template":"","format":"standard","meta":{"om_disable_all_campaigns":false,"_monsterinsights_skip_tracking":false,"_monsterinsights_sitenote_active":false,"_monsterinsights_sitenote_note":"","_monsterinsights_sitenote_category":0,"_uf_show_specific_survey":0,"_uf_disable_surveys":false,"_jetpack_memberships_contains_paid_content":false,"footnotes":"","jetpack_publicize_message":"Muere en hospital hombre lesionado en enfrentamiento armado en Arroyo Colorado","jetpack_publicize_feature_enabled":true,"jetpack_social_post_already_shared":true,"jetpack_social_options":{"image_generator_settings":{"template":"highway","default_image_id":0,"enabled":false},"version":2}},"categories":[36],"tags":[],"class_list":{"0":"post-71602","1":"post","2":"type-post","3":"status-publish","4":"format-standard","5":"has-post-thumbnail","7":"category-michoacanseguridad"},"aioseo_notices":[],"jetpack_publicize_connections":[],"jetpack_featured_media_url":"https:\/\/mediagroup.mx\/wp-content\/uploads\/2025\/06\/WhatsApp-Image-2025-06-27-at-1.02.38-PM.jpeg","jetpack_sharing_enabled":true,"_links":{"self":[{"href":"https:\/\/mediagroup.mx\/index.php\/wp-json\/wp\/v2\/posts\/71602","targetHints":{"allow":["GET"]}}],"collection":[{"href":"https:\/\/mediagroup.mx\/index.php\/wp-json\/wp\/v2\/posts"}],"about":[{"href":"https:\/\/mediagroup.mx\/index.php\/wp-json\/wp\/v2\/types\/post"}],"author":[{"embeddable":true,"href":"https:\/\/mediagroup.mx\/index.php\/wp-json\/wp\/v2\/users\/2"}],"replies":[{"embeddable":true,"href":"https:\/\/mediagroup.mx\/index.php\/wp-json\/wp\/v2\/comments?post=71602"}],"version-history":[{"count":1,"href":"https:\/\/mediagroup.mx\/index.php\/wp-json\/wp\/v2\/posts\/71602\/revisions"}],"predecessor-version":[{"id":71605,"href":"https:\/\/mediagroup.mx\/index.php\/wp-json\/wp\/v2\/posts\/71602\/revisions\/71605"}],"wp:featuredmedia":[{"embeddable":true,"href":"https:\/\/mediagroup.mx\/index.php\/wp-json\/wp\/v2\/media\/71604"}],"wp:attachment":[{"href":"https:\/\/mediagroup.mx\/index.php\/wp-json\/wp\/v2\/media?parent=71602"}],"wp:term":[{"taxonomy":"category","embeddable":true,"href":"https:\/\/mediagroup.mx\/index.php\/wp-json\/wp\/v2\/categories?post=71602"},{"taxonomy":"post_tag","embeddable":true,"href":"https:\/\/mediagroup.mx\/index.php\/wp-json\/wp\/v2\/tags?post=71602"}],"curies":[{"name":"wp","href":"https:\/\/api.w.org\/{rel}","templated":true}]}}