{"id":71614,"date":"2025-06-27T22:03:02","date_gmt":"2025-06-28T04:03:02","guid":{"rendered":"https:\/\/mediagroup.mx\/?p=71614"},"modified":"2025-06-27T22:03:02","modified_gmt":"2025-06-28T04:03:02","slug":"vinculados-a-proceso-2-sudamericanos-por-el-presunto-homicidio-de-una-comerciante-en-tarimbaro","status":"publish","type":"post","link":"https:\/\/mediagroup.mx\/index.php\/2025\/06\/27\/vinculados-a-proceso-2-sudamericanos-por-el-presunto-homicidio-de-una-comerciante-en-tarimbaro\/","title":{"rendered":"Vinculados a proceso 2 sudamericanos por el presunto homicidio de una comerciante en Tar\u00edmbaro"},"content":{"rendered":"<p>RED 113 MICHOAC\u00c1N\/Redacci\u00f3n<\/p>\n<p>Tar\u00edmbaro, Mich.- Viernes 27 de junio de 2025.-\u00a0Alfredo y Freddy, el primero venezolano y el segundo colombiano, presuntos responsables del asesinato de una comerciante, due\u00f1a de una cachimba -paradero de camioneros y traileros-, ubicada a la orilla de la carretera Morelia-Salamanca, municipio de Tar\u00edmbaro, ya est\u00e1n arrestados y fueron vinculados a proceso, inform\u00f3 la Fiscal\u00eda General del Estado (FGE).<\/p>\n<p>De acuerdo con averiguaciones policiales, la noche del pasado 28 de mayo, la v\u00edctima, identificada como Blanca Estela, estaba en el referido comercio denominado \u00abCaf\u00e9 Lupita 3\u00bb, cuando en determinado momento ingresaron unos empistolados, la mataron a balazos y huyeron a bordo de una camioneta Toyota RAV4, color guinda.<\/p>\n<p>Al enterarse del crimen, los elementos de la Fiscal\u00eda Especializada en Feminicidios emprendieron las averiguaciones respectivas y descubrieron la posible participaci\u00f3n de los citados sudamericanos en los hechos, as\u00ed que tramitaron las correspondientes ordenes de aprehensi\u00f3n, recientemente las cumplimentaron y pusieron a los ahora indiciados a disposici\u00f3n de la instancia competente, la cual los vincul\u00f3 a proceso.<\/p>\n<p>Antecedente<\/p>\n<p>Cabe recordar que uno de los mencionados individuos, Alfredo, fue capturado en d\u00edas pasados por la Guardia Civil (GC) tras una persecuci\u00f3n sobre la avenida Miguel Hidalgo y Costilla, a la altura de la colonia moreliana Sat\u00e9lite. En esa ocasi\u00f3n, los uniformados le aseguraron al sujeto drogas y un automotor Nissan Kicks, color negro, con la placa trasera alterada y en cuyo interior hab\u00eda una caja con cartuchos \u00fatiles calibre .9 mil\u00edmetros Luger.<\/p>\n<p>En cuanto a Freddy, \u00e9ste fue atrapado en la colonia Tres de Agosto por patrulleros de la Polic\u00eda Morelia cuando hu\u00eda de los patrulleros de la GC tras descender del Nissan Kicks; ambas capturas ocurrieron la tarde del anterior 20 de junio del a\u00f1o en curso<\/p>\n<p><img loading=\"lazy\" decoding=\"async\" class=\"alignnone size-medium wp-image-71615\" src=\"https:\/\/mediagroup.mx\/wp-content\/uploads\/2025\/06\/WhatsApp-Image-2025-06-27-at-6.28.36-PM-1-231x300.jpeg\" alt=\"\" width=\"231\" height=\"300\" srcset=\"https:\/\/mediagroup.mx\/wp-content\/uploads\/2025\/06\/WhatsApp-Image-2025-06-27-at-6.28.36-PM-1-231x300.jpeg 231w, https:\/\/mediagroup.mx\/wp-content\/uploads\/2025\/06\/WhatsApp-Image-2025-06-27-at-6.28.36-PM-1-787x1024.jpeg 787w, https:\/\/mediagroup.mx\/wp-content\/uploads\/2025\/06\/WhatsApp-Image-2025-06-27-at-6.28.36-PM-1-768x999.jpeg 768w, https:\/\/mediagroup.mx\/wp-content\/uploads\/2025\/06\/WhatsApp-Image-2025-06-27-at-6.28.36-PM-1-150x195.jpeg 150w, https:\/\/mediagroup.mx\/wp-content\/uploads\/2025\/06\/WhatsApp-Image-2025-06-27-at-6.28.36-PM-1-300x390.jpeg 300w, https:\/\/mediagroup.mx\/wp-content\/uploads\/2025\/06\/WhatsApp-Image-2025-06-27-at-6.28.36-PM-1-696x905.jpeg 696w, https:\/\/mediagroup.mx\/wp-content\/uploads\/2025\/06\/WhatsApp-Image-2025-06-27-at-6.28.36-PM-1.jpeg 984w\" sizes=\"auto, (max-width: 231px) 100vw, 231px\" \/> <img loading=\"lazy\" decoding=\"async\" class=\"alignnone size-medium wp-image-71616\" src=\"https:\/\/mediagroup.mx\/wp-content\/uploads\/2025\/06\/WhatsApp-Image-2025-06-27-at-6.28.36-PM-231x300.jpeg\" alt=\"\" width=\"231\" height=\"300\" srcset=\"https:\/\/mediagroup.mx\/wp-content\/uploads\/2025\/06\/WhatsApp-Image-2025-06-27-at-6.28.36-PM-231x300.jpeg 231w, https:\/\/mediagroup.mx\/wp-content\/uploads\/2025\/06\/WhatsApp-Image-2025-06-27-at-6.28.36-PM-787x1024.jpeg 787w, https:\/\/mediagroup.mx\/wp-content\/uploads\/2025\/06\/WhatsApp-Image-2025-06-27-at-6.28.36-PM-768x999.jpeg 768w, https:\/\/mediagroup.mx\/wp-content\/uploads\/2025\/06\/WhatsApp-Image-2025-06-27-at-6.28.36-PM-150x195.jpeg 150w, https:\/\/mediagroup.mx\/wp-content\/uploads\/2025\/06\/WhatsApp-Image-2025-06-27-at-6.28.36-PM-300x390.jpeg 300w, https:\/\/mediagroup.mx\/wp-content\/uploads\/2025\/06\/WhatsApp-Image-2025-06-27-at-6.28.36-PM-696x905.jpeg 696w, https:\/\/mediagroup.mx\/wp-content\/uploads\/2025\/06\/WhatsApp-Image-2025-06-27-at-6.28.36-PM.jpeg 984w\" sizes=\"auto, (max-width: 231px) 100vw, 231px\" \/><\/p>\n","protected":false},"excerpt":{"rendered":"<p>RED 113 MICHOAC\u00c1N\/Redacci\u00f3n Tar\u00edmbaro, Mich.- Viernes 27 de junio de 2025.-\u00a0Alfredo y Freddy, el primero venezolano y el segundo colombiano, presuntos responsables del asesinato de una comerciante, due\u00f1a de una cachimba -paradero de camioneros y traileros-, ubicada a la orilla de la carretera Morelia-Salamanca, municipio de Tar\u00edmbaro, ya est\u00e1n arrestados y fueron vinculados a proceso, [&hellip;]<\/p>\n","protected":false},"author":2,"featured_media":71615,"comment_status":"closed","ping_status":"closed","sticky":false,"template":"","format":"standard","meta":{"om_disable_all_campaigns":false,"_monsterinsights_skip_tracking":false,"_monsterinsights_sitenote_active":false,"_monsterinsights_sitenote_note":"","_monsterinsights_sitenote_category":0,"_uf_show_specific_survey":0,"_uf_disable_surveys":false,"_jetpack_memberships_contains_paid_content":false,"footnotes":"","jetpack_publicize_message":"Vinculados a proceso 2 sudamericanos por el presunto homicidio de una comerciante en Tar\u00edmbaro\r\n\r\n\u00a0 + Los citados sudamericanos fueron detenidos en d\u00edas pasados.\r\n\u00a0 + El negocio donde ocurri\u00f3 el crimen es una cachimba (cafeter\u00eda para camioneros), localizada en el Barrio de la Cruz, a la orilla de la carretera Morelia-Salamanca.","jetpack_publicize_feature_enabled":true,"jetpack_social_post_already_shared":true,"jetpack_social_options":{"image_generator_settings":{"template":"highway","default_image_id":0,"enabled":false},"version":2}},"categories":[36],"tags":[],"class_list":{"0":"post-71614","1":"post","2":"type-post","3":"status-publish","4":"format-standard","5":"has-post-thumbnail","7":"category-michoacanseguridad"},"aioseo_notices":[],"jetpack_publicize_connections":[],"jetpack_featured_media_url":"https:\/\/mediagroup.mx\/wp-content\/uploads\/2025\/06\/WhatsApp-Image-2025-06-27-at-6.28.36-PM-1.jpeg","jetpack_sharing_enabled":true,"_links":{"self":[{"href":"https:\/\/mediagroup.mx\/index.php\/wp-json\/wp\/v2\/posts\/71614","targetHints":{"allow":["GET"]}}],"collection":[{"href":"https:\/\/mediagroup.mx\/index.php\/wp-json\/wp\/v2\/posts"}],"about":[{"href":"https:\/\/mediagroup.mx\/index.php\/wp-json\/wp\/v2\/types\/post"}],"author":[{"embeddable":true,"href":"https:\/\/mediagroup.mx\/index.php\/wp-json\/wp\/v2\/users\/2"}],"replies":[{"embeddable":true,"href":"https:\/\/mediagroup.mx\/index.php\/wp-json\/wp\/v2\/comments?post=71614"}],"version-history":[{"count":1,"href":"https:\/\/mediagroup.mx\/index.php\/wp-json\/wp\/v2\/posts\/71614\/revisions"}],"predecessor-version":[{"id":71617,"href":"https:\/\/mediagroup.mx\/index.php\/wp-json\/wp\/v2\/posts\/71614\/revisions\/71617"}],"wp:featuredmedia":[{"embeddable":true,"href":"https:\/\/mediagroup.mx\/index.php\/wp-json\/wp\/v2\/media\/71615"}],"wp:attachment":[{"href":"https:\/\/mediagroup.mx\/index.php\/wp-json\/wp\/v2\/media?parent=71614"}],"wp:term":[{"taxonomy":"category","embeddable":true,"href":"https:\/\/mediagroup.mx\/index.php\/wp-json\/wp\/v2\/categories?post=71614"},{"taxonomy":"post_tag","embeddable":true,"href":"https:\/\/mediagroup.mx\/index.php\/wp-json\/wp\/v2\/tags?post=71614"}],"curies":[{"name":"wp","href":"https:\/\/api.w.org\/{rel}","templated":true}]}}