{"id":72465,"date":"2025-07-08T11:39:53","date_gmt":"2025-07-08T17:39:53","guid":{"rendered":"https:\/\/mediagroup.mx\/?p=72465"},"modified":"2025-07-08T11:39:53","modified_gmt":"2025-07-08T17:39:53","slug":"marcha-contra-gentrificacion-en-mexico-traslada-a-las-calles-la-tension-politica-con-estados-unidos","status":"publish","type":"post","link":"https:\/\/mediagroup.mx\/index.php\/2025\/07\/08\/marcha-contra-gentrificacion-en-mexico-traslada-a-las-calles-la-tension-politica-con-estados-unidos\/","title":{"rendered":"Marcha contra gentrificaci\u00f3n en M\u00e9xico traslada a las calles la tensi\u00f3n pol\u00edtica con Estados Unidos"},"content":{"rendered":"<p class=\"\" style=\"text-align: justify;\">El tira y afloja pol\u00edtico entre el Gobierno de M\u00e9xico y el de Estados Unidos ha terminado por aterrizar en las calles de la capital mexicana, que este viernes congreg\u00f3 a cientos de j\u00f3venes en una\u00a0<a title=\"https:\/\/elpais.com\/mexico\/2025-07-05\/una-marcha-contra-la-gentrificacion-en-ciudad-de-mexico-termina-con-destrozos-en-locales-fuera-gringos.html\" href=\"https:\/\/elpais.com\/mexico\/2025-07-05\/una-marcha-contra-la-gentrificacion-en-ciudad-de-mexico-termina-con-destrozos-en-locales-fuera-gringos.html\" target=\"_self\" rel=\"\" data-link-track-dtm=\"\" data-mrf-link=\"https:\/\/elpais.com\/mexico\/2025-07-05\/una-marcha-contra-la-gentrificacion-en-ciudad-de-mexico-termina-con-destrozos-en-locales-fuera-gringos.html\">marcha contra la gentrificaci\u00f3n<\/a>. Este fen\u00f3meno, que asedia a los centros urbanos y expulsa de los barrios a gran parte de la poblaci\u00f3n humilde y local, se ha impregnado en el pa\u00eds hispano de las tensiones que cada d\u00eda marcan el paso de la relaci\u00f3n bilateral. La sospechosa tregua con la que los pa\u00edses atravesaron la \u00faltima semana tropez\u00f3 con las consignas antiestadounidenses que enarbol\u00f3 un sector de la manifestaci\u00f3n, y la respuesta al norte del r\u00edo Bravo no se ha hecho esperar. El Departamento de Seguridad Nacional ha volcado toda su iron\u00eda en la r\u00e9plica y ha escrito en su cuenta oficial de X: \u201cSi se encuentra ilegalmente en Estados Unidos y desea unirse a la pr\u00f3xima protesta en la Ciudad de M\u00e9xico, utilice la aplicaci\u00f3n CBP Home para facilitar su salida\u201d, una referencia a la plataforma digital con la que los migrantes irregulares se alistan para autoexpulsarse del pa\u00eds.<\/p>\n<div class=\"a_gph\" style=\"text-align: justify;\">\n<div>\n<div id=\"datawrapper-vis-VTlUI\" class=\"datawrapper-script-embed vis-height-fixed vis-multiple-lines\">\n<div><\/div>\n<div class=\"web-component-body\">\n<div class=\"chart dw-chart vis-multiple-lines\">\n<div class=\"outer-container svelte-ej8jdi\">\n<div class=\"container container-body datawrapper-VTlUI-1jlq2tx\">\n<div class=\"container container-bodyTop datawrapper-VTlUI-13fcjr6\">\n<div class=\"container container-bodyCenter datawrapper-VTlUI-112zasr\">\n<div class=\"container container-header datawrapper-VTlUI-1glppcz\">\n<h3 class=\"block-headline datawrapper-VTlUI-1qemafo \">Inflaci\u00f3n de la vivienda en M\u00e9xico<\/h3>\n<p class=\"block-description datawrapper-VTlUI-v3cpmp \">Datos del \u00cdndice Nacional de Precios al Consumidor. Crecimiento porcentual<\/p>\n<\/div>\n<div id=\"chart\" class=\"dw-chart-body vis-height-fixed datawrapper-VTlUI-wxj0h svelte-9ysojt\">\n<div class=\"dw-chart-body-content svelte-9ysojt\" aria-hidden=\"false\">\n<div class=\"datawrapper-VTlUI-16863yx\">\n<div class=\"panel-titles svelte-243q9h\" aria-hidden=\"true\">\n<div class=\"title export-text\" aria-hidden=\"true\" data-index=\"0\"><span class=\"title-content\">Renta<\/span><\/div>\n<div class=\"title export-text\" aria-hidden=\"true\" data-index=\"1\"><span class=\"title-content\">Vivienda propia<\/span><\/div>\n<\/div>\n<p>19952025002020404060608080100100120%120%Desde septiembre de 2018 increment\u00f3 en mayor medida la inflaci\u00f3n para aquellos que rentaban viviendas19952025002020404060608080100100120%120%<\/p>\n<div class=\"annotations svelte-i5ja0p\" aria-hidden=\"true\">\n<div class=\"annotations-inner svelte-khhw82\">\n<div class=\"text-annotations\" role=\"list\" aria-label=\"The chart has one annotation.\">\n<div class=\"text-annotation svelte-rqb4y8 not-editable\" role=\"listitem\" data-annotation-id=\"rsa46g5Lh-\">\n<div class=\"connector-line svelte-rqb4y8\" aria-hidden=\"true\"><\/div>\n<div class=\"text svelte-rqb4y8\"><span class=\"export-text\">Desde septiembre de 2018 increment\u00f3 en mayor medida la inflaci\u00f3n para aquellos que rentaban viviendas<\/span><\/div>\n<\/div>\n<\/div>\n<div class=\"range-annotations\">\n<div class=\"range-annotation dw-line line x svelte-f85b34 no-edit-mode\"><\/div>\n<div class=\"range-annotation dw-line line x svelte-f85b34 no-edit-mode\"><\/div>\n<\/div>\n<\/div>\n<\/div>\n<\/div>\n<\/div>\n<\/div>\n<\/div>\n<\/div>\n<div class=\"container container-footer datawrapper-VTlUI-1glppcz\">\n<div class=\"block-notes datawrapper-VTlUI-1pwjiq \">La base 100 es la segunda quincena de julio de 2018<\/div>\n<div class=\"container container-footerRight datawrapper-VTlUI-gn4u4d\">\n<div class=\"container container-sourceAndByline datawrapper-VTlUI-cdd66n\"><span class=\"block-source datawrapper-VTlUI-1nrs9uk \"><span class=\"caption\">Fuente<\/span>\u00a0<span class=\"source\">INEGI<\/span><\/span><wbr \/><span class=\"block-byline datawrapper-VTlUI-1nrs9uk \"><span class=\"caption\">\u00a0<\/span>EL PA\u00cdS<\/span><\/div>\n<\/div>\n<\/div>\n<div class=\"container-afterChart svelte-ej8jdi\"><\/div>\n<\/div>\n<\/div>\n<\/div>\n<\/div>\n<\/div>\n<\/div>\n<\/div>\n<p class=\"\" style=\"text-align: justify;\">La provocaci\u00f3n se ha topado con la habitual templanza de la presidenta mexicana, Claudia Sheinbaum, que este lunes ha evitado referirse al comentario y se ha volcado m\u00e1s bien en condenar los lemas xen\u00f3fobos del encuentro. \u201cNosotros somos un pa\u00eds abierto al mundo, solidario, fraterno. As\u00ed es nuestro pueblo y as\u00ed hay que ser\u201d, ha dicho despu\u00e9s de criticar que se utilizara una demanda \u201cleg\u00edtima\u201d como la lucha contra la gentrificaci\u00f3n para pedir la expulsi\u00f3n de \u201ccualquier nacionalidad\u201d. \u201cM\u00e9xico ha sido solidario siempre\u201d, ha reiterado, una l\u00ednea que comparte<a title=\"https:\/\/elpais.com\/mexico\/2024-05-03\/gentrificacion-en-ciudad-de-mexico-en-que-consiste-la-ley-de-turismo-para-las-plataformas-tipo-airbnb.html\" href=\"https:\/\/elpais.com\/mexico\/2024-05-03\/gentrificacion-en-ciudad-de-mexico-en-que-consiste-la-ley-de-turismo-para-las-plataformas-tipo-airbnb.html\" target=\"_self\" rel=\"\" data-link-track-dtm=\"\" data-mrf-link=\"https:\/\/elpais.com\/mexico\/2024-05-03\/gentrificacion-en-ciudad-de-mexico-en-que-consiste-la-ley-de-turismo-para-las-plataformas-tipo-airbnb.html\">\u00a0el Gobierno capitalino<\/a>, que se ha sumado a la condena y ha esquivado el envite de las autoridades del pa\u00eds vecino. \u201cSi nosotros estamos diciendo que la actitud del Gobierno de Estados Unidos a nuestros paisanos no es la correcta, no podemos actuar de la misma manera\u201d, apunta C\u00e9sar Cravioto, secretario de Gobierno de la capital, por tel\u00e9fono: \u201cM\u00e9xico es un santuario para quienes quieran venir\u201d.<\/p>\n<div id=\"elpais_gpt-INTEXT\" style=\"text-align: justify;\" data-google-query-id=\"CKr_rO_mrY4DFeXpGAIdsAsdCg\">\n<div id=\"google_ads_iframe_7811748\/elpais_mexico_web_7__container__\"><iframe id=\"google_ads_iframe_7811748\/elpais_mexico_web_7\" tabindex=\"0\" title=\"3rd party ad content\" name=\"google_ads_iframe_7811748\/elpais_mexico_web_7\" width=\"1\" height=\"1\" frameborder=\"0\" marginwidth=\"0\" marginheight=\"0\" scrolling=\"no\" aria-label=\"Advertisement\" data-load-complete=\"true\" data-google-container-id=\"8\" data-mce-fragment=\"1\"><\/iframe><\/div>\n<\/div>\n<p class=\"\" style=\"text-align: justify;\">Cravioto califica de \u201cfr\u00edvolo\u201d el mensaje de la Oficina estadounidense y deja claro su desacuerdo. \u201cNo somos iguales. En M\u00e9xico se trata de manera distinta a los migrantes\u201d, defiende. Este mismo lunes, el Ejecutivo local ha convocado a una \u201casamblea informativa\u201d a los vecinos de las c\u00e9ntricas colonias de la Condesa y la Roma, conocidas por la alta presencia de extranjeros estadounidenses y europeos. \u201cQueremos empezar a generar estos foros para encontrar entre todos la mejor manera de que quien quiera seguir viviendo en la ciudad lo pueda hacer, y que no sea el factor econ\u00f3mico el que defina qui\u00e9n vive o qui\u00e9n no vive en la Ciudad de M\u00e9xico\u201d, se\u00f1ala el responsable p\u00fablico.<\/p>\n<p class=\"\" style=\"text-align: justify;\">Todo apunta a un intento de contener lo m\u00e1s r\u00e1pidamente posible un conflicto que podr\u00eda desbordarse en el plano social antes que en el pol\u00edtico, donde la diplomacia se impone a cualquier amago de enfrentamiento. \u201cLa estrategia de Trump siempre ha sido provocar y, una vez que le contestas, te somete. Eso lo aprendi\u00f3 muy bien el Gobierno mexicano en el primer mandato del republicano\u201d, explica P\u00eda Taracena, experta en asuntos internacionales de la Universidad Iberoamericana. De ah\u00ed el \u201cperfil bajo\u201d de las autoridades mexicanas, se\u00f1ala la especialista, ante una narrativa que se enmarca casi en la \u201cguerra verbal\u201d: \u201cEsas provocaciones a veces buscan escalar las cosas, y ya m\u00e1s no pueden escalar\u201d.<\/p>\n<div id=\"FIOnDemandWrapper_fiInstance_116360_3_3463392330487502\" class=\"FIOnDemandWrapper\" style=\"text-align: justify;\">\n<div class=\"apd_static_banner \"><iframe id=\"fiau_fiInstance_116360_3_3463392330487502\" class=\"fiSafeFrame\" title=\"Advertisement\" frameborder=\"0\" scrolling=\"no\" data-mce-fragment=\"1\"><\/iframe><\/div>\n<\/div>\n<div class=\"a_gph\" style=\"text-align: justify;\">\n<div>\n<div id=\"datawrapper-vis-VUGTe\" class=\"datawrapper-script-embed vis-height-fixed vis-stacked-column-chart\">\n<div><\/div>\n<div class=\"web-component-body\">\n<div class=\"chart dw-chart vis-stacked-column-chart\">\n<div class=\"outer-container svelte-ej8jdi\">\n<div class=\"container container-body datawrapper-VUGTe-1jlq2tx\">\n<div class=\"container container-bodyTop datawrapper-VUGTe-13fcjr6\">\n<div class=\"container container-bodyCenter datawrapper-VUGTe-112zasr\">\n<div class=\"container container-header datawrapper-VUGTe-1glppcz\">\n<h3 class=\"block-headline datawrapper-VUGTe-1qemafo \">Recursos destinados a la vivienda seg\u00fan los niveles de ingreso<\/h3>\n<p class=\"block-description datawrapper-VUGTe-v3cpmp \">Datos porcentuales. El nivel 1 implica el grupo poblacional con menores ingresos, mientras que el nivel 5 es el que registra los mayores<\/p>\n<\/div>\n<div id=\"chart\" class=\"dw-chart-body vis-height-fixed datawrapper-VUGTe-wxj0h svelte-9ysojt\">\n<div class=\"dw-chart-body-content svelte-9ysojt stacked-column-chart datawrapper-VUGTe-pe9hdh\" aria-hidden=\"false\">\n<div class=\"legend\">\n<div class=\"dir-ltr category-legend horizontal  datawrapper-VUGTe-yqaw01\ndatawrapper-VUGTe-1vli6ub svelte-1ggoshc\" aria-label=\"Category legend with 2 items. The items are Menos de 30% y M\u00e1s de 30%.\"><\/p>\n<div class=\"legend-categories  horizontal svelte-1bzop5t\">\n<div class=\"legend-swatch  svelte-eva0c9\" aria-hidden=\"true\">\n<div class=\"legend-no-break svelte-q6bvr8\">\n<div class=\"legend-color-outer svelte-d51fpg\">\n<div class=\"legend-color dw-rect svelte-d51fpg\"><\/div>\n<\/div>\n<div class=\"legend-label svelte-klt363\">Menos<\/div>\n<\/div>\n<div class=\"legend-break svelte-q6bvr8\">\n<div class=\"legend-label svelte-klt363\">de 30%<\/div>\n<\/div>\n<\/div>\n<div class=\"legend-swatch  svelte-eva0c9\" aria-hidden=\"true\">\n<div class=\"legend-no-break svelte-q6bvr8\">\n<div class=\"legend-color-outer svelte-d51fpg\">\n<div class=\"legend-color dw-rect svelte-d51fpg\"><\/div>\n<\/div>\n<div class=\"legend-label svelte-klt363\">M\u00e1s<\/div>\n<\/div>\n<div class=\"legend-break svelte-q6bvr8\">\n<div class=\"legend-label svelte-klt363\">de 30%<\/div>\n<\/div>\n<\/div>\n<\/div>\n<\/div>\n<\/div>\n<p>20406080100%<\/p>\n<div class=\"labels values\" aria-hidden=\"true\">\n<div class=\"label-group values\">\n<div class=\"label value inside inverted\"><span class=\"fg\">54%<\/span><\/div>\n<div class=\"label value inside\"><span class=\"fg\">46%<\/span><\/div>\n<\/div>\n<div class=\"label-group values\">\n<div class=\"label value inside inverted\"><span class=\"fg\">76,6%<\/span><\/div>\n<div class=\"label value inside\"><span class=\"fg\">23,4%<\/span><\/div>\n<\/div>\n<div class=\"label-group values\">\n<div class=\"label value inside inverted\"><span class=\"fg\">84,7%<\/span><\/div>\n<div class=\"label value inside\"><span class=\"fg\">15,3%<\/span><\/div>\n<\/div>\n<div class=\"label-group values\">\n<div class=\"label value inside inverted\"><span class=\"fg\">87,3%<\/span><\/div>\n<div class=\"label value inside\"><span class=\"fg\">12,7%<\/span><\/div>\n<\/div>\n<div class=\"label-group values\">\n<div class=\"label value inside inverted\"><span class=\"fg\">86,1%<\/span><\/div>\n<div class=\"label value inside\"><span class=\"fg\">13,9%<\/span><\/div>\n<\/div>\n<\/div>\n<div class=\"labels series\" aria-hidden=\"true\">\n<div class=\"label series align-top\">\n<div class=\"label category\">Nivel 1<\/div>\n<\/div>\n<div class=\"label series align-top\">\n<div class=\"label category\">Nivel 2<\/div>\n<\/div>\n<div class=\"label series align-top\">\n<div class=\"label category\">Nivel 3<\/div>\n<\/div>\n<div class=\"label series align-top\">\n<div class=\"label category\">Nivel 4<\/div>\n<\/div>\n<div class=\"label series align-top\">\n<div class=\"label category\">Nivel 5<\/div>\n<\/div>\n<\/div>\n<\/div>\n<\/div>\n<\/div>\n<\/div>\n<div class=\"container container-footer datawrapper-VUGTe-1glppcz\">\n<div class=\"container container-footerRight datawrapper-VUGTe-gn4u4d\">\n<div class=\"container container-sourceAndByline datawrapper-VUGTe-cdd66n\"><span class=\"block-source datawrapper-VUGTe-1nrs9uk \"><span class=\"caption\">Fuente<\/span>\u00a0<span class=\"source\">BBVA\/Inegi<\/span><\/span><wbr \/><span class=\"block-byline datawrapper-VUGTe-1nrs9uk \"><span class=\"caption\">\u00a0<\/span>EL PA\u00cdS<\/span><\/div>\n<\/div>\n<\/div>\n<div class=\"container-afterChart svelte-ej8jdi\"><\/div>\n<\/div>\n<\/div>\n<\/div>\n<\/div>\n<\/div>\n<\/div>\n<\/div>\n<p class=\"\" style=\"text-align: justify;\">En el terreno social, donde la diplomacia queda en un segundo plano, la cuesti\u00f3n se enreda un poco m\u00e1s. Los aranceles, las redadas contra los migrantes y las afrentas verbales del presidente republicano han ido haciendo mella y se suman a las desigualdades sociales, ya de por s\u00ed muy pronunciadas en el pa\u00eds. \u201cEl conflicto de la vivienda atraviesa estos otros conflictos sociales entre mexicanos y estadounidenses que hacen que, cuando se encuentran en la vida cotidiana, en los espacios p\u00fablicos, se convierta tambi\u00e9n en un tema simb\u00f3lico, pol\u00edtico o social\u201d, se\u00f1ala Carla Escoffi\u00e9, abogada especializada en derecho a la vivienda y derecho a la ciudad.<\/p>\n<div id=\"FIOnDemandWrapper_fiInstance_116360_4_3463392330487502\" class=\"FIOnDemandWrapper\" style=\"text-align: justify;\">\n<div class=\"apd_static_banner \"><iframe id=\"fiau_fiInstance_116360_4_3463392330487502\" class=\"fiSafeFrame\" title=\"Advertisement\" frameborder=\"0\" scrolling=\"no\" data-mce-fragment=\"1\"><\/iframe><\/div>\n<\/div>\n<p class=\"\" style=\"text-align: justify;\">\u201cNo podemos entender la discusi\u00f3n que se est\u00e1 dando en M\u00e9xico sin entender estos dos problemas que surgen de manera separada, pero que se est\u00e1n encontrando y entrelazando\u201d, apuntala, y pone de ejemplo el encuentro que le relat\u00f3 una conocida mexicana con un estadounidense que llevaba una gorra de\u00a0<i>MAGA\u00a0<\/i>(Hagamos Estados Unidos grandioso de nuevo, por sus siglas en ingl\u00e9s), el lema bajo el que se agrupan los seguidores de Trump: \u201cEste tipo de conflictos est\u00e1n muy tensos hoy\u201d.<\/p>\n<div class=\"a_gph\" style=\"text-align: justify;\">\n<div>\n<div id=\"datawrapper-vis-7dFLl\" class=\"datawrapper-script-embed vis-height-fixed vis-d3-maps-choropleth\">\n<div><\/div>\n<div class=\"web-component-body\">\n<div class=\"chart dw-chart vis-d3-maps-choropleth\">\n<div class=\"outer-container svelte-ej8jdi\">\n<div class=\"container container-body datawrapper-7dFLl-1jlq2tx\">\n<div class=\"container container-bodyTop datawrapper-7dFLl-13fcjr6\">\n<div class=\"container container-bodyCenter datawrapper-7dFLl-112zasr\">\n<div class=\"container container-header datawrapper-7dFLl-1glppcz\">\n<h3 class=\"block-headline datawrapper-7dFLl-1qemafo \">Incremento inflacionario del alquiler<\/h3>\n<p class=\"block-description datawrapper-7dFLl-v3cpmp \">Variaci\u00f3n porcentual anual de mayo de 2024 a mayo de 2025 por Estados<\/p>\n<\/div>\n<div id=\"chart\" class=\"dw-chart-body vis-height-fixed datawrapper-7dFLl-wxj0h svelte-9ysojt\">\n<div class=\"dw-chart-body-content svelte-9ysojt datawrapper-7dFLl-o3rrzt\" aria-hidden=\"false\">\n<div class=\"legend-combined horizontal legend-container\" data-position=\"above\">\n<div class=\"color-legend-container\">\n<div class=\"map-key export-rect map-key-mt\">\n<div class=\"dir-ltr category-legend horizontal  datawrapper-7dFLl-yqaw01\ndatawrapper-7dFLl-1vli6ub svelte-1ggoshc\" aria-label=\"Category legend with 9 items. The first 3 items are &lt;&amp;nbsp;1, 1\u20131,5 y 1,5\u20132. The last one is \u2265&amp;nbsp;4,5.\"><\/p>\n<div class=\"legend-categories  horizontal svelte-1bzop5t\">\n<div class=\"legend-swatch  svelte-eva0c9 single-word-label\" aria-hidden=\"true\">\n<div class=\"legend-no-break svelte-q6bvr8\">\n<div class=\"legend-color-outer svelte-d51fpg\">\n<div class=\"legend-color dw-rect svelte-d51fpg\"><\/div>\n<\/div>\n<div class=\"legend-label svelte-klt363\">&lt;\u00a01<\/div>\n<\/div>\n<div class=\"legend-break svelte-q6bvr8\">\n<div class=\"legend-label svelte-klt363\"><\/div>\n<\/div>\n<\/div>\n<div class=\"legend-swatch  svelte-eva0c9 single-word-label\" aria-hidden=\"true\">\n<div class=\"legend-no-break svelte-q6bvr8\">\n<div class=\"legend-color-outer svelte-d51fpg\">\n<div class=\"legend-color dw-rect svelte-d51fpg\"><\/div>\n<\/div>\n<div class=\"legend-label svelte-klt363\">1\u20131,5<\/div>\n<\/div>\n<div class=\"legend-break svelte-q6bvr8\">\n<div class=\"legend-label svelte-klt363\"><\/div>\n<\/div>\n<\/div>\n<div class=\"legend-swatch  svelte-eva0c9 single-word-label\" aria-hidden=\"true\">\n<div class=\"legend-no-break svelte-q6bvr8\">\n<div class=\"legend-color-outer svelte-d51fpg\">\n<div class=\"legend-color dw-rect svelte-d51fpg\"><\/div>\n<\/div>\n<div class=\"legend-label svelte-klt363\">1,5\u20132<\/div>\n<\/div>\n<div class=\"legend-break svelte-q6bvr8\">\n<div class=\"legend-label svelte-klt363\"><\/div>\n<\/div>\n<\/div>\n<div class=\"legend-swatch  svelte-eva0c9 single-word-label\" aria-hidden=\"true\">\n<div class=\"legend-no-break svelte-q6bvr8\">\n<div class=\"legend-color-outer svelte-d51fpg\">\n<div class=\"legend-color dw-rect svelte-d51fpg\"><\/div>\n<\/div>\n<div class=\"legend-label svelte-klt363\">2\u20132,5<\/div>\n<\/div>\n<div class=\"legend-break svelte-q6bvr8\">\n<div class=\"legend-label svelte-klt363\"><\/div>\n<\/div>\n<\/div>\n<div class=\"legend-swatch  svelte-eva0c9 single-word-label\" aria-hidden=\"true\">\n<div class=\"legend-no-break svelte-q6bvr8\">\n<div class=\"legend-color-outer svelte-d51fpg\">\n<div class=\"legend-color dw-rect svelte-d51fpg\"><\/div>\n<\/div>\n<div class=\"legend-label svelte-klt363\">2,5\u20133<\/div>\n<\/div>\n<div class=\"legend-break svelte-q6bvr8\">\n<div class=\"legend-label svelte-klt363\"><\/div>\n<\/div>\n<\/div>\n<div class=\"legend-swatch  svelte-eva0c9 single-word-label\" aria-hidden=\"true\">\n<div class=\"legend-no-break svelte-q6bvr8\">\n<div class=\"legend-color-outer svelte-d51fpg\">\n<div class=\"legend-color dw-rect svelte-d51fpg\"><\/div>\n<\/div>\n<div class=\"legend-label svelte-klt363\">3\u20133,5<\/div>\n<\/div>\n<div class=\"legend-break svelte-q6bvr8\">\n<div class=\"legend-label svelte-klt363\"><\/div>\n<\/div>\n<\/div>\n<div class=\"legend-swatch  svelte-eva0c9 single-word-label\" aria-hidden=\"true\">\n<div class=\"legend-no-break svelte-q6bvr8\">\n<div class=\"legend-color-outer svelte-d51fpg\">\n<div class=\"legend-color dw-rect svelte-d51fpg\"><\/div>\n<\/div>\n<div class=\"legend-label svelte-klt363\">3,5\u20134<\/div>\n<\/div>\n<div class=\"legend-break svelte-q6bvr8\">\n<div class=\"legend-label svelte-klt363\"><\/div>\n<\/div>\n<\/div>\n<div class=\"legend-swatch  svelte-eva0c9 single-word-label\" aria-hidden=\"true\">\n<div class=\"legend-no-break svelte-q6bvr8\">\n<div class=\"legend-color-outer svelte-d51fpg\">\n<div class=\"legend-color dw-rect svelte-d51fpg\"><\/div>\n<\/div>\n<div class=\"legend-label svelte-klt363\">4\u20134,5<\/div>\n<\/div>\n<div class=\"legend-break svelte-q6bvr8\">\n<div class=\"legend-label svelte-klt363\"><\/div>\n<\/div>\n<\/div>\n<div class=\"legend-swatch  svelte-eva0c9 single-word-label\" aria-hidden=\"true\">\n<div class=\"legend-no-break svelte-q6bvr8\">\n<div class=\"legend-color-outer svelte-d51fpg\">\n<div class=\"legend-color dw-rect svelte-d51fpg\"><\/div>\n<\/div>\n<div class=\"legend-label svelte-klt363\">\u2265\u00a04,5<\/div>\n<\/div>\n<div class=\"legend-break svelte-q6bvr8\">\n<div class=\"legend-label svelte-klt363\"><\/div>\n<\/div>\n<\/div>\n<\/div>\n<\/div>\n<\/div>\n<\/div>\n<div class=\"pattern-legend-container\">\n<div class=\"dir-ltr category-legend horizontal  datawrapper-7dFLl-yqaw01\ndatawrapper-7dFLl-1vli6ub svelte-1ggoshc\" aria-label=\"Category legend with 4 items, titled &quot;Capitales con mayor incremento anual&quot;. The items are Monterrey 9%, Guadalajara  7%, M\u00e9rida 7% y Oaxaca 6%.\"><\/p>\n<div class=\"legend-title label svelte-1ggoshc\" aria-hidden=\"true\"><span class=\"svelte-1ggoshc\">Capitales con mayor incremento anual<\/span><\/div>\n<div class=\"legend-categories  horizontal svelte-1bzop5t\">\n<div class=\"legend-swatch  svelte-eva0c9\" aria-hidden=\"true\">\n<div class=\"legend-no-break svelte-q6bvr8\">\n<div class=\"legend-color-outer svelte-d51fpg\"><\/div>\n<div class=\"legend-label svelte-klt363\">Monterrey<\/div>\n<\/div>\n<div class=\"legend-break svelte-q6bvr8\">\n<div class=\"legend-label svelte-klt363\">9%<\/div>\n<\/div>\n<\/div>\n<div class=\"legend-swatch  svelte-eva0c9\" aria-hidden=\"true\">\n<div class=\"legend-no-break svelte-q6bvr8\">\n<div class=\"legend-color-outer svelte-d51fpg\"><\/div>\n<div class=\"legend-label svelte-klt363\">Guadalajara<\/div>\n<\/div>\n<div class=\"legend-break svelte-q6bvr8\">\n<div class=\"legend-label svelte-klt363\">7%<\/div>\n<\/div>\n<\/div>\n<div class=\"legend-swatch  svelte-eva0c9\" aria-hidden=\"true\">\n<div class=\"legend-no-break svelte-q6bvr8\">\n<div class=\"legend-color-outer svelte-d51fpg\"><\/div>\n<div class=\"legend-label svelte-klt363\">M\u00e9rida<\/div>\n<\/div>\n<div class=\"legend-break svelte-q6bvr8\">\n<div class=\"legend-label svelte-klt363\">7%<\/div>\n<\/div>\n<\/div>\n<div class=\"legend-swatch  svelte-eva0c9\" aria-hidden=\"true\">\n<div class=\"legend-no-break svelte-q6bvr8\">\n<div class=\"legend-color-outer svelte-d51fpg\"><\/div>\n<div class=\"legend-label svelte-klt363\">Oaxaca<\/div>\n<\/div>\n<div class=\"legend-break svelte-q6bvr8\">\n<div class=\"legend-label svelte-klt363\">6%<\/div>\n<\/div>\n<\/div>\n<\/div>\n<\/div>\n<\/div>\n<\/div>\n<div class=\"map-outer\" aria-label=\"Map of &quot;Mexico \u00bb States (2020)&quot; with 32 regions colored by numerical value &quot;Variaci\u00f3n porcentual mayo 2024-mayo 2025&quot;, with values ranging from 0,54 to 6,98. Some regions additionally categorized by &quot;Capitales con mayor incremento anual&quot;. Categories are &quot;Monterrey 9%&quot;, &quot;Guadalajara  7%&quot;, &quot;M\u00e9rida 7%&quot; y &quot;Oaxaca 6%&quot;. Map is interactive. Enter and use arrow keys to access tooltip content for each region.\"><canvas width=\"528.6720078778267\" height=\"341.60000509023666\" aria-hidden=\"true\"><\/canvas><\/p>\n<div class=\"annotations\"><\/div>\n<div class=\"feature-focus\" tabindex=\"0\" role=\"img\" aria-label=\"Map explorer. Use arrow keys to navigate between regions.\"><\/div>\n<div class=\"sr-focus-announcer sr-only\" aria-live=\"assertive\"><\/div>\n<\/div>\n<div class=\"dw-tooltip\" aria-hidden=\"true\"><\/div>\n<\/div>\n<\/div>\n<\/div>\n<\/div>\n<div class=\"container container-footer datawrapper-7dFLl-1glppcz\">\n<div class=\"container container-footerRight datawrapper-7dFLl-gn4u4d\">\n<div class=\"container container-sourceAndByline datawrapper-7dFLl-cdd66n\"><span class=\"block-source datawrapper-7dFLl-1nrs9uk \"><span class=\"caption\">Fuente<\/span>\u00a0<span class=\"source\">INEGI. Propiedades.com<\/span><\/span><wbr \/><span class=\"block-byline datawrapper-7dFLl-1nrs9uk \"><span class=\"caption\">\u00a0<\/span>EL PA\u00cdS<\/span><\/div>\n<p><wbr \/><span class=\"block-mapAttribution datawrapper-7dFLl-1nrs9uk \"><span class=\"caption\">Datos cartogr\u00e1ficos:<\/span>\u00a0<a href=\"https:\/\/www.openstreetmap.org\/copyright\" target=\"_blank\" rel=\"nofollow noopener\">\u00a9 OSM<\/a><\/span><\/div>\n<\/div>\n<div class=\"container-afterChart svelte-ej8jdi\"><\/div>\n<\/div>\n<\/div>\n<\/div>\n<\/div>\n<\/div>\n<\/div>\n<\/div>\n<p class=\"\" style=\"text-align: justify;\">La cuesti\u00f3n nacional a\u00f1ade una capa de complejidad a un tema que de por s\u00ed no tiene una soluci\u00f3n f\u00e1cil. La fuerte crisis de vivienda que atraviesa M\u00e9xico y en la que se inserta el fen\u00f3meno de la gentrificaci\u00f3n adopta distintas caras en cada ciudad del territorio. No se manifiesta igual en Tijuana, explica Escoffi\u00e9, donde la cercan\u00eda con la frontera est\u00e1 provocando la dolarizaci\u00f3n de las rentas, que en Oaxaca, donde la situaci\u00f3n est\u00e1 fuertemente<a title=\"https:\/\/elpais.com\/mexico\/2024-03-03\/puerto-escondido-el-paraiso-turistico-de-oaxaca-no-quiere-ser-el-nuevo-acapulco.html\" href=\"https:\/\/elpais.com\/mexico\/2024-03-03\/puerto-escondido-el-paraiso-turistico-de-oaxaca-no-quiere-ser-el-nuevo-acapulco.html\" target=\"_self\" rel=\"\" data-link-track-dtm=\"\" data-mrf-link=\"https:\/\/elpais.com\/mexico\/2024-03-03\/puerto-escondido-el-paraiso-turistico-de-oaxaca-no-quiere-ser-el-nuevo-acapulco.html\">\u00a0ligada al turismo<\/a>.<\/p>\n<p class=\"\" style=\"text-align: justify;\">En Monterrey, a\u00f1ade tambi\u00e9n, la discusi\u00f3n pasa por la especulaci\u00f3n inmobiliaria y otras din\u00e1micas que se alejan de los llamados n\u00f3madas digitales, profesionales con alto poder adquisitivo que cobran en la moneda de sus pa\u00edses de origen, pero trabajan desde cualquier lugar, como Ciudad de M\u00e9xico, donde las rentas no han dejado de subir en los \u00faltimos a\u00f1os. Es un fen\u00f3meno que afecta por igual a ciudades grandes y peque\u00f1as, dice la abogada: \u201cValladolid, una ciudad chica de Yucat\u00e1n, es un caso muy cr\u00edtico. AirBnB est\u00e1 teniendo un impacto muy fuerte\u201d.<\/p>\n<div class=\"a_gph\" style=\"text-align: justify;\">\n<div>\n<div id=\"datawrapper-vis-t2Moy\" class=\"datawrapper-script-embed vis-height-fixed vis-multiple-lines\">\n<div><\/div>\n<div class=\"web-component-body\">\n<div class=\"chart dw-chart vis-multiple-lines\">\n<div class=\"outer-container svelte-ej8jdi\">\n<div class=\"container container-body datawrapper-t2Moy-1jlq2tx\">\n<div class=\"container container-bodyTop datawrapper-t2Moy-13fcjr6\">\n<div class=\"container container-bodyCenter datawrapper-t2Moy-112zasr\">\n<div class=\"container container-header datawrapper-t2Moy-1glppcz\">\n<h3 class=\"block-headline datawrapper-t2Moy-1qemafo \">Inflaci\u00f3n del precio del alquiler de acuerdo con el tama\u00f1o de la poblaci\u00f3n<\/h3>\n<p class=\"block-description datawrapper-t2Moy-v3cpmp \">Datos nacionales, crecimiento porcentual<\/p>\n<\/div>\n<div id=\"chart\" class=\"dw-chart-body vis-height-fixed datawrapper-t2Moy-wxj0h svelte-9ysojt\">\n<div class=\"dw-chart-body-content svelte-9ysojt\" aria-hidden=\"false\">\n<div class=\"datawrapper-t2Moy-16863yx\">\n<div class=\"panel-titles svelte-243q9h\" aria-hidden=\"true\">\n<div class=\"title export-text\" aria-hidden=\"true\" data-index=\"0\"><span class=\"title-content\">Localidades Grandes<\/span><\/div>\n<div class=\"title export-text\" aria-hidden=\"true\" data-index=\"1\"><span class=\"title-content\">Localidades Peque\u00f1as<\/span><\/div>\n<\/div>\n<p>ene1995may2025002020404060608080100100120%120%ene1995may2025002020404060608080100100120%120%<\/p>\n<div class=\"annotations svelte-i5ja0p\" aria-hidden=\"true\">\n<div class=\"annotations-inner svelte-khhw82\">\n<div class=\"text-annotations\" role=\"list\" aria-label=\"\"><\/div>\n<div class=\"range-annotations\"><\/div>\n<\/div>\n<\/div>\n<\/div>\n<\/div>\n<\/div>\n<\/div>\n<\/div>\n<div class=\"container container-footer datawrapper-t2Moy-1glppcz\">\n<div class=\"block-notes datawrapper-t2Moy-1pwjiq \">La base 100 es la segunda quincena de julio de 2018<\/div>\n<div class=\"container container-footerRight datawrapper-t2Moy-gn4u4d\">\n<div class=\"container container-sourceAndByline datawrapper-t2Moy-cdd66n\"><span class=\"block-source datawrapper-t2Moy-1nrs9uk \"><span class=\"caption\">Fuente<\/span>\u00a0<span class=\"source\">INEGI<\/span><\/span><wbr \/><span class=\"block-byline datawrapper-t2Moy-1nrs9uk \"><span class=\"caption\">\u00a0<\/span>EL PA\u00cdS<\/span><\/div>\n<\/div>\n<\/div>\n<div class=\"container-afterChart svelte-ej8jdi\"><\/div>\n<\/div>\n<\/div>\n<\/div>\n<\/div>\n<\/div>\n<\/div>\n<\/div>\n<p class=\"\" style=\"text-align: justify;\">El reto para las autoridades mexicanas es ahora m\u00faltiple. Por un lado, deber\u00e1n evitar que el traslado de las tensiones a las calles rebote de nuevo a la esfera pol\u00edtica, un escenario que C\u00e9sar Cravioto descarta, pues la manifestaci\u00f3n del viernes no responde a \u201cuna pol\u00edtica del Gobierno de la ciudad ni del pa\u00eds, a diferencia de all\u00e1\u201d. Por otro lado, tendr\u00e1n que apaciguar las crecientes fricciones sociales que amenazan con agitar la relativa armon\u00eda entre nacionalidades con la que se desarrolla normalmente la vida en la capital. Finalmente, se enfrentar\u00e1n al desaf\u00edo m\u00e1s importante: abordar una crisis de vivienda que requiere una soluci\u00f3n urgente para muchos de los habitantes de las \u00e1reas urbanas del pa\u00eds, que no pueden afrontar un a\u00f1o m\u00e1s de subida de las rentas. La manifestaci\u00f3n del viernes tambi\u00e9n lo ilustr\u00f3 con claridad: detr\u00e1s de las tensiones pol\u00edticas se esconde, como casi siempre, la dram\u00e1tica desigualdad social.<\/p>\n<p>V\u00eda: El Pa\u00eds<\/p>\n","protected":false},"excerpt":{"rendered":"<p>El tira y afloja pol\u00edtico entre el Gobierno de M\u00e9xico y el de Estados Unidos ha terminado por aterrizar en las calles de la capital mexicana, que este viernes congreg\u00f3 a cientos de j\u00f3venes en una\u00a0marcha contra la gentrificaci\u00f3n. Este fen\u00f3meno, que asedia a los centros urbanos y expulsa de los barrios a gran parte [&hellip;]<\/p>\n","protected":false},"author":2,"featured_media":72466,"comment_status":"closed","ping_status":"closed","sticky":false,"template":"","format":"standard","meta":{"om_disable_all_campaigns":false,"_monsterinsights_skip_tracking":false,"_monsterinsights_sitenote_active":false,"_monsterinsights_sitenote_note":"","_monsterinsights_sitenote_category":0,"_uf_show_specific_survey":0,"_uf_disable_surveys":false,"_jetpack_memberships_contains_paid_content":false,"footnotes":"","jetpack_publicize_message":"Marcha contra gentrificaci\u00f3n en M\u00e9xico traslada a las calles la tensi\u00f3n pol\u00edtica con Estados Unidos","jetpack_publicize_feature_enabled":true,"jetpack_social_post_already_shared":true,"jetpack_social_options":{"image_generator_settings":{"template":"highway","default_image_id":0,"enabled":false},"version":2}},"categories":[16],"tags":[],"class_list":{"0":"post-72465","1":"post","2":"type-post","3":"status-publish","4":"format-standard","5":"has-post-thumbnail","7":"category-viral"},"aioseo_notices":[],"jetpack_publicize_connections":[],"jetpack_featured_media_url":"https:\/\/mediagroup.mx\/wp-content\/uploads\/2025\/07\/Captura-de-pantalla-2025-07-08-a-las-11.38.17.png","jetpack_sharing_enabled":true,"_links":{"self":[{"href":"https:\/\/mediagroup.mx\/index.php\/wp-json\/wp\/v2\/posts\/72465","targetHints":{"allow":["GET"]}}],"collection":[{"href":"https:\/\/mediagroup.mx\/index.php\/wp-json\/wp\/v2\/posts"}],"about":[{"href":"https:\/\/mediagroup.mx\/index.php\/wp-json\/wp\/v2\/types\/post"}],"author":[{"embeddable":true,"href":"https:\/\/mediagroup.mx\/index.php\/wp-json\/wp\/v2\/users\/2"}],"replies":[{"embeddable":true,"href":"https:\/\/mediagroup.mx\/index.php\/wp-json\/wp\/v2\/comments?post=72465"}],"version-history":[{"count":1,"href":"https:\/\/mediagroup.mx\/index.php\/wp-json\/wp\/v2\/posts\/72465\/revisions"}],"predecessor-version":[{"id":72467,"href":"https:\/\/mediagroup.mx\/index.php\/wp-json\/wp\/v2\/posts\/72465\/revisions\/72467"}],"wp:featuredmedia":[{"embeddable":true,"href":"https:\/\/mediagroup.mx\/index.php\/wp-json\/wp\/v2\/media\/72466"}],"wp:attachment":[{"href":"https:\/\/mediagroup.mx\/index.php\/wp-json\/wp\/v2\/media?parent=72465"}],"wp:term":[{"taxonomy":"category","embeddable":true,"href":"https:\/\/mediagroup.mx\/index.php\/wp-json\/wp\/v2\/categories?post=72465"},{"taxonomy":"post_tag","embeddable":true,"href":"https:\/\/mediagroup.mx\/index.php\/wp-json\/wp\/v2\/tags?post=72465"}],"curies":[{"name":"wp","href":"https:\/\/api.w.org\/{rel}","templated":true}]}}