{"id":72468,"date":"2025-07-08T11:47:47","date_gmt":"2025-07-08T17:47:47","guid":{"rendered":"https:\/\/mediagroup.mx\/?p=72468"},"modified":"2025-07-08T11:47:47","modified_gmt":"2025-07-08T17:47:47","slug":"sheinbaum-reconoce-alza-en-extorsion-y-propone-reforma-constitucional-para-frenarla","status":"publish","type":"post","link":"https:\/\/mediagroup.mx\/index.php\/2025\/07\/08\/sheinbaum-reconoce-alza-en-extorsion-y-propone-reforma-constitucional-para-frenarla\/","title":{"rendered":"Sheinbaum reconoce alza en extorsi\u00f3n y propone reforma constitucional para frenarla"},"content":{"rendered":"<p class=\"nota-justify\" style=\"text-align: justify;\">Al reconocer que el delito de extorsi\u00f3n es \u201cel \u00fanico que no hemos podido disminuir, sigue aumentando\u201d, la presidenta Claudia Sheinbaum Pardo firm\u00f3 esta ma\u00f1ana una iniciativa de reforma constitucional para otorgar al Congreso de la Uni\u00f3n facultades para expedir una ley general de tipo penal que combata a ese il\u00edcito en todo el pa\u00eds.<\/p>\n<p class=\"nota-justify\" style=\"text-align: justify;\">\u201cHoy quien denuncia la extorsi\u00f3n es la v\u00edctima, poniendo en riesgo su vida, ahora quien se asume como v\u00edctima es el Estado mexicano, y el delito se persigue de oficio\u201d, subray\u00f3 la mandataria.<\/p>\n<p class=\"nota-justify\" style=\"text-align: justify;\">\u201cLo que haga falta para erradicar el delito de extorsi\u00f3n\u201d, que ha aumentado, sostuvo. Le quitamos a la v\u00edctima el peso de la denuncia, porque muchas veces no se denuncia por \u201cmiedo o no regresan a ratificar\u201d.<\/p>\n<p class=\"nota-justify\" style=\"text-align: justify;\">Hoy mismo se env\u00eda la iniciativa a la C\u00e1mara de Diputados; confi\u00f3 en que todas las fuerzas pol\u00edticas aprueben la propuesta de reforma.<\/p>\n<p class=\"nota-justify\" style=\"text-align: justify;\">La consejera jur\u00eddica de Presidencia, Ernestina Godoy, se\u00f1al\u00f3 que en la normativa se debe establecer como m\u00ednimo la homogeneizaci\u00f3n del tipo penal para combatir la extorsi\u00f3n, as\u00ed como las modalidades bajo las cuales se comete, \u201ca trav\u00e9s de herramientas de investigaci\u00f3n eficaces, bajo los principios de coordinaci\u00f3n y colaboraci\u00f3n institucional\u201d.<\/p>\n<p class=\"nota-justify\" style=\"text-align: justify;\">Se propone la modificaci\u00f3n al art\u00edculo 73 constitucional, fracci\u00f3n 21, inciso A, para incluir ese delito en las leyes generales que establecen tipo penales y sanciones en materias de secuestro, desaparici\u00f3n forzada de personas, otras formas de privaci\u00f3n de la libertad contrarias a la ley, trata de personas, tortura y otros tratos o penas crueles, inhumanos o degradantes, as\u00ed como lo electoral.<\/p>\n<p class=\"nota-justify\" style=\"text-align: justify;\">Esto es posible, se\u00f1al\u00f3, por la expedici\u00f3n de la Ley del Sistema Nacional de Investigaci\u00f3n e Inteligencia.<\/p>\n<p>\u201cPara que tengamos un combate estrat\u00e9gico de este delito mediante acciones de investigaci\u00f3n e inteligencia; programas y capacitaci\u00f3n de personal especializado; canales de denuncia, seguimientos coordinados; atenci\u00f3n efectiva a las v\u00edctimas, ofendidos y testigos; l\u00edneas de investigaci\u00f3n efectivas para lograr la reparaci\u00f3n integral del da\u00f1o, etc\u00e9tera\u201d.<\/p>\n<p class=\"nota-justify\" style=\"text-align: justify;\">Y que \u201cde una vez por todas se establezca una ley en la que, con claridad y contundencia, se establezca que qui\u00e9n es la v\u00edctima es el Estado, por los efectos y las consecuencias que este delito\u201d.<\/p>\n<p>La \u201ccuesti\u00f3n individual ya es considerado grave en el art\u00edculo 19 constitucional, y en esta ley se establecer\u00e1 tambi\u00e9n de manera muy clara que ser\u00e1 perseguido de oficio con la estrategia que se est\u00e1 echando a andar, y que ser\u00e1 reforzada con la modificaci\u00f3n constitucional\u201d.<\/p>\n<p class=\"nota-justify\" style=\"text-align: justify;\">Ello, para que \u201ca nivel nacional podamos tener esta coordinaci\u00f3n y el Estado asuma totalmente la responsabilidad tambi\u00e9n para proteger a v\u00edctimas, testigos y ofendidos\u201d.<\/p>\n<p class=\"nota-justify\" style=\"text-align: justify;\">La presidenta reconoci\u00f3 que \u201ctodos los delitos van a la baja\u201d, excepto la extorsi\u00f3n. \u201cPor supuesto, depende de la entidad federativa, pero es un delito que a\u00fan no podemos disminuir, sigue aumentando\u201d.<\/p>\n<p class=\"nota-justify\" style=\"text-align: justify;\">Record\u00f3 que el domingo se present\u00f3 la estrategia nacional contra la extorsi\u00f3n, que contiene el n\u00famero 089 para que cualquier v\u00edctima pueda denunciar de manera an\u00f3nima\u201d.<\/p>\n<p class=\"nota-justify\" style=\"text-align: justify;\">A partir de la denuncia, \u201cinicia un proceso de investigaci\u00f3n por parte de las unidades estatales y federales. Las unidades que hoy se dedican al secuestro tambi\u00e9n se van a dedicar a la persecuci\u00f3n de la extorsi\u00f3n y con esta modificaci\u00f3n a la ley se refuerza la estrategia\u201d, abund\u00f3.<\/p>\n<p>V\u00eda: La Jornada<\/p>\n","protected":false},"excerpt":{"rendered":"<p>Al reconocer que el delito de extorsi\u00f3n es \u201cel \u00fanico que no hemos podido disminuir, sigue aumentando\u201d, la presidenta Claudia Sheinbaum Pardo firm\u00f3 esta ma\u00f1ana una iniciativa de reforma constitucional para otorgar al Congreso de la Uni\u00f3n facultades para expedir una ley general de tipo penal que combata a ese il\u00edcito en todo el pa\u00eds. [&hellip;]<\/p>\n","protected":false},"author":2,"featured_media":72469,"comment_status":"closed","ping_status":"closed","sticky":false,"template":"","format":"standard","meta":{"om_disable_all_campaigns":false,"_monsterinsights_skip_tracking":false,"_monsterinsights_sitenote_active":false,"_monsterinsights_sitenote_note":"","_monsterinsights_sitenote_category":0,"_uf_show_specific_survey":0,"_uf_disable_surveys":false,"_jetpack_memberships_contains_paid_content":false,"footnotes":"","jetpack_publicize_message":"Sheinbaum reconoce alza en extorsi\u00f3n y propone reforma constitucional para frenarla","jetpack_publicize_feature_enabled":true,"jetpack_social_post_already_shared":true,"jetpack_social_options":{"image_generator_settings":{"template":"highway","default_image_id":0,"enabled":false},"version":2}},"categories":[23],"tags":[],"class_list":{"0":"post-72468","1":"post","2":"type-post","3":"status-publish","4":"format-standard","5":"has-post-thumbnail","7":"category-nacional"},"aioseo_notices":[],"jetpack_publicize_connections":[],"jetpack_featured_media_url":"https:\/\/mediagroup.mx\/wp-content\/uploads\/2025\/07\/Captura-de-pantalla-2025-07-08-a-las-11.46.53.png","jetpack_sharing_enabled":true,"_links":{"self":[{"href":"https:\/\/mediagroup.mx\/index.php\/wp-json\/wp\/v2\/posts\/72468","targetHints":{"allow":["GET"]}}],"collection":[{"href":"https:\/\/mediagroup.mx\/index.php\/wp-json\/wp\/v2\/posts"}],"about":[{"href":"https:\/\/mediagroup.mx\/index.php\/wp-json\/wp\/v2\/types\/post"}],"author":[{"embeddable":true,"href":"https:\/\/mediagroup.mx\/index.php\/wp-json\/wp\/v2\/users\/2"}],"replies":[{"embeddable":true,"href":"https:\/\/mediagroup.mx\/index.php\/wp-json\/wp\/v2\/comments?post=72468"}],"version-history":[{"count":1,"href":"https:\/\/mediagroup.mx\/index.php\/wp-json\/wp\/v2\/posts\/72468\/revisions"}],"predecessor-version":[{"id":72470,"href":"https:\/\/mediagroup.mx\/index.php\/wp-json\/wp\/v2\/posts\/72468\/revisions\/72470"}],"wp:featuredmedia":[{"embeddable":true,"href":"https:\/\/mediagroup.mx\/index.php\/wp-json\/wp\/v2\/media\/72469"}],"wp:attachment":[{"href":"https:\/\/mediagroup.mx\/index.php\/wp-json\/wp\/v2\/media?parent=72468"}],"wp:term":[{"taxonomy":"category","embeddable":true,"href":"https:\/\/mediagroup.mx\/index.php\/wp-json\/wp\/v2\/categories?post=72468"},{"taxonomy":"post_tag","embeddable":true,"href":"https:\/\/mediagroup.mx\/index.php\/wp-json\/wp\/v2\/tags?post=72468"}],"curies":[{"name":"wp","href":"https:\/\/api.w.org\/{rel}","templated":true}]}}