{"id":72477,"date":"2025-07-08T12:24:45","date_gmt":"2025-07-08T18:24:45","guid":{"rendered":"https:\/\/mediagroup.mx\/?p=72477"},"modified":"2025-07-08T12:24:45","modified_gmt":"2025-07-08T18:24:45","slug":"proceso-de-designacion-de-nueva-o-nuevo-titular-de-cedh-sigue-firme-remarca-la-presidenta-bugarini-torres","status":"publish","type":"post","link":"https:\/\/mediagroup.mx\/index.php\/2025\/07\/08\/proceso-de-designacion-de-nueva-o-nuevo-titular-de-cedh-sigue-firme-remarca-la-presidenta-bugarini-torres\/","title":{"rendered":"Proceso de designaci\u00f3n de nueva o nuevo titular de CEDH sigue firme, remarca la presidenta Bugarini Torres"},"content":{"rendered":"<p>Morelia, Michoac\u00e1n, a 8 de julio de 2025.\u2013 El proceso de designaci\u00f3n de la nueva o nuevo titular de la Comisi\u00f3n Estatal de los Derechos Humanos (CEDH) sigue firme y avanzando conforme a la ley, remarc\u00f3 la presidenta del Congreso del Estado, la diputada Giulianna Bugarini Torres.<\/p>\n<p>En este contexto, la presidenta del Congreso del Estado remarc\u00f3 que \u201cel proceso contin\u00faa y continuar\u00e1 su curso conforme a la Constituci\u00f3n y en apego a la Soberan\u00eda del Poder Legislativo\u201d.<\/p>\n<p>Esto lo refiri\u00f3 en respuesta a la supuesta suspensi\u00f3n provisional que circul\u00f3 esta ma\u00f1ana respecto al proceso legislativo que se libra para esta designaci\u00f3n.<\/p>\n<p>\u201cLa Constituci\u00f3n es muy clara: las decisiones del Congreso no son impugnables v\u00eda juicio de amparo, porque representan un acto soberano y colegiado. Este proceso sigue su curso y as\u00ed lo marca nuestra ley suprema\u201d, remarc\u00f3.<\/p>\n<p>Bugarini Torres precis\u00f3 que, si bien el Congreso del Estado siempre est\u00e1 abierto al an\u00e1lisis jur\u00eddico de cualquier tema, \u201clas decisiones parlamentarias no pueden estar sujetas a presiones externas ni a intereses personales o de grupo, porque cada diputada y diputado representa la voluntad popular, no una causa particular\u201d, subray\u00f3.<\/p>\n<p>Asimismo, destac\u00f3 que \u201cla convocatoria para la designaci\u00f3n observa plenamente los principios de paridad de g\u00e9nero y respeta los derechos pol\u00edtico-electorales de todas las personas participantes. No obstante, hizo un llamado a que la decisi\u00f3n sea tomada por mayor\u00eda y no por imposiciones\u201d.<\/p>\n<p>Bugarini record\u00f3 que el Congreso del Estado es un \u00f3rgano aut\u00f3nomo cuyo \u00fanico compromiso es con el pueblo de Michoac\u00e1n. \u201cAqu\u00ed no legislamos por presiones ni por intereses particulares; aqu\u00ed legislamos para honrar el mandato popular y fortalecer nuestras instituciones\u201d, enfatiz\u00f3.<\/p>\n<p>La presidenta del Congreso concluy\u00f3 asegurando que la Mesa Directiva y el Pleno actuar\u00e1n con responsabilidad democr\u00e1tica, respetando el marco constitucional y garantizando que la designaci\u00f3n se realice bajo los principios de legalidad, paridad y soberan\u00eda legislativa.<\/p>\n<p><img loading=\"lazy\" decoding=\"async\" class=\"alignnone size-medium wp-image-72478\" src=\"https:\/\/mediagroup.mx\/wp-content\/uploads\/2025\/07\/WhatsApp-Image-2025-07-08-at-11.29.23-AM-300x200.jpeg\" alt=\"\" width=\"300\" height=\"200\" srcset=\"https:\/\/mediagroup.mx\/wp-content\/uploads\/2025\/07\/WhatsApp-Image-2025-07-08-at-11.29.23-AM-300x200.jpeg 300w, https:\/\/mediagroup.mx\/wp-content\/uploads\/2025\/07\/WhatsApp-Image-2025-07-08-at-11.29.23-AM-1024x682.jpeg 1024w, https:\/\/mediagroup.mx\/wp-content\/uploads\/2025\/07\/WhatsApp-Image-2025-07-08-at-11.29.23-AM-768x511.jpeg 768w, https:\/\/mediagroup.mx\/wp-content\/uploads\/2025\/07\/WhatsApp-Image-2025-07-08-at-11.29.23-AM-150x100.jpeg 150w, https:\/\/mediagroup.mx\/wp-content\/uploads\/2025\/07\/WhatsApp-Image-2025-07-08-at-11.29.23-AM-696x463.jpeg 696w, https:\/\/mediagroup.mx\/wp-content\/uploads\/2025\/07\/WhatsApp-Image-2025-07-08-at-11.29.23-AM-1068x711.jpeg 1068w, https:\/\/mediagroup.mx\/wp-content\/uploads\/2025\/07\/WhatsApp-Image-2025-07-08-at-11.29.23-AM.jpeg 1280w\" sizes=\"auto, (max-width: 300px) 100vw, 300px\" \/><\/p>\n","protected":false},"excerpt":{"rendered":"<p>Morelia, Michoac\u00e1n, a 8 de julio de 2025.\u2013 El proceso de designaci\u00f3n de la nueva o nuevo titular de la Comisi\u00f3n Estatal de los Derechos Humanos (CEDH) sigue firme y avanzando conforme a la ley, remarc\u00f3 la presidenta del Congreso del Estado, la diputada Giulianna Bugarini Torres. En este contexto, la presidenta del Congreso del [&hellip;]<\/p>\n","protected":false},"author":2,"featured_media":72478,"comment_status":"closed","ping_status":"closed","sticky":false,"template":"","format":"standard","meta":{"om_disable_all_campaigns":false,"_monsterinsights_skip_tracking":false,"_monsterinsights_sitenote_active":false,"_monsterinsights_sitenote_note":"","_monsterinsights_sitenote_category":0,"_uf_show_specific_survey":0,"_uf_disable_surveys":false,"_jetpack_memberships_contains_paid_content":false,"footnotes":"","jetpack_publicize_message":"Proceso de designaci\u00f3n de nueva o nuevo titular de CEDH sigue firme, remarca la presidenta Bugarini Torres\r\n\u2022La presidenta del Congreso del Estado afirm\u00f3 que las decisiones del Poder Legislativo son soberanas y se continuar\u00e1 conforme a lo que establece la misma ley.","jetpack_publicize_feature_enabled":true,"jetpack_social_post_already_shared":true,"jetpack_social_options":{"image_generator_settings":{"template":"highway","default_image_id":0,"enabled":false},"version":2}},"categories":[169],"tags":[],"class_list":{"0":"post-72477","1":"post","2":"type-post","3":"status-publish","4":"format-standard","5":"has-post-thumbnail","7":"category-congreso-del-estado"},"aioseo_notices":[],"jetpack_publicize_connections":[],"jetpack_featured_media_url":"https:\/\/mediagroup.mx\/wp-content\/uploads\/2025\/07\/WhatsApp-Image-2025-07-08-at-11.29.23-AM.jpeg","jetpack_sharing_enabled":true,"_links":{"self":[{"href":"https:\/\/mediagroup.mx\/index.php\/wp-json\/wp\/v2\/posts\/72477","targetHints":{"allow":["GET"]}}],"collection":[{"href":"https:\/\/mediagroup.mx\/index.php\/wp-json\/wp\/v2\/posts"}],"about":[{"href":"https:\/\/mediagroup.mx\/index.php\/wp-json\/wp\/v2\/types\/post"}],"author":[{"embeddable":true,"href":"https:\/\/mediagroup.mx\/index.php\/wp-json\/wp\/v2\/users\/2"}],"replies":[{"embeddable":true,"href":"https:\/\/mediagroup.mx\/index.php\/wp-json\/wp\/v2\/comments?post=72477"}],"version-history":[{"count":1,"href":"https:\/\/mediagroup.mx\/index.php\/wp-json\/wp\/v2\/posts\/72477\/revisions"}],"predecessor-version":[{"id":72479,"href":"https:\/\/mediagroup.mx\/index.php\/wp-json\/wp\/v2\/posts\/72477\/revisions\/72479"}],"wp:featuredmedia":[{"embeddable":true,"href":"https:\/\/mediagroup.mx\/index.php\/wp-json\/wp\/v2\/media\/72478"}],"wp:attachment":[{"href":"https:\/\/mediagroup.mx\/index.php\/wp-json\/wp\/v2\/media?parent=72477"}],"wp:term":[{"taxonomy":"category","embeddable":true,"href":"https:\/\/mediagroup.mx\/index.php\/wp-json\/wp\/v2\/categories?post=72477"},{"taxonomy":"post_tag","embeddable":true,"href":"https:\/\/mediagroup.mx\/index.php\/wp-json\/wp\/v2\/tags?post=72477"}],"curies":[{"name":"wp","href":"https:\/\/api.w.org\/{rel}","templated":true}]}}