{"id":72532,"date":"2025-07-09T13:45:15","date_gmt":"2025-07-09T19:45:15","guid":{"rendered":"https:\/\/mediagroup.mx\/?p=72532"},"modified":"2025-07-09T13:45:15","modified_gmt":"2025-07-09T19:45:15","slug":"mujer-que-insulto-a-policia-de-cdmx-pide-disculpas","status":"publish","type":"post","link":"https:\/\/mediagroup.mx\/index.php\/2025\/07\/09\/mujer-que-insulto-a-policia-de-cdmx-pide-disculpas\/","title":{"rendered":"Mujer que insult\u00f3 a polic\u00eda de CDMX pide disculpas"},"content":{"rendered":"<div>\n<p style=\"text-align: justify;\">Ximena Pichel,\u00a0<strong>mujer que agredi\u00f3 verbalmente con insultos racistas y clasistas a un polic\u00eda<\/strong> de la Ciudad de M\u00e9xico que intentaba inmovilizar su autom\u00f3vil por no pagar el parqu\u00edmetro, se disculp\u00f3 luego que el suceso se volviera viral.<\/p>\n<\/div>\n<div style=\"text-align: justify;\">\n<p>El abuso verbal ocurri\u00f3 el 3 de julio en la colonia Condesa, en el video se observa a la agresora \u2014de nacionalidad argentina\u2014 que empuja e insulta al agente con frases como:<\/p>\n<\/div>\n<div style=\"text-align: justify;\">\n<p>\u201cNo me est\u00e9s insultando, pinche negro\u201d, a lo que el polic\u00eda respondi\u00f3: \u201cHasta racista eres\u201d. La conductora dijo: \u201cA huevo, odio a los negros como t\u00fa, los odio, por nacos\u201d, y a\u00f1adi\u00f3 otros improperios.<\/p>\n<\/div>\n<div style=\"text-align: justify;\">\n<p><a href=\"https:\/\/editorial.aristeguinoticias.com\/wp-content\/uploads\/2025\/07\/mujer-que-insulto-policia-cdmx-clasisyas-racistas-disculpa-inmovilizador-parquimetro-3-08072025.jpeg\"><img loading=\"lazy\" decoding=\"async\" class=\"alignnone size-large wp-image-1480955\" src=\"https:\/\/editorial.aristeguinoticias.com\/wp-content\/uploads\/2025\/07\/mujer-que-insulto-policia-cdmx-clasisyas-racistas-disculpa-inmovilizador-parquimetro-3-08072025-700x438.jpeg\" sizes=\"auto, (max-width: 700px) 100vw, 700px\" srcset=\"https:\/\/editorial.aristeguinoticias.com\/wp-content\/uploads\/2025\/07\/mujer-que-insulto-policia-cdmx-clasisyas-racistas-disculpa-inmovilizador-parquimetro-3-08072025-700x438.jpeg 700w, https:\/\/editorial.aristeguinoticias.com\/wp-content\/uploads\/2025\/07\/mujer-que-insulto-policia-cdmx-clasisyas-racistas-disculpa-inmovilizador-parquimetro-3-08072025-250x156.jpeg 250w, https:\/\/editorial.aristeguinoticias.com\/wp-content\/uploads\/2025\/07\/mujer-que-insulto-policia-cdmx-clasisyas-racistas-disculpa-inmovilizador-parquimetro-3-08072025-768x480.jpeg 768w, https:\/\/editorial.aristeguinoticias.com\/wp-content\/uploads\/2025\/07\/mujer-que-insulto-policia-cdmx-clasisyas-racistas-disculpa-inmovilizador-parquimetro-3-08072025-628x393.jpeg 628w, https:\/\/editorial.aristeguinoticias.com\/wp-content\/uploads\/2025\/07\/mujer-que-insulto-policia-cdmx-clasisyas-racistas-disculpa-inmovilizador-parquimetro-3-08072025-298x186.jpeg 298w, https:\/\/editorial.aristeguinoticias.com\/wp-content\/uploads\/2025\/07\/mujer-que-insulto-policia-cdmx-clasisyas-racistas-disculpa-inmovilizador-parquimetro-3-08072025-295x184.jpeg 295w, https:\/\/editorial.aristeguinoticias.com\/wp-content\/uploads\/2025\/07\/mujer-que-insulto-policia-cdmx-clasisyas-racistas-disculpa-inmovilizador-parquimetro-3-08072025-205x128.jpeg 205w, https:\/\/editorial.aristeguinoticias.com\/wp-content\/uploads\/2025\/07\/mujer-que-insulto-policia-cdmx-clasisyas-racistas-disculpa-inmovilizador-parquimetro-3-08072025-720x450.jpeg 720w, https:\/\/editorial.aristeguinoticias.com\/wp-content\/uploads\/2025\/07\/mujer-que-insulto-policia-cdmx-clasisyas-racistas-disculpa-inmovilizador-parquimetro-3-08072025-333x208.jpeg 333w, https:\/\/editorial.aristeguinoticias.com\/wp-content\/uploads\/2025\/07\/mujer-que-insulto-policia-cdmx-clasisyas-racistas-disculpa-inmovilizador-parquimetro-3-08072025-120x75.jpeg 120w, https:\/\/editorial.aristeguinoticias.com\/wp-content\/uploads\/2025\/07\/mujer-que-insulto-policia-cdmx-clasisyas-racistas-disculpa-inmovilizador-parquimetro-3-08072025.jpeg 1200w\" alt=\"\" width=\"700\" height=\"438\" \/><\/a><\/p>\n<\/div>\n<div style=\"text-align: justify;\">\n<p>Despu\u00e9s de lo sucedido, Pichel dijo:<\/p>\n<\/div>\n<div style=\"text-align: justify;\">\n<p>\u201cSoy plenamente consciente de la gravedad de mis palabras y s\u00e9 que lo que dije estuvo mal. No hay justificaci\u00f3n para expresiones que hieren, dividen y discriminan. Fue un error que asumo con responsabilidad.<\/p>\n<\/div>\n<div style=\"text-align: justify;\">\n<p>\u201cQuiero ofrecer una disculpa p\u00fablica sincera y sin reservas. Mis palabras ofendieron a un hombre que hac\u00eda su trabajo y tambi\u00e9n a muchas personas que, cada d\u00eda, enfrentan la discriminaci\u00f3n y el desprecio. Lo lamento de coraz\u00f3n\u201d, expres\u00f3 en un comunicado compartido por\u00a0<em>Reforma<\/em>.<\/p>\n<\/div>\n<div style=\"text-align: justify;\">\n<p>A\u00f1adi\u00f3: \u201cSin embargo, no quiero que este momento defina todo lo que soy. Soy una mujer que cometi\u00f3 un grave error, pero tambi\u00e9n SOY una persona que est\u00e1 dispuesta a aprender, cambiar y ser mejor\u201d.<\/p>\n<\/div>\n<div style=\"text-align: justify;\">\n<p>La mujer dijo que no busca compasi\u00f3n ni excusas. \u201cLo que busco es transformar este momento en un punto de partida para crecer y demostrar que los errores no nos definen si tenemos la voluntad de enmendarlos con acciones reales\u201d.<\/p>\n<\/div>\n<div style=\"text-align: justify;\">\n<p>\u201cA la persona que ofend\u00ed directamente, le pido perd\u00f3n con honestidad. A quienes se sintieron heridos o decepcionados por m\u00ed, tambi\u00e9n les ofrezco mi disculpa m\u00e1s genuina\u201d, expres\u00f3 Ximena Pichel en el texto compartido por\u00a0<em>Reforma<\/em>.<\/p>\n<\/div>\n<div id=\"div-gpt-ad-ddnotamexicoZA_box_d\" class=\"box_d\" style=\"text-align: justify;\" data-google-query-id=\"CN7_39fEsI4DFYu7pgQd7_07Vg\">\n<div id=\"google_ads_iframe_\/21624040141\/ddnotamexicoZA_box_d_0__container__\"><\/div>\n<\/div>\n<div style=\"text-align: justify;\">\n<p>A continuaci\u00f3n el comunicado completo.<\/p>\n<\/div>\n<div>\n<p style=\"text-align: justify;\"><a href=\"https:\/\/editorial.aristeguinoticias.com\/wp-content\/uploads\/2025\/07\/mujer-que-insulto-policia-cdmx-clasisyas-racistas-disculpa-inmovilizador-parquimetro-2-08072025.jpg\"><img loading=\"lazy\" decoding=\"async\" class=\"alignnone size-large wp-image-1480954\" src=\"https:\/\/editorial.aristeguinoticias.com\/wp-content\/uploads\/2025\/07\/mujer-que-insulto-policia-cdmx-clasisyas-racistas-disculpa-inmovilizador-parquimetro-2-08072025-700x902.jpg\" sizes=\"auto, (max-width: 700px) 100vw, 700px\" srcset=\"https:\/\/editorial.aristeguinoticias.com\/wp-content\/uploads\/2025\/07\/mujer-que-insulto-policia-cdmx-clasisyas-racistas-disculpa-inmovilizador-parquimetro-2-08072025-700x902.jpg 700w, https:\/\/editorial.aristeguinoticias.com\/wp-content\/uploads\/2025\/07\/mujer-que-insulto-policia-cdmx-clasisyas-racistas-disculpa-inmovilizador-parquimetro-2-08072025-250x322.jpg 250w, https:\/\/editorial.aristeguinoticias.com\/wp-content\/uploads\/2025\/07\/mujer-que-insulto-policia-cdmx-clasisyas-racistas-disculpa-inmovilizador-parquimetro-2-08072025-768x990.jpg 768w, https:\/\/editorial.aristeguinoticias.com\/wp-content\/uploads\/2025\/07\/mujer-que-insulto-policia-cdmx-clasisyas-racistas-disculpa-inmovilizador-parquimetro-2-08072025-628x809.jpg 628w, https:\/\/editorial.aristeguinoticias.com\/wp-content\/uploads\/2025\/07\/mujer-que-insulto-policia-cdmx-clasisyas-racistas-disculpa-inmovilizador-parquimetro-2-08072025-298x384.jpg 298w, https:\/\/editorial.aristeguinoticias.com\/wp-content\/uploads\/2025\/07\/mujer-que-insulto-policia-cdmx-clasisyas-racistas-disculpa-inmovilizador-parquimetro-2-08072025-295x380.jpg 295w, https:\/\/editorial.aristeguinoticias.com\/wp-content\/uploads\/2025\/07\/mujer-que-insulto-policia-cdmx-clasisyas-racistas-disculpa-inmovilizador-parquimetro-2-08072025-205x264.jpg 205w, https:\/\/editorial.aristeguinoticias.com\/wp-content\/uploads\/2025\/07\/mujer-que-insulto-policia-cdmx-clasisyas-racistas-disculpa-inmovilizador-parquimetro-2-08072025-120x155.jpg 120w, https:\/\/editorial.aristeguinoticias.com\/wp-content\/uploads\/2025\/07\/mujer-que-insulto-policia-cdmx-clasisyas-racistas-disculpa-inmovilizador-parquimetro-2-08072025.jpg 1192w\" alt=\"\" width=\"700\" height=\"902\" \/><\/a><\/p>\n<p>V\u00eda: Aristegui Noticias<\/p>\n<\/div>\n","protected":false},"excerpt":{"rendered":"<p>Ximena Pichel,\u00a0mujer que agredi\u00f3 verbalmente con insultos racistas y clasistas a un polic\u00eda de la Ciudad de M\u00e9xico que intentaba inmovilizar su autom\u00f3vil por no pagar el parqu\u00edmetro, se disculp\u00f3 luego que el suceso se volviera viral. El abuso verbal ocurri\u00f3 el 3 de julio en la colonia Condesa, en el video se observa a [&hellip;]<\/p>\n","protected":false},"author":2,"featured_media":72533,"comment_status":"closed","ping_status":"closed","sticky":false,"template":"","format":"standard","meta":{"om_disable_all_campaigns":false,"_monsterinsights_skip_tracking":false,"_monsterinsights_sitenote_active":false,"_monsterinsights_sitenote_note":"","_monsterinsights_sitenote_category":0,"_uf_show_specific_survey":0,"_uf_disable_surveys":false,"_jetpack_memberships_contains_paid_content":false,"footnotes":"","jetpack_publicize_message":"#Viral Mujer que insult\u00f3 a polic\u00eda de CDMX pide disculpas","jetpack_publicize_feature_enabled":true,"jetpack_social_post_already_shared":true,"jetpack_social_options":{"image_generator_settings":{"template":"highway","default_image_id":0,"enabled":false},"version":2}},"categories":[16],"tags":[],"class_list":{"0":"post-72532","1":"post","2":"type-post","3":"status-publish","4":"format-standard","5":"has-post-thumbnail","7":"category-viral"},"aioseo_notices":[],"jetpack_publicize_connections":[],"jetpack_featured_media_url":"https:\/\/mediagroup.mx\/wp-content\/uploads\/2025\/07\/Captura-de-pantalla-2025-07-09-a-las-13.44.00.png","jetpack_sharing_enabled":true,"_links":{"self":[{"href":"https:\/\/mediagroup.mx\/index.php\/wp-json\/wp\/v2\/posts\/72532","targetHints":{"allow":["GET"]}}],"collection":[{"href":"https:\/\/mediagroup.mx\/index.php\/wp-json\/wp\/v2\/posts"}],"about":[{"href":"https:\/\/mediagroup.mx\/index.php\/wp-json\/wp\/v2\/types\/post"}],"author":[{"embeddable":true,"href":"https:\/\/mediagroup.mx\/index.php\/wp-json\/wp\/v2\/users\/2"}],"replies":[{"embeddable":true,"href":"https:\/\/mediagroup.mx\/index.php\/wp-json\/wp\/v2\/comments?post=72532"}],"version-history":[{"count":1,"href":"https:\/\/mediagroup.mx\/index.php\/wp-json\/wp\/v2\/posts\/72532\/revisions"}],"predecessor-version":[{"id":72534,"href":"https:\/\/mediagroup.mx\/index.php\/wp-json\/wp\/v2\/posts\/72532\/revisions\/72534"}],"wp:featuredmedia":[{"embeddable":true,"href":"https:\/\/mediagroup.mx\/index.php\/wp-json\/wp\/v2\/media\/72533"}],"wp:attachment":[{"href":"https:\/\/mediagroup.mx\/index.php\/wp-json\/wp\/v2\/media?parent=72532"}],"wp:term":[{"taxonomy":"category","embeddable":true,"href":"https:\/\/mediagroup.mx\/index.php\/wp-json\/wp\/v2\/categories?post=72532"},{"taxonomy":"post_tag","embeddable":true,"href":"https:\/\/mediagroup.mx\/index.php\/wp-json\/wp\/v2\/tags?post=72532"}],"curies":[{"name":"wp","href":"https:\/\/api.w.org\/{rel}","templated":true}]}}