{"id":72538,"date":"2025-07-09T14:23:32","date_gmt":"2025-07-09T20:23:32","guid":{"rendered":"https:\/\/mediagroup.mx\/?p=72538"},"modified":"2025-07-09T14:23:32","modified_gmt":"2025-07-09T20:23:32","slug":"condenan-a-mas-de-140-anos-de-prision-a-10-hombres-por-los-crimenes-ocurridos-en-el-rancho-izaguirre","status":"publish","type":"post","link":"https:\/\/mediagroup.mx\/index.php\/2025\/07\/09\/condenan-a-mas-de-140-anos-de-prision-a-10-hombres-por-los-crimenes-ocurridos-en-el-rancho-izaguirre\/","title":{"rendered":"Condenan a m\u00e1s de 140 a\u00f1os de prisi\u00f3n a 10 hombres por los cr\u00edmenes ocurridos en el Rancho Izaguirre"},"content":{"rendered":"<div class=\"bbc-19j92fr ebmt73l0\" dir=\"ltr\">\n<p class=\"bbc-hhl7in e17g058b0\" dir=\"ltr\" style=\"text-align: justify;\"><b>141 a\u00f1os y tres meses de prisi\u00f3n. Esa es la condena que la justicia mexicana dict\u00f3 contra diez hombres detenidos por su participaci\u00f3n en los cr\u00edmenes ocurridos en el Rancho Izaguirre.<\/b><\/p>\n<\/div>\n<div class=\"bbc-19j92fr ebmt73l0\" dir=\"ltr\" style=\"text-align: justify;\">\n<p class=\"bbc-hhl7in e17g058b0\" dir=\"ltr\">La decisi\u00f3n la anunci\u00f3 este martes el Tribunal de Enjuiciamiento Colegiado del Distrito I de Puente Grande (Jalisco), el cual un d\u00eda antes declar\u00f3 culpables a los acusados de los delitos de desaparici\u00f3n y homicidio en contra de tres personas.<\/p>\n<\/div>\n<div class=\"bbc-19j92fr ebmt73l0\" dir=\"ltr\" style=\"text-align: justify;\">\n<p class=\"bbc-hhl7in e17g058b0\" dir=\"ltr\">El veredicto se produjo tras una semana de juicio -en la que se presentaron 20 testimonios y diversas pruebas materiales-, report\u00f3 la prensa local.<\/p>\n<\/div>\n<div class=\"bbc-19j92fr ebmt73l0\" dir=\"ltr\">\n<p class=\"bbc-hhl7in e17g058b0\" dir=\"ltr\" style=\"text-align: justify;\">El Rancho Izaguirre -que se ubica en la regi\u00f3n agr\u00edcola de Teuchitl\u00e1n, a una hora de la ciudad de Guadalajara, en el oeste del pa\u00eds- ocup\u00f3 titulares de la prensa mundial en marzo pasado, cuando la organizaci\u00f3n Guerreros Buscadores de Jalisco ingres\u00f3 en su interior y asegur\u00f3 haber encontrado restos humanos, as\u00ed como cientos de prendas y calzado.<\/p>\n<p dir=\"ltr\" style=\"text-align: justify;\">Con estos hallazgos, la agrupaci\u00f3n asegur\u00f3 que el recinto era un centro empleado por presuntos miembros del Cartel Jalisco Nueva Generaci\u00f3n (CJNG) no solo para reclutar y entrenar a j\u00f3venes que se sumar\u00edan a sus comandos, sino tambi\u00e9n para asesinar a aquellos que se interpusieran en su camino.<\/p>\n<div class=\"bbc-19j92fr ebmt73l0\" dir=\"ltr\" style=\"text-align: justify;\">\n<p class=\"bbc-hhl7in e17g058b0\" dir=\"ltr\">Esta hip\u00f3tesis fue rechazada por el fiscal general del pa\u00eds, Alejandro Gertz Manero, que lo considera solo un centro de reclutamiento.<\/p>\n<\/div>\n<div class=\"bbc-19j92fr ebmt73l0\" dir=\"ltr\" style=\"text-align: justify;\">\n<p class=\"bbc-hhl7in e17g058b0\" dir=\"ltr\">Adem\u00e1s de las largas sentencias de c\u00e1rcel, el juzgado orden\u00f3 a cada uno de los condenados, cuyas identidades solo fueron parcialmente reveladas por las autoridades, a pagar 1,3 millones de pesos (US$70.000) como reparaci\u00f3n por el da\u00f1o cometido, report\u00f3 el diario mexicano\u00a0<i class=\"bbc-h1y5j7 eih42320\">El Universal<\/i>.<\/p>\n<\/div>\n<figure class=\"bbc-1qn0xuy\" style=\"text-align: justify;\">\n<div class=\"bbc-18ywsw9\"><img loading=\"lazy\" decoding=\"async\" class=\"bbc-139onq\" src=\"https:\/\/ichef.bbci.co.uk\/ace\/ws\/640\/cpsprodpb\/2b02\/live\/de8389d0-5beb-11f0-960d-e9f1088a89fe.jpg.webp\" sizes=\"auto, (min-width: 1008px) 760px, 100vw\" srcset=\"https:\/\/ichef.bbci.co.uk\/ace\/ws\/240\/cpsprodpb\/2b02\/live\/de8389d0-5beb-11f0-960d-e9f1088a89fe.jpg.webp 240w, https:\/\/ichef.bbci.co.uk\/ace\/ws\/320\/cpsprodpb\/2b02\/live\/de8389d0-5beb-11f0-960d-e9f1088a89fe.jpg.webp 320w, https:\/\/ichef.bbci.co.uk\/ace\/ws\/480\/cpsprodpb\/2b02\/live\/de8389d0-5beb-11f0-960d-e9f1088a89fe.jpg.webp 480w, https:\/\/ichef.bbci.co.uk\/ace\/ws\/624\/cpsprodpb\/2b02\/live\/de8389d0-5beb-11f0-960d-e9f1088a89fe.jpg.webp 624w, https:\/\/ichef.bbci.co.uk\/ace\/ws\/800\/cpsprodpb\/2b02\/live\/de8389d0-5beb-11f0-960d-e9f1088a89fe.jpg.webp 800w\" alt=\"Una protesta ante el Palacio Nacional de M\u00e9xico\" width=\"1024\" height=\"683\" \/><\/p>\n<p class=\"bbc-by8ykd\" role=\"text\"><span class=\"bbc-m04vo2\">FUENTE DE LA IMAGEN,<\/span><span lang=\"en-GB\">GETTY IMAGES<\/span><\/p>\n<\/div><figcaption class=\"bbc-15f1ujd\" dir=\"ltr\"><span role=\"text\"><span class=\"bbc-m04vo2\">Pie de foto,<\/span><span data-testid=\"caption-paragraph\">La justicia mexicana hall\u00f3 culpables a diez hombres acusados de asesinar y desaparecer a tres personas.<\/span><\/span><\/figcaption><\/figure>\n<div class=\"bbc-19j92fr ebmt73l0\" dir=\"ltr\" style=\"text-align: justify;\">\n<h2 id=\"La-punta-del-iceberg\" class=\"bbc-1lgzob2 eglt09e0\" tabindex=\"-1\">La punta del iceberg<\/h2>\n<\/div>\n<div class=\"bbc-19j92fr ebmt73l0\" dir=\"ltr\" style=\"text-align: justify;\">\n<p class=\"bbc-hhl7in e17g058b0\" dir=\"ltr\">Los ahora condenados fueron aprehendidos el 18 de septiembre de 2024, luego de un enfrentamiento con agentes de la Guardia Nacional en las inmediaciones del Rancho Izaguirre, record\u00f3 el diario mexicano Milenio.<\/p>\n<\/div>\n<div class=\"bbc-19j92fr ebmt73l0\" dir=\"ltr\" style=\"text-align: justify;\">\n<p class=\"bbc-hhl7in e17g058b0\" dir=\"ltr\">Las autoridades acudieron luego de recibir denuncias sobre disparos en la comunidad de La Estanzuela, cercana a la finca.<\/p>\n<\/div>\n<div class=\"bbc-19j92fr ebmt73l0\" dir=\"ltr\" style=\"text-align: justify;\">\n<p class=\"bbc-hhl7in e17g058b0\" dir=\"ltr\">Tras controlar la situaci\u00f3n, los uniformados ingresaron al predio, donde detuvieron a los diez sujetos y all\u00ed localizaron a una persona sin vida y rescataron a otras dos que estaban retenidas, inform\u00f3 en su momento la Fiscal\u00eda de Jalisco.<\/p>\n<\/div>\n<div class=\"bbc-19j92fr ebmt73l0\" dir=\"ltr\" style=\"text-align: justify;\">\n<p class=\"bbc-hhl7in e17g058b0\" dir=\"ltr\">Durante la operaci\u00f3n fueron encontradas grandes cantidades de ropa y objetos personales.<\/p>\n<\/div>\n<div class=\"bbc-19j92fr ebmt73l0\" dir=\"ltr\" style=\"text-align: justify;\">\n<p class=\"bbc-hhl7in e17g058b0\" dir=\"ltr\">Sin embargo, no fue sino hasta meses despu\u00e9s que se comenz\u00f3 a sospechar que la finca era un centro de entrenamiento y, posiblemente, exterminio del crimen organizado. \u00bfLa raz\u00f3n? Los miembros de Guerreros Buscadores de Jalisco volvieron a entrar a la propiedad y realizaron varios hallazgos.<\/p>\n<\/div>\n<div class=\"bbc-19j92fr ebmt73l0\" dir=\"ltr\" style=\"text-align: justify;\">\n<p class=\"bbc-hhl7in e17g058b0\" dir=\"ltr\">La difusi\u00f3n de im\u00e1genes de cientos de zapatos, huesos calcinados, casquillos de bala y cartas de despedida de algunas de las personas que permanecieron en el sitio, que los activistas encontraron en la propiedad, conmocion\u00f3 a parte de la sociedad mexicana.<\/p>\n<\/div>\n<figure class=\"bbc-1qn0xuy\" style=\"text-align: justify;\">\n<div class=\"bbc-18ywsw9\"><img loading=\"lazy\" decoding=\"async\" class=\"bbc-139onq\" src=\"https:\/\/ichef.bbci.co.uk\/ace\/ws\/640\/cpsprodpb\/593e\/live\/dbe7dae0-5bec-11f0-960d-e9f1088a89fe.jpg.webp\" sizes=\"auto, (min-width: 1008px) 760px, 100vw\" srcset=\"https:\/\/ichef.bbci.co.uk\/ace\/ws\/240\/cpsprodpb\/593e\/live\/dbe7dae0-5bec-11f0-960d-e9f1088a89fe.jpg.webp 240w, https:\/\/ichef.bbci.co.uk\/ace\/ws\/320\/cpsprodpb\/593e\/live\/dbe7dae0-5bec-11f0-960d-e9f1088a89fe.jpg.webp 320w, https:\/\/ichef.bbci.co.uk\/ace\/ws\/480\/cpsprodpb\/593e\/live\/dbe7dae0-5bec-11f0-960d-e9f1088a89fe.jpg.webp 480w, https:\/\/ichef.bbci.co.uk\/ace\/ws\/624\/cpsprodpb\/593e\/live\/dbe7dae0-5bec-11f0-960d-e9f1088a89fe.jpg.webp 624w, https:\/\/ichef.bbci.co.uk\/ace\/ws\/800\/cpsprodpb\/593e\/live\/dbe7dae0-5bec-11f0-960d-e9f1088a89fe.jpg.webp 800w\" alt=\"Retrato del fiscal general de M\u00e9xico\" width=\"1024\" height=\"683\" \/><\/p>\n<p class=\"bbc-by8ykd\" role=\"text\"><span class=\"bbc-m04vo2\">FUENTE DE LA IMAGEN,<\/span><span lang=\"en-GB\">GETTY IMAGES<\/span><\/p>\n<\/div><figcaption class=\"bbc-15f1ujd\" dir=\"ltr\"><span role=\"text\"><span class=\"bbc-m04vo2\">Pie de foto,<\/span><span data-testid=\"caption-paragraph\">El fiscal general de M\u00e9xico asegur\u00f3 que el Rancho Izaguirre solamente fue un centro de operaciones y entrenamiento del Cartel Jalisco Nueva Generaci\u00f3n.<\/span><\/span><\/figcaption><\/figure>\n<div class=\"bbc-19j92fr ebmt73l0\" dir=\"ltr\" style=\"text-align: justify;\">\n<p class=\"bbc-hhl7in e17g058b0\" dir=\"ltr\">Desde hace varios a\u00f1os, Guerreros Buscadores de Jalisco y otras organizaciones similares han denunciado que los j\u00f3venes son atra\u00eddos por grupos criminales con ofertas de empleo enga\u00f1osas y promesas de sueldos atractivos, y que las v\u00edctimas terminan en sitios como el que funcionaba en Teuchitl\u00e1n para ser entrenados en el crimen o morir.<\/p>\n<\/div>\n<div class=\"bbc-19j92fr ebmt73l0\" dir=\"ltr\" style=\"text-align: justify;\">\n<p class=\"bbc-hhl7in e17g058b0\" dir=\"ltr\">Un informe publicado en 2023 por la organizaci\u00f3n mexicana Tejiendo Redes Infancia indica que entre 30.000 y 35.000 menores de edad son v\u00edctimas de reclutamiento forzado cada a\u00f1o en M\u00e9xico.<\/p>\n<\/div>\n<div class=\"bbc-19j92fr ebmt73l0\" dir=\"ltr\" style=\"text-align: justify;\">\n<p class=\"bbc-hhl7in e17g058b0\" dir=\"ltr\">Por su parte, m\u00e1s de 125.000 personas han desaparecido en los \u00faltimos a\u00f1os en el pa\u00eds, reconoci\u00f3 hace unas semanas la Secretar\u00eda de Gobernaci\u00f3n (Ministerio del Interior), la cual report\u00f3 que el 90% de estos casos ocurrieron a partir de 2006 y de m\u00e1s de 60.000 personas se les perdi\u00f3 el rastro desde 2019.<\/p>\n<\/div>\n<div class=\"bbc-19j92fr ebmt73l0\" dir=\"ltr\" style=\"text-align: justify;\">\n<p class=\"bbc-hhl7in e17g058b0\" dir=\"ltr\">La mayor\u00eda de las v\u00edctimas son hombres j\u00f3venes: hay unos 40.000 desaparecidos cuyas edades oscilan entre los 20 y 34 a\u00f1os, de acuerdo con las cifras oficiales.<\/p>\n<\/div>\n<div class=\"bbc-19j92fr ebmt73l0\" dir=\"ltr\" style=\"text-align: justify;\">\n<p class=\"bbc-hhl7in e17g058b0\" dir=\"ltr\">Las condenas fueron saludadas desde la Fiscal\u00eda mexicana.<\/p>\n<\/div>\n<div class=\"bbc-19j92fr ebmt73l0\" dir=\"ltr\" style=\"text-align: justify;\">\n<p class=\"bbc-hhl7in e17g058b0\" dir=\"ltr\">\u00abLa decisi\u00f3n del tribunal representa una de las penas m\u00e1s severas aplicadas por estos delitos, en un esfuerzo por fortalecer la acci\u00f3n judicial contra la impunidad en casos de desapariciones\u00bb, afirm\u00f3 el organismo en un comunicado, report\u00f3 el diario\u00a0<i class=\"bbc-h1y5j7 eih42320\">Proceso<\/i>.<\/p>\n<\/div>\n<figure class=\"bbc-1qn0xuy\" style=\"text-align: justify;\">\n<div class=\"bbc-18ywsw9\"><img loading=\"lazy\" decoding=\"async\" class=\"bbc-139onq\" src=\"https:\/\/ichef.bbci.co.uk\/ace\/ws\/640\/cpsprodpb\/d050\/live\/1393de80-5bed-11f0-960d-e9f1088a89fe.jpg.webp\" sizes=\"auto, (min-width: 1008px) 760px, 100vw\" srcset=\"https:\/\/ichef.bbci.co.uk\/ace\/ws\/240\/cpsprodpb\/d050\/live\/1393de80-5bed-11f0-960d-e9f1088a89fe.jpg.webp 240w, https:\/\/ichef.bbci.co.uk\/ace\/ws\/320\/cpsprodpb\/d050\/live\/1393de80-5bed-11f0-960d-e9f1088a89fe.jpg.webp 320w, https:\/\/ichef.bbci.co.uk\/ace\/ws\/480\/cpsprodpb\/d050\/live\/1393de80-5bed-11f0-960d-e9f1088a89fe.jpg.webp 480w, https:\/\/ichef.bbci.co.uk\/ace\/ws\/624\/cpsprodpb\/d050\/live\/1393de80-5bed-11f0-960d-e9f1088a89fe.jpg.webp 624w, https:\/\/ichef.bbci.co.uk\/ace\/ws\/800\/cpsprodpb\/d050\/live\/1393de80-5bed-11f0-960d-e9f1088a89fe.jpg.webp 800w\" alt=\"Unos zapatos junto a velas\" width=\"1024\" height=\"683\" \/><\/p>\n<p class=\"bbc-by8ykd\" role=\"text\"><span class=\"bbc-m04vo2\">FUENTE DE LA IMAGEN,<\/span><span lang=\"en-GB\">GETTY IMAGES<\/span><\/p>\n<\/div><figcaption class=\"bbc-15f1ujd\" dir=\"ltr\"><span role=\"text\"><span class=\"bbc-m04vo2\">Pie de foto,<\/span><span data-testid=\"caption-paragraph\">M\u00e1s de 125.000 mexicanos han desaparecido en las \u00faltimas dos d\u00e9cadas, la mayor\u00eda de ellos hombres j\u00f3venes.<\/span><\/span><\/figcaption><\/figure>\n<div class=\"bbc-19j92fr ebmt73l0\" dir=\"ltr\" style=\"text-align: justify;\">\n<h2 id=\"Solo-un-centro-de-entrenamiento\" class=\"bbc-1lgzob2 eglt09e0\" tabindex=\"-1\">\u00abSolo un centro de entrenamiento\u00bb<\/h2>\n<\/div>\n<div class=\"bbc-19j92fr ebmt73l0\" dir=\"ltr\" style=\"text-align: justify;\">\n<p class=\"bbc-hhl7in e17g058b0\" dir=\"ltr\">Las afirmaciones de que el Rancho Izaguirre era otro sitio de exterminio del crimen organizado, similar a los otros cinco que han sido encontrados en las \u00faltimas dos d\u00e9cadas en distintas parte del pa\u00eds, fueron rechazadas por las autoridades mexicanas.<\/p>\n<\/div>\n<div class=\"bbc-19j92fr ebmt73l0\" dir=\"ltr\" style=\"text-align: justify;\">\n<p class=\"bbc-hhl7in e17g058b0\" dir=\"ltr\">\u00ab\u00bfHab\u00eda ah\u00ed un sitio de cremaci\u00f3n? No hay una sola prueba que acredite ese dicho\u00bb, asegur\u00f3 el fiscal general de M\u00e9xico, Alejandro Gertz Manero, el pasado 29 de abril.<\/p>\n<\/div>\n<div class=\"bbc-19j92fr ebmt73l0\" dir=\"ltr\" style=\"text-align: justify;\">\n<p class=\"bbc-hhl7in e17g058b0\" dir=\"ltr\">\u00ab\u00bfQu\u00e9 es lo que s\u00ed se ha encontrado? Se han encontrado zanjas y algunos agujeros donde (los criminales) hac\u00edan fogatas\u00bb, agreg\u00f3 el funcionario.<\/p>\n<\/div>\n<div class=\"bbc-19j92fr ebmt73l0\" dir=\"ltr\" style=\"text-align: justify;\">\n<p class=\"bbc-hhl7in e17g058b0\" dir=\"ltr\">Respecto a los restos \u00f3seos encontrados, el fiscal admiti\u00f3 que fueron hallados algunos, pero neg\u00f3 que los mismos puedan considerarse como una prueba de que el rancho era un centro de exterminio.<\/p>\n<\/div>\n<div class=\"bbc-19j92fr ebmt73l0\" dir=\"ltr\" style=\"text-align: justify;\">\n<p class=\"bbc-hhl7in e17g058b0\" dir=\"ltr\">\u00abSe encontr\u00f3 una peque\u00f1a vasija con fragmentos muy peque\u00f1os de huesos con una antig\u00fcedad muy importante\u00bb, dijo.<\/p>\n<\/div>\n<div class=\"bbc-19j92fr ebmt73l0\" dir=\"ltr\" style=\"text-align: justify;\">\n<p class=\"bbc-hhl7in e17g058b0\" dir=\"ltr\">Gertz asever\u00f3 que todas las evidencias apuntan a que el recinto era una base de los narcotraficantes que operan en la zona.<\/p>\n<\/div>\n<div class=\"bbc-19j92fr ebmt73l0\" dir=\"ltr\" style=\"text-align: justify;\">\n<p class=\"bbc-hhl7in e17g058b0\" dir=\"ltr\">\u00abTenemos ya totalmente probado que ese era un centro de reclutamiento, adiestramiento y operaci\u00f3n del Cartel Jalisco Nueva Generaci\u00f3n (CJNG). Eso est\u00e1 probado por confesiones, testimonios, documentos\u00bb, declar\u00f3.<\/p>\n<\/div>\n<div class=\"bbc-19j92fr ebmt73l0\" dir=\"ltr\" style=\"text-align: justify;\">\n<p class=\"bbc-hhl7in e17g058b0\" dir=\"ltr\">La condena no supone el fin de la historia del Rancho Izaguirre, pues las autoridades judiciales mexicanas tienen abiertas otras averiguaciones, una de ellas afecta al que era alcalde de la localidad de Teuchitl\u00e1n.<\/p>\n<\/div>\n<div class=\"bbc-19j92fr ebmt73l0\" dir=\"ltr\">\n<p class=\"bbc-hhl7in e17g058b0\" dir=\"ltr\" style=\"text-align: justify;\">En mayo pasado, Jos\u00e9 Murgu\u00eda Santiago, fue detenido y la Fiscal\u00eda lo se\u00f1ala de aliarse con el CJNG para facilitar sus operaciones en la zona, a cambio de dinero. Unas versiones que el exfuncionario ha negado.<\/p>\n<p dir=\"ltr\">V\u00eda: BBC<\/p>\n<\/div>\n<\/div>\n","protected":false},"excerpt":{"rendered":"<p>141 a\u00f1os y tres meses de prisi\u00f3n. Esa es la condena que la justicia mexicana dict\u00f3 contra diez hombres detenidos por su participaci\u00f3n en los cr\u00edmenes ocurridos en el Rancho Izaguirre. La decisi\u00f3n la anunci\u00f3 este martes el Tribunal de Enjuiciamiento Colegiado del Distrito I de Puente Grande (Jalisco), el cual un d\u00eda antes declar\u00f3 [&hellip;]<\/p>\n","protected":false},"author":2,"featured_media":72539,"comment_status":"closed","ping_status":"closed","sticky":false,"template":"","format":"standard","meta":{"om_disable_all_campaigns":false,"_monsterinsights_skip_tracking":false,"_monsterinsights_sitenote_active":false,"_monsterinsights_sitenote_note":"","_monsterinsights_sitenote_category":0,"_uf_show_specific_survey":0,"_uf_disable_surveys":false,"_jetpack_memberships_contains_paid_content":false,"footnotes":"","jetpack_publicize_message":"Condenan a m\u00e1s de 140 a\u00f1os de prisi\u00f3n a 10 hombres por los cr\u00edmenes ocurridos en el Rancho Izaguirre","jetpack_publicize_feature_enabled":true,"jetpack_social_post_already_shared":true,"jetpack_social_options":{"image_generator_settings":{"template":"highway","default_image_id":0,"enabled":false},"version":2}},"categories":[23],"tags":[],"class_list":{"0":"post-72538","1":"post","2":"type-post","3":"status-publish","4":"format-standard","5":"has-post-thumbnail","7":"category-nacional"},"aioseo_notices":[],"jetpack_publicize_connections":[],"jetpack_featured_media_url":"https:\/\/mediagroup.mx\/wp-content\/uploads\/2025\/07\/Captura-de-pantalla-2025-07-09-a-las-14.21.57.png","jetpack_sharing_enabled":true,"_links":{"self":[{"href":"https:\/\/mediagroup.mx\/index.php\/wp-json\/wp\/v2\/posts\/72538","targetHints":{"allow":["GET"]}}],"collection":[{"href":"https:\/\/mediagroup.mx\/index.php\/wp-json\/wp\/v2\/posts"}],"about":[{"href":"https:\/\/mediagroup.mx\/index.php\/wp-json\/wp\/v2\/types\/post"}],"author":[{"embeddable":true,"href":"https:\/\/mediagroup.mx\/index.php\/wp-json\/wp\/v2\/users\/2"}],"replies":[{"embeddable":true,"href":"https:\/\/mediagroup.mx\/index.php\/wp-json\/wp\/v2\/comments?post=72538"}],"version-history":[{"count":1,"href":"https:\/\/mediagroup.mx\/index.php\/wp-json\/wp\/v2\/posts\/72538\/revisions"}],"predecessor-version":[{"id":72540,"href":"https:\/\/mediagroup.mx\/index.php\/wp-json\/wp\/v2\/posts\/72538\/revisions\/72540"}],"wp:featuredmedia":[{"embeddable":true,"href":"https:\/\/mediagroup.mx\/index.php\/wp-json\/wp\/v2\/media\/72539"}],"wp:attachment":[{"href":"https:\/\/mediagroup.mx\/index.php\/wp-json\/wp\/v2\/media?parent=72538"}],"wp:term":[{"taxonomy":"category","embeddable":true,"href":"https:\/\/mediagroup.mx\/index.php\/wp-json\/wp\/v2\/categories?post=72538"},{"taxonomy":"post_tag","embeddable":true,"href":"https:\/\/mediagroup.mx\/index.php\/wp-json\/wp\/v2\/tags?post=72538"}],"curies":[{"name":"wp","href":"https:\/\/api.w.org\/{rel}","templated":true}]}}