{"id":72541,"date":"2025-07-09T14:29:14","date_gmt":"2025-07-09T20:29:14","guid":{"rendered":"https:\/\/mediagroup.mx\/?p=72541"},"modified":"2025-07-09T14:29:14","modified_gmt":"2025-07-09T20:29:14","slug":"presunto-asesino-de-16-anos-confiesa-crimen-basado-en-serie-dexter","status":"publish","type":"post","link":"https:\/\/mediagroup.mx\/index.php\/2025\/07\/09\/presunto-asesino-de-16-anos-confiesa-crimen-basado-en-serie-dexter\/","title":{"rendered":"Presunto asesino de 16 a\u00f1os confiesa crimen basado en serie &#8216;Dexter&#8217;"},"content":{"rendered":"<p style=\"text-align: justify;\">La Fiscal\u00eda General del Estado de Baja California (FGE) inform\u00f3 que<strong>\u00a0el adolescente detenido por el feminicidio de Keila Nicole<\/strong>, una menor de 13 a\u00f1os, habr\u00eda planeado el crimen inspir\u00e1ndose en la serie televisiva Dexter, la cual gira en torno a un forense asesino en serie.<\/p>\n<div style=\"text-align: justify;\">\n<p>El sospechoso, identificado como Cristian Iv\u00e1n \u201cN\u201d de 16 a\u00f1os,\u00a0<strong>fue arrestado<\/strong>\u00a0tras encontrarse evidencia que lo vinculaba directamente con el feminicidio.<\/p>\n<\/div>\n<div style=\"text-align: justify;\">\n<p>En una conferencia de prensa, la fiscal Ma. Elena Andrade Ram\u00edrez inform\u00f3 que el cuerpo de Keila fue encontrado\u00a0<strong>descuartizado en un lugar \u201cinh\u00f3spito y deshabitado\u201d.\u00a0<\/strong><\/p>\n<\/div>\n<div style=\"text-align: justify;\">\n<p>La desaparici\u00f3n de Keila Nicole fue reportada por su madre<strong>\u00a0el pasado 2 de julio<\/strong>\u00a0ante la polic\u00eda municipal de San Quint\u00edn.\u00a0 Aquel d\u00eda, la menor\u00a0<strong>iba rumbo a casa de unas amigas,<\/strong>\u00a0pero jam\u00e1s lleg\u00f3.<\/p>\n<\/div>\n<div style=\"text-align: justify;\">\n<p>Seg\u00fan la informaci\u00f3n oficial<strong>, la Fiscal\u00eda encontr\u00f3 evidencia que vincula directamente al menor<\/strong> con el feminicidio tras catear su domicilio.<\/p>\n<\/div>\n<div style=\"text-align: justify;\">\n<p><img loading=\"lazy\" decoding=\"async\" class=\"aligncenter size-large wp-image-1481070\" src=\"https:\/\/editorial.aristeguinoticias.com\/wp-content\/uploads\/2025\/07\/feminicidio-kelia-nicol-dexter-se-inspiro-la-descuartizo-700x438.jpg\" sizes=\"auto, (max-width: 700px) 100vw, 700px\" srcset=\"https:\/\/editorial.aristeguinoticias.com\/wp-content\/uploads\/2025\/07\/feminicidio-kelia-nicol-dexter-se-inspiro-la-descuartizo-700x438.jpg 700w, https:\/\/editorial.aristeguinoticias.com\/wp-content\/uploads\/2025\/07\/feminicidio-kelia-nicol-dexter-se-inspiro-la-descuartizo-250x156.jpg 250w, https:\/\/editorial.aristeguinoticias.com\/wp-content\/uploads\/2025\/07\/feminicidio-kelia-nicol-dexter-se-inspiro-la-descuartizo-768x480.jpg 768w, https:\/\/editorial.aristeguinoticias.com\/wp-content\/uploads\/2025\/07\/feminicidio-kelia-nicol-dexter-se-inspiro-la-descuartizo-628x393.jpg 628w, https:\/\/editorial.aristeguinoticias.com\/wp-content\/uploads\/2025\/07\/feminicidio-kelia-nicol-dexter-se-inspiro-la-descuartizo-298x186.jpg 298w, https:\/\/editorial.aristeguinoticias.com\/wp-content\/uploads\/2025\/07\/feminicidio-kelia-nicol-dexter-se-inspiro-la-descuartizo-295x184.jpg 295w, https:\/\/editorial.aristeguinoticias.com\/wp-content\/uploads\/2025\/07\/feminicidio-kelia-nicol-dexter-se-inspiro-la-descuartizo-205x128.jpg 205w, https:\/\/editorial.aristeguinoticias.com\/wp-content\/uploads\/2025\/07\/feminicidio-kelia-nicol-dexter-se-inspiro-la-descuartizo-720x450.jpg 720w, https:\/\/editorial.aristeguinoticias.com\/wp-content\/uploads\/2025\/07\/feminicidio-kelia-nicol-dexter-se-inspiro-la-descuartizo-333x208.jpg 333w, https:\/\/editorial.aristeguinoticias.com\/wp-content\/uploads\/2025\/07\/feminicidio-kelia-nicol-dexter-se-inspiro-la-descuartizo-120x75.jpg 120w, https:\/\/editorial.aristeguinoticias.com\/wp-content\/uploads\/2025\/07\/feminicidio-kelia-nicol-dexter-se-inspiro-la-descuartizo.jpg 1200w\" alt=\"\" width=\"700\" height=\"438\" \/><\/p>\n<\/div>\n<div style=\"text-align: justify;\">\n<p>\u201cLlegamos al lugar donde habitaba el imputado, encontrando evidencia directa;\u00a0<strong>inclusive se ve la planeaci\u00f3n del desgarrador crimen<\/strong>. Se advierte que estaba planteando la ejecuci\u00f3n y desmembramiento de la peque\u00f1a\u201d afirma la fiscal.<\/p>\n<\/div>\n<div style=\"text-align: justify;\">\n<p>Tras ser detenido, el joven dijo en entrevistas con la autoridad que\u00a0<strong>se inspir\u00f3 en la serie televisiva \u2018Dexter\u2019<\/strong>\u00a0para llevar a cabo el crimen, seg\u00fan la FGE.<\/p>\n<\/div>\n<div style=\"text-align: justify;\">\n<p>De acuerdo con las investigaciones, Cristian Iv\u00e1n\u00a0<strong>habr\u00eda convencido a Keila de acompa\u00f1arlo a un lugar conocido como \u201cLa Cueva\u201d<\/strong>. Previo al ataque, la menor alcanz\u00f3 a enviar un mensaje a una amiga expresando temor por el comportamiento del joven.<\/p>\n<\/div>\n<div id=\"div-gpt-ad-ddnotamexicoZA_box_c\" class=\"box_c\" style=\"text-align: justify;\" data-google-query-id=\"CIGXuNTNsI4DFQbyGAIdql82-g\">\n<div id=\"google_ads_iframe_\/21624040141\/ddnotamexicoZA_box_c_0__container__\">\u201cElla le escribi\u00f3 que lo ve\u00eda \u2018muy raro\u2019 y que ten\u00eda miedo\u201d, relat\u00f3 la fiscal. Poco despu\u00e9s, el acusado l<strong>a golpe\u00f3 en la cabeza y procedi\u00f3 al desmembramiento.<\/strong><\/div>\n<\/div>\n<div style=\"text-align: justify;\">\n<p>El imputado enfrenta cargos por feminicidio agravado bajo las disposiciones del C\u00f3digo Penal de Baja California. Aunque, debido a su edad,\u00a0<strong>la pena m\u00e1xima podr\u00eda ser de cinco a\u00f1os.<\/strong><\/p>\n<\/div>\n<div style=\"text-align: justify;\">\n<p>La gobernadora Marina del Pilar \u00c1vila Olmeda<strong>\u00a0se reuni\u00f3 con la madre de la v\u00edcti<\/strong>ma, mientras que las autoridades contin\u00faan con las investigaciones para resolver el caso.<\/p>\n<\/div>\n<div style=\"text-align: justify;\">\n<p>A su vez, la presidenta municipal de San Quint\u00edn\u00a0<strong>exigi\u00f3 justicia para Keila:<\/strong><\/p>\n<\/div>\n<div>\n<p style=\"text-align: justify;\">\u201cAcompa\u00f1amos a su familia en este momento tan dif\u00edcil y asumimos con seriedad nuestra responsabilidad como gobierno. He instruido que se realicen las acciones pertinentes para que se investigue a fondo, se sancionen posibles omisiones y se refuercen nuestras capacidades institucionales.<strong>\u00a0La justicia para Keila es una exigencia de toda una comunidad. No vamos a dar un paso atr\u00e1s<\/strong>\u201c, escribi\u00f3 en su cuenta de Facebook.<\/p>\n<p>V\u00eda: Aristegui Noticias<\/p>\n<\/div>\n","protected":false},"excerpt":{"rendered":"<p>La Fiscal\u00eda General del Estado de Baja California (FGE) inform\u00f3 que\u00a0el adolescente detenido por el feminicidio de Keila Nicole, una menor de 13 a\u00f1os, habr\u00eda planeado el crimen inspir\u00e1ndose en la serie televisiva Dexter, la cual gira en torno a un forense asesino en serie. El sospechoso, identificado como Cristian Iv\u00e1n \u201cN\u201d de 16 a\u00f1os,\u00a0fue [&hellip;]<\/p>\n","protected":false},"author":2,"featured_media":72542,"comment_status":"closed","ping_status":"closed","sticky":false,"template":"","format":"standard","meta":{"om_disable_all_campaigns":false,"_monsterinsights_skip_tracking":false,"_monsterinsights_sitenote_active":false,"_monsterinsights_sitenote_note":"","_monsterinsights_sitenote_category":0,"_uf_show_specific_survey":0,"_uf_disable_surveys":false,"_jetpack_memberships_contains_paid_content":false,"footnotes":"","jetpack_publicize_message":"Presunto asesino de 16 a\u00f1os confiesa crimen basado en serie 'Dexter'","jetpack_publicize_feature_enabled":true,"jetpack_social_post_already_shared":true,"jetpack_social_options":{"image_generator_settings":{"template":"highway","default_image_id":0,"enabled":false},"version":2}},"categories":[23,24],"tags":[],"class_list":{"0":"post-72541","1":"post","2":"type-post","3":"status-publish","4":"format-standard","5":"has-post-thumbnail","7":"category-nacional","8":"category-seguridad"},"aioseo_notices":[],"jetpack_publicize_connections":[],"jetpack_featured_media_url":"https:\/\/mediagroup.mx\/wp-content\/uploads\/2025\/07\/Captura-de-pantalla-2025-07-09-a-las-14.27.40.png","jetpack_sharing_enabled":true,"_links":{"self":[{"href":"https:\/\/mediagroup.mx\/index.php\/wp-json\/wp\/v2\/posts\/72541","targetHints":{"allow":["GET"]}}],"collection":[{"href":"https:\/\/mediagroup.mx\/index.php\/wp-json\/wp\/v2\/posts"}],"about":[{"href":"https:\/\/mediagroup.mx\/index.php\/wp-json\/wp\/v2\/types\/post"}],"author":[{"embeddable":true,"href":"https:\/\/mediagroup.mx\/index.php\/wp-json\/wp\/v2\/users\/2"}],"replies":[{"embeddable":true,"href":"https:\/\/mediagroup.mx\/index.php\/wp-json\/wp\/v2\/comments?post=72541"}],"version-history":[{"count":1,"href":"https:\/\/mediagroup.mx\/index.php\/wp-json\/wp\/v2\/posts\/72541\/revisions"}],"predecessor-version":[{"id":72543,"href":"https:\/\/mediagroup.mx\/index.php\/wp-json\/wp\/v2\/posts\/72541\/revisions\/72543"}],"wp:featuredmedia":[{"embeddable":true,"href":"https:\/\/mediagroup.mx\/index.php\/wp-json\/wp\/v2\/media\/72542"}],"wp:attachment":[{"href":"https:\/\/mediagroup.mx\/index.php\/wp-json\/wp\/v2\/media?parent=72541"}],"wp:term":[{"taxonomy":"category","embeddable":true,"href":"https:\/\/mediagroup.mx\/index.php\/wp-json\/wp\/v2\/categories?post=72541"},{"taxonomy":"post_tag","embeddable":true,"href":"https:\/\/mediagroup.mx\/index.php\/wp-json\/wp\/v2\/tags?post=72541"}],"curies":[{"name":"wp","href":"https:\/\/api.w.org\/{rel}","templated":true}]}}