{"id":72646,"date":"2025-07-09T10:43:06","date_gmt":"2025-07-09T16:43:06","guid":{"rendered":"https:\/\/mediagroup.mx\/?p=72646"},"modified":"2025-07-10T10:44:04","modified_gmt":"2025-07-10T16:44:04","slug":"hubo-exigencia-de-justicia-seguridad-y-respeto-al-autogobierno","status":"publish","type":"post","link":"https:\/\/mediagroup.mx\/index.php\/2025\/07\/09\/hubo-exigencia-de-justicia-seguridad-y-respeto-al-autogobierno\/","title":{"rendered":"+Hubo exigencia de justicia, seguridad y respeto al autogobierno."},"content":{"rendered":"<p>RED 113 MICHOAC\u00c1N\/Redacci\u00f3n<\/p>\n<p>Morelia, Mich.- 9 de julio de 2025.- Este d\u00eda el coraz\u00f3n de Morelia fue sacudido por el eco de una vieja demanda: justicia para Cher\u00e1n. Desde Casa Michoac\u00e1n hasta las puertas del Palacio de Gobierno y el Congreso del Estado, comuneros purh\u00e9pechas tomaron las calles para denunciar lo que llaman una \u201cafrenta directa\u201d contra los pueblos originarios que han expulsado al sistema de partidos y ejercen el autogobierno.<\/p>\n<p>Marcharon con los rostros firmes y el paso decidido. Aunque se esperaba la presencia de la CNTE, su participaci\u00f3n fue apenas simb\u00f3lica. Fue Cher\u00e1n quien alz\u00f3 la voz, con sus propios medios, con su propia rabia.<\/p>\n<p>Las consignas \u201c\u00a1Cuchillo, navaja, aqu\u00ed nadie se raja!\u201d y \u201c\u00a1Los barrios unidos jam\u00e1s ser\u00e1n vencidos!\u201d resonaron entre tambores y banderas, mientras las puertas del Congreso del Estado eran bloqueadas por los manifestantes. Ning\u00fan legislador pod\u00eda salir. La tensi\u00f3n creci\u00f3, pero no estall\u00f3.<\/p>\n<p>En paralelo, en Cher\u00e1n la comunidad cerr\u00f3 sus accesos. \u201cNadie entra, nadie sale\u201d, se escuch\u00f3 desde las barricadas en la entrada del pueblo, mientras la Ronda Comunitaria reforzaba la vigilancia con apoyo de fuerzas federales. Tambi\u00e9n se reportaron bloqueos en Carapan y Cheran\u00e1stico, como parte de una jornada de lucha coordinada.<\/p>\n<p>El rostro de la indignaci\u00f3n se mostr\u00f3 claramente frente al Palacio de Gobierno, donde un comunero, sin dar su nombre, tom\u00f3 el micr\u00f3fono y desnud\u00f3 la herida:<\/p>\n<p>\u201cFrancisco cay\u00f3 abatido al enfrentar a los criminales. Otro compa\u00f1ero est\u00e1 entre la vida y la muerte. Esto es resultado de un gobierno omiso, sordo ante las exigencias de seguridad de nuestra comunidad. Cher\u00e1n no est\u00e1 en guerra, pero la violencia nos ha alcanzado.\u201d<\/p>\n<p>Los hechos recientes, donde comuneros de la Ronda Comunal frenaron el intento de irrupci\u00f3n del C\u00e1rtel Jalisco Nueva Generaci\u00f3n a Cher\u00e1n, marcaron el punto de quiebre. Desde el templete improvisado, el orador exigi\u00f3 cuatro puntos: justicia para los ca\u00eddos y para las v\u00edctimas desde 2011; garant\u00edas m\u00ednimas para la seguridad de las rondas comunitarias; atenci\u00f3n urgente a los problemas ambientales como la plaga forestal y la falta de apoyo para la reforestaci\u00f3n; y, finalmente, mejoras sustanciales en servicios de salud, incluyendo un hospital regional digno.<\/p>\n<p>\u201cCher\u00e1n no es una comunidad aislada. Lo que pas\u00f3 no fue un accidente, fue un ataque orquestado para castigar nuestra decisi\u00f3n de vivir sin partidos pol\u00edticos. Hoy iniciamos una nueva etapa de organizaci\u00f3n con otras comunidades. Exigimos que el gobernador se siente en la mesa de di\u00e1logo junto con la Federaci\u00f3n, porque si no hay respuesta, no nos moveremos\u201d, advirti\u00f3 el vocero.<\/p>\n<p>Al caer la noche, los accesos a Cher\u00e1n fueron reabiertos, pero con seguridad reforzada de los comuneros y fuerzas federales, y con rigurosas inspecciones. La mesa de di\u00e1logo con el Gobierno del Estado ya se instal\u00f3 y en los pr\u00f3ximos d\u00edas habr\u00e1 un nuevo encuentro, esta vez con la presencia del gobernador Alfredo Ram\u00edrez Bedolla, as\u00ed como de mandos del Ej\u00e9rcito y la Guardia Nacional.<\/p>\n<p>La lucha de Cher\u00e1n sigue. Hoy no fue s\u00f3lo una marcha. Fue un grito. Un recordatorio de que hay pueblos que no se rinden y que, en medio del abandono institucional, a\u00fan se aferran a la dignidad como forma de gobierno.<\/p>\n<p><img loading=\"lazy\" decoding=\"async\" class=\"alignnone size-medium wp-image-72647\" src=\"https:\/\/mediagroup.mx\/wp-content\/uploads\/2025\/07\/WhatsApp-Image-2025-07-09-at-10.22.44-PM-1-300x225.jpeg\" alt=\"\" width=\"300\" height=\"225\" srcset=\"https:\/\/mediagroup.mx\/wp-content\/uploads\/2025\/07\/WhatsApp-Image-2025-07-09-at-10.22.44-PM-1-300x225.jpeg 300w, https:\/\/mediagroup.mx\/wp-content\/uploads\/2025\/07\/WhatsApp-Image-2025-07-09-at-10.22.44-PM-1-1024x768.jpeg 1024w, https:\/\/mediagroup.mx\/wp-content\/uploads\/2025\/07\/WhatsApp-Image-2025-07-09-at-10.22.44-PM-1-768x576.jpeg 768w, https:\/\/mediagroup.mx\/wp-content\/uploads\/2025\/07\/WhatsApp-Image-2025-07-09-at-10.22.44-PM-1-1536x1152.jpeg 1536w, https:\/\/mediagroup.mx\/wp-content\/uploads\/2025\/07\/WhatsApp-Image-2025-07-09-at-10.22.44-PM-1-150x113.jpeg 150w, https:\/\/mediagroup.mx\/wp-content\/uploads\/2025\/07\/WhatsApp-Image-2025-07-09-at-10.22.44-PM-1-696x522.jpeg 696w, https:\/\/mediagroup.mx\/wp-content\/uploads\/2025\/07\/WhatsApp-Image-2025-07-09-at-10.22.44-PM-1-1068x801.jpeg 1068w, https:\/\/mediagroup.mx\/wp-content\/uploads\/2025\/07\/WhatsApp-Image-2025-07-09-at-10.22.44-PM-1.jpeg 1600w\" sizes=\"auto, (max-width: 300px) 100vw, 300px\" \/> <img loading=\"lazy\" decoding=\"async\" class=\"alignnone size-medium wp-image-72648\" src=\"https:\/\/mediagroup.mx\/wp-content\/uploads\/2025\/07\/WhatsApp-Image-2025-07-09-at-10.22.44-PM-300x169.jpeg\" alt=\"\" width=\"300\" height=\"169\" srcset=\"https:\/\/mediagroup.mx\/wp-content\/uploads\/2025\/07\/WhatsApp-Image-2025-07-09-at-10.22.44-PM-300x169.jpeg 300w, https:\/\/mediagroup.mx\/wp-content\/uploads\/2025\/07\/WhatsApp-Image-2025-07-09-at-10.22.44-PM-1024x576.jpeg 1024w, https:\/\/mediagroup.mx\/wp-content\/uploads\/2025\/07\/WhatsApp-Image-2025-07-09-at-10.22.44-PM-768x432.jpeg 768w, https:\/\/mediagroup.mx\/wp-content\/uploads\/2025\/07\/WhatsApp-Image-2025-07-09-at-10.22.44-PM-1536x864.jpeg 1536w, https:\/\/mediagroup.mx\/wp-content\/uploads\/2025\/07\/WhatsApp-Image-2025-07-09-at-10.22.44-PM-150x84.jpeg 150w, https:\/\/mediagroup.mx\/wp-content\/uploads\/2025\/07\/WhatsApp-Image-2025-07-09-at-10.22.44-PM-696x391.jpeg 696w, https:\/\/mediagroup.mx\/wp-content\/uploads\/2025\/07\/WhatsApp-Image-2025-07-09-at-10.22.44-PM-1068x600.jpeg 1068w, https:\/\/mediagroup.mx\/wp-content\/uploads\/2025\/07\/WhatsApp-Image-2025-07-09-at-10.22.44-PM.jpeg 1599w\" sizes=\"auto, (max-width: 300px) 100vw, 300px\" \/> <img loading=\"lazy\" decoding=\"async\" class=\"alignnone size-medium wp-image-72649\" src=\"https:\/\/mediagroup.mx\/wp-content\/uploads\/2025\/07\/WhatsApp-Image-2025-07-09-at-10.22.43-PM-2-300x170.jpeg\" alt=\"\" width=\"300\" height=\"170\" srcset=\"https:\/\/mediagroup.mx\/wp-content\/uploads\/2025\/07\/WhatsApp-Image-2025-07-09-at-10.22.43-PM-2-300x170.jpeg 300w, https:\/\/mediagroup.mx\/wp-content\/uploads\/2025\/07\/WhatsApp-Image-2025-07-09-at-10.22.43-PM-2-768x435.jpeg 768w, https:\/\/mediagroup.mx\/wp-content\/uploads\/2025\/07\/WhatsApp-Image-2025-07-09-at-10.22.43-PM-2-150x85.jpeg 150w, https:\/\/mediagroup.mx\/wp-content\/uploads\/2025\/07\/WhatsApp-Image-2025-07-09-at-10.22.43-PM-2-696x394.jpeg 696w, https:\/\/mediagroup.mx\/wp-content\/uploads\/2025\/07\/WhatsApp-Image-2025-07-09-at-10.22.43-PM-2.jpeg 848w\" sizes=\"auto, (max-width: 300px) 100vw, 300px\" \/> <img loading=\"lazy\" decoding=\"async\" class=\"alignnone size-medium wp-image-72650\" src=\"https:\/\/mediagroup.mx\/wp-content\/uploads\/2025\/07\/WhatsApp-Image-2025-07-09-at-10.22.43-PM-1-300x169.jpeg\" alt=\"\" width=\"300\" height=\"169\" srcset=\"https:\/\/mediagroup.mx\/wp-content\/uploads\/2025\/07\/WhatsApp-Image-2025-07-09-at-10.22.43-PM-1-300x169.jpeg 300w, https:\/\/mediagroup.mx\/wp-content\/uploads\/2025\/07\/WhatsApp-Image-2025-07-09-at-10.22.43-PM-1-1024x576.jpeg 1024w, https:\/\/mediagroup.mx\/wp-content\/uploads\/2025\/07\/WhatsApp-Image-2025-07-09-at-10.22.43-PM-1-768x432.jpeg 768w, https:\/\/mediagroup.mx\/wp-content\/uploads\/2025\/07\/WhatsApp-Image-2025-07-09-at-10.22.43-PM-1-150x84.jpeg 150w, https:\/\/mediagroup.mx\/wp-content\/uploads\/2025\/07\/WhatsApp-Image-2025-07-09-at-10.22.43-PM-1-696x392.jpeg 696w, https:\/\/mediagroup.mx\/wp-content\/uploads\/2025\/07\/WhatsApp-Image-2025-07-09-at-10.22.43-PM-1-1068x601.jpeg 1068w, https:\/\/mediagroup.mx\/wp-content\/uploads\/2025\/07\/WhatsApp-Image-2025-07-09-at-10.22.43-PM-1.jpeg 1280w\" sizes=\"auto, (max-width: 300px) 100vw, 300px\" \/> <img loading=\"lazy\" decoding=\"async\" class=\"alignnone size-medium wp-image-72651\" src=\"https:\/\/mediagroup.mx\/wp-content\/uploads\/2025\/07\/WhatsApp-Image-2025-07-09-at-10.22.43-PM-300x167.jpeg\" alt=\"\" width=\"300\" height=\"167\" srcset=\"https:\/\/mediagroup.mx\/wp-content\/uploads\/2025\/07\/WhatsApp-Image-2025-07-09-at-10.22.43-PM-300x167.jpeg 300w, https:\/\/mediagroup.mx\/wp-content\/uploads\/2025\/07\/WhatsApp-Image-2025-07-09-at-10.22.43-PM-768x428.jpeg 768w, https:\/\/mediagroup.mx\/wp-content\/uploads\/2025\/07\/WhatsApp-Image-2025-07-09-at-10.22.43-PM-150x84.jpeg 150w, https:\/\/mediagroup.mx\/wp-content\/uploads\/2025\/07\/WhatsApp-Image-2025-07-09-at-10.22.43-PM-696x388.jpeg 696w, https:\/\/mediagroup.mx\/wp-content\/uploads\/2025\/07\/WhatsApp-Image-2025-07-09-at-10.22.43-PM.jpeg 832w\" sizes=\"auto, (max-width: 300px) 100vw, 300px\" \/> <img loading=\"lazy\" decoding=\"async\" class=\"alignnone size-medium wp-image-72652\" src=\"https:\/\/mediagroup.mx\/wp-content\/uploads\/2025\/07\/WhatsApp-Image-2025-07-09-at-9.57.28-PM-1-300x225.jpeg\" alt=\"\" width=\"300\" height=\"225\" srcset=\"https:\/\/mediagroup.mx\/wp-content\/uploads\/2025\/07\/WhatsApp-Image-2025-07-09-at-9.57.28-PM-1-300x225.jpeg 300w, https:\/\/mediagroup.mx\/wp-content\/uploads\/2025\/07\/WhatsApp-Image-2025-07-09-at-9.57.28-PM-1-1024x768.jpeg 1024w, https:\/\/mediagroup.mx\/wp-content\/uploads\/2025\/07\/WhatsApp-Image-2025-07-09-at-9.57.28-PM-1-768x576.jpeg 768w, https:\/\/mediagroup.mx\/wp-content\/uploads\/2025\/07\/WhatsApp-Image-2025-07-09-at-9.57.28-PM-1-1536x1152.jpeg 1536w, https:\/\/mediagroup.mx\/wp-content\/uploads\/2025\/07\/WhatsApp-Image-2025-07-09-at-9.57.28-PM-1-150x113.jpeg 150w, https:\/\/mediagroup.mx\/wp-content\/uploads\/2025\/07\/WhatsApp-Image-2025-07-09-at-9.57.28-PM-1-696x522.jpeg 696w, https:\/\/mediagroup.mx\/wp-content\/uploads\/2025\/07\/WhatsApp-Image-2025-07-09-at-9.57.28-PM-1-1068x801.jpeg 1068w, https:\/\/mediagroup.mx\/wp-content\/uploads\/2025\/07\/WhatsApp-Image-2025-07-09-at-9.57.28-PM-1.jpeg 1600w\" sizes=\"auto, (max-width: 300px) 100vw, 300px\" \/><\/p>\n","protected":false},"excerpt":{"rendered":"<p>RED 113 MICHOAC\u00c1N\/Redacci\u00f3n Morelia, Mich.- 9 de julio de 2025.- Este d\u00eda el coraz\u00f3n de Morelia fue sacudido por el eco de una vieja demanda: justicia para Cher\u00e1n. Desde Casa Michoac\u00e1n hasta las puertas del Palacio de Gobierno y el Congreso del Estado, comuneros purh\u00e9pechas tomaron las calles para denunciar lo que llaman una \u201cafrenta [&hellip;]<\/p>\n","protected":false},"author":2,"featured_media":72651,"comment_status":"closed","ping_status":"closed","sticky":false,"template":"","format":"standard","meta":{"om_disable_all_campaigns":false,"_monsterinsights_skip_tracking":false,"_monsterinsights_sitenote_active":false,"_monsterinsights_sitenote_note":"","_monsterinsights_sitenote_category":0,"_uf_show_specific_survey":0,"_uf_disable_surveys":false,"_jetpack_memberships_contains_paid_content":false,"footnotes":"","jetpack_publicize_message":"+Hubo exigencia de justicia, seguridad y respeto al autogobierno.","jetpack_publicize_feature_enabled":true,"jetpack_social_post_already_shared":true,"jetpack_social_options":{"image_generator_settings":{"template":"highway","default_image_id":0,"enabled":false},"version":2}},"categories":[28],"tags":[],"class_list":{"0":"post-72646","1":"post","2":"type-post","3":"status-publish","4":"format-standard","5":"has-post-thumbnail","7":"category-moreliaseguridad"},"aioseo_notices":[],"jetpack_publicize_connections":[],"jetpack_featured_media_url":"https:\/\/mediagroup.mx\/wp-content\/uploads\/2025\/07\/WhatsApp-Image-2025-07-09-at-10.22.43-PM.jpeg","jetpack_sharing_enabled":true,"_links":{"self":[{"href":"https:\/\/mediagroup.mx\/index.php\/wp-json\/wp\/v2\/posts\/72646","targetHints":{"allow":["GET"]}}],"collection":[{"href":"https:\/\/mediagroup.mx\/index.php\/wp-json\/wp\/v2\/posts"}],"about":[{"href":"https:\/\/mediagroup.mx\/index.php\/wp-json\/wp\/v2\/types\/post"}],"author":[{"embeddable":true,"href":"https:\/\/mediagroup.mx\/index.php\/wp-json\/wp\/v2\/users\/2"}],"replies":[{"embeddable":true,"href":"https:\/\/mediagroup.mx\/index.php\/wp-json\/wp\/v2\/comments?post=72646"}],"version-history":[{"count":1,"href":"https:\/\/mediagroup.mx\/index.php\/wp-json\/wp\/v2\/posts\/72646\/revisions"}],"predecessor-version":[{"id":72653,"href":"https:\/\/mediagroup.mx\/index.php\/wp-json\/wp\/v2\/posts\/72646\/revisions\/72653"}],"wp:featuredmedia":[{"embeddable":true,"href":"https:\/\/mediagroup.mx\/index.php\/wp-json\/wp\/v2\/media\/72651"}],"wp:attachment":[{"href":"https:\/\/mediagroup.mx\/index.php\/wp-json\/wp\/v2\/media?parent=72646"}],"wp:term":[{"taxonomy":"category","embeddable":true,"href":"https:\/\/mediagroup.mx\/index.php\/wp-json\/wp\/v2\/categories?post=72646"},{"taxonomy":"post_tag","embeddable":true,"href":"https:\/\/mediagroup.mx\/index.php\/wp-json\/wp\/v2\/tags?post=72646"}],"curies":[{"name":"wp","href":"https:\/\/api.w.org\/{rel}","templated":true}]}}