{"id":72654,"date":"2025-07-09T10:44:18","date_gmt":"2025-07-09T16:44:18","guid":{"rendered":"https:\/\/mediagroup.mx\/?p=72654"},"modified":"2025-07-10T10:45:06","modified_gmt":"2025-07-10T16:45:06","slug":"dos-heridos-deja-aparatoso-choque-en-la-autopista-siglo-xxi","status":"publish","type":"post","link":"https:\/\/mediagroup.mx\/index.php\/2025\/07\/09\/dos-heridos-deja-aparatoso-choque-en-la-autopista-siglo-xxi\/","title":{"rendered":"Dos heridos deja aparatoso choque en la autopista Siglo XXI"},"content":{"rendered":"<p>RED 113 MICHOAC\u00c1N\/Redacci\u00f3n<\/p>\n<p>La uni\u00f3n, Guerrero.- 9 de julio de 2025. \u2013 El conductor de un veh\u00edculo compacto y un menor que lo acompa\u00f1aba resultaron lesionados impactar su unidad contra la barrera met\u00e1lica de contenci\u00f3n a unos kil\u00f3metros de la caseta de Feliciano.<\/p>\n<p>El aparatoso accidente se registr\u00f3 la noche de este mi\u00e9rcoles, en las inmediaciones del kil\u00f3metro 271+000, donde acab\u00f3 con el frente destrozado un Volkswagen Jetta, de color blanco.<\/p>\n<p>Otros usuarios de la carretera de peaje al percatarse del choque, solicitaron ayuda, por lo que acudieron para atender la emergencia los param\u00e9dicos de Ambulancias Ambumed, quienes auxiliaron a los heridos y los trasladaron a un hospital de la regi\u00f3n.<\/p>\n<p>Agentes de la Guardia Nacional Divisi\u00f3n Seguridad en Carreteras e Instalaciones, se presentaron en el sitio y emprendieron los correspondientes peritajes para que la autoridad competente determine responsabilidades.<\/p>\n<p><img loading=\"lazy\" decoding=\"async\" class=\"alignnone size-medium wp-image-72655\" src=\"https:\/\/mediagroup.mx\/wp-content\/uploads\/2025\/07\/WhatsApp-Image-2025-07-09-at-11.18.21-PM-221x300.jpeg\" alt=\"\" width=\"221\" height=\"300\" srcset=\"https:\/\/mediagroup.mx\/wp-content\/uploads\/2025\/07\/WhatsApp-Image-2025-07-09-at-11.18.21-PM-221x300.jpeg 221w, https:\/\/mediagroup.mx\/wp-content\/uploads\/2025\/07\/WhatsApp-Image-2025-07-09-at-11.18.21-PM-755x1024.jpeg 755w, https:\/\/mediagroup.mx\/wp-content\/uploads\/2025\/07\/WhatsApp-Image-2025-07-09-at-11.18.21-PM-768x1041.jpeg 768w, https:\/\/mediagroup.mx\/wp-content\/uploads\/2025\/07\/WhatsApp-Image-2025-07-09-at-11.18.21-PM-150x203.jpeg 150w, https:\/\/mediagroup.mx\/wp-content\/uploads\/2025\/07\/WhatsApp-Image-2025-07-09-at-11.18.21-PM-300x407.jpeg 300w, https:\/\/mediagroup.mx\/wp-content\/uploads\/2025\/07\/WhatsApp-Image-2025-07-09-at-11.18.21-PM-696x943.jpeg 696w, https:\/\/mediagroup.mx\/wp-content\/uploads\/2025\/07\/WhatsApp-Image-2025-07-09-at-11.18.21-PM.jpeg 900w\" sizes=\"auto, (max-width: 221px) 100vw, 221px\" \/><\/p>\n","protected":false},"excerpt":{"rendered":"<p>RED 113 MICHOAC\u00c1N\/Redacci\u00f3n La uni\u00f3n, Guerrero.- 9 de julio de 2025. \u2013 El conductor de un veh\u00edculo compacto y un menor que lo acompa\u00f1aba resultaron lesionados impactar su unidad contra la barrera met\u00e1lica de contenci\u00f3n a unos kil\u00f3metros de la caseta de Feliciano. El aparatoso accidente se registr\u00f3 la noche de este mi\u00e9rcoles, en las [&hellip;]<\/p>\n","protected":false},"author":2,"featured_media":72655,"comment_status":"closed","ping_status":"closed","sticky":false,"template":"","format":"standard","meta":{"om_disable_all_campaigns":false,"_monsterinsights_skip_tracking":false,"_monsterinsights_sitenote_active":false,"_monsterinsights_sitenote_note":"","_monsterinsights_sitenote_category":0,"_uf_show_specific_survey":0,"_uf_disable_surveys":false,"_jetpack_memberships_contains_paid_content":false,"footnotes":"","jetpack_publicize_message":"Dos heridos deja aparatoso choque en la autopista Siglo XXI.","jetpack_publicize_feature_enabled":true,"jetpack_social_post_already_shared":true,"jetpack_social_options":{"image_generator_settings":{"template":"highway","default_image_id":0,"enabled":false},"version":2}},"categories":[36],"tags":[],"class_list":{"0":"post-72654","1":"post","2":"type-post","3":"status-publish","4":"format-standard","5":"has-post-thumbnail","7":"category-michoacanseguridad"},"aioseo_notices":[],"jetpack_publicize_connections":[],"jetpack_featured_media_url":"https:\/\/mediagroup.mx\/wp-content\/uploads\/2025\/07\/WhatsApp-Image-2025-07-09-at-11.18.21-PM.jpeg","jetpack_sharing_enabled":true,"_links":{"self":[{"href":"https:\/\/mediagroup.mx\/index.php\/wp-json\/wp\/v2\/posts\/72654","targetHints":{"allow":["GET"]}}],"collection":[{"href":"https:\/\/mediagroup.mx\/index.php\/wp-json\/wp\/v2\/posts"}],"about":[{"href":"https:\/\/mediagroup.mx\/index.php\/wp-json\/wp\/v2\/types\/post"}],"author":[{"embeddable":true,"href":"https:\/\/mediagroup.mx\/index.php\/wp-json\/wp\/v2\/users\/2"}],"replies":[{"embeddable":true,"href":"https:\/\/mediagroup.mx\/index.php\/wp-json\/wp\/v2\/comments?post=72654"}],"version-history":[{"count":1,"href":"https:\/\/mediagroup.mx\/index.php\/wp-json\/wp\/v2\/posts\/72654\/revisions"}],"predecessor-version":[{"id":72656,"href":"https:\/\/mediagroup.mx\/index.php\/wp-json\/wp\/v2\/posts\/72654\/revisions\/72656"}],"wp:featuredmedia":[{"embeddable":true,"href":"https:\/\/mediagroup.mx\/index.php\/wp-json\/wp\/v2\/media\/72655"}],"wp:attachment":[{"href":"https:\/\/mediagroup.mx\/index.php\/wp-json\/wp\/v2\/media?parent=72654"}],"wp:term":[{"taxonomy":"category","embeddable":true,"href":"https:\/\/mediagroup.mx\/index.php\/wp-json\/wp\/v2\/categories?post=72654"},{"taxonomy":"post_tag","embeddable":true,"href":"https:\/\/mediagroup.mx\/index.php\/wp-json\/wp\/v2\/tags?post=72654"}],"curies":[{"name":"wp","href":"https:\/\/api.w.org\/{rel}","templated":true}]}}