{"id":72666,"date":"2025-07-09T11:32:05","date_gmt":"2025-07-09T17:32:05","guid":{"rendered":"https:\/\/mediagroup.mx\/?p=72666"},"modified":"2025-07-10T11:33:01","modified_gmt":"2025-07-10T17:33:01","slug":"secretaria-de-educacion-debera-impulsar-acciones-de-deteccion-temprana-de-cancer-de-mama-76-legislatura","status":"publish","type":"post","link":"https:\/\/mediagroup.mx\/index.php\/2025\/07\/09\/secretaria-de-educacion-debera-impulsar-acciones-de-deteccion-temprana-de-cancer-de-mama-76-legislatura\/","title":{"rendered":"Secretar\u00eda de Educaci\u00f3n deber\u00e1 impulsar acciones de detecci\u00f3n temprana de c\u00e1ncer de mama: 76 Legislatura"},"content":{"rendered":"<p>Morelia, Michoac\u00e1n; a 09 de julio de 2025.- La 76 Legislatura aprob\u00f3 reformar el art\u00edculo 119 de la Ley de Educaci\u00f3n del Estado, para impulsar acciones para que desde los planteles educativos se fomente la prevenci\u00f3n y detecci\u00f3n temprana del C\u00e1ncer de Mama, una de las principales causas de mortalidad en mujeres de todo el mundo.<\/p>\n<p>La propuesta impulsada por la diputada Belinda Iturbide D\u00edaz, que fue dictaminada por la Comisi\u00f3n de Educaci\u00f3n y avalada por el Pleno del Poder Legislativo en sesi\u00f3n ordinaria, adiciona un p\u00e1rrafo tercero a la ley en menci\u00f3n.<\/p>\n<p>Derivado de lo anterior, ahora por ley, la Secretar\u00eda de Educaci\u00f3n P\u00fablica, estar\u00e1 facultada para aplicar y difundir programas orientados a la concientizaci\u00f3n sobre la importancia de la prevenci\u00f3n y detecci\u00f3n temprana del c\u00e1ncer de mama.<\/p>\n<p>En el dictamen, las y los legisladores plasmaron que el c\u00e1ncer de mama, es una de las enfermedades que afectan de manera primordial a las mujeres, aunque existen algunos hombres que tambi\u00e9n pueden desarrollarlo.<\/p>\n<p>Destacaron que dicha reforma contribuir\u00e1 al combate de esta enfermedad, ya que, uno de los principales problemas para su detecci\u00f3n temprana, ha sido la falta de una cultura en las mujeres y hombres de la importancia de la realizaci\u00f3n de la autoexploraci\u00f3n f\u00edsica de la mama de manera frecuente para descubrir alguna anomal\u00eda, para su detecci\u00f3n temprana y debida atenci\u00f3n, lo cual puede salvar muchas vidas.<\/p>\n<p><img loading=\"lazy\" decoding=\"async\" class=\"alignnone size-medium wp-image-72667\" src=\"https:\/\/mediagroup.mx\/wp-content\/uploads\/2025\/07\/WhatsApp-Image-2025-07-10-at-11.28.48-AM-1-300x200.jpeg\" alt=\"\" width=\"300\" height=\"200\" srcset=\"https:\/\/mediagroup.mx\/wp-content\/uploads\/2025\/07\/WhatsApp-Image-2025-07-10-at-11.28.48-AM-1-300x200.jpeg 300w, https:\/\/mediagroup.mx\/wp-content\/uploads\/2025\/07\/WhatsApp-Image-2025-07-10-at-11.28.48-AM-1-1024x682.jpeg 1024w, https:\/\/mediagroup.mx\/wp-content\/uploads\/2025\/07\/WhatsApp-Image-2025-07-10-at-11.28.48-AM-1-768x512.jpeg 768w, https:\/\/mediagroup.mx\/wp-content\/uploads\/2025\/07\/WhatsApp-Image-2025-07-10-at-11.28.48-AM-1-150x100.jpeg 150w, https:\/\/mediagroup.mx\/wp-content\/uploads\/2025\/07\/WhatsApp-Image-2025-07-10-at-11.28.48-AM-1-696x464.jpeg 696w, https:\/\/mediagroup.mx\/wp-content\/uploads\/2025\/07\/WhatsApp-Image-2025-07-10-at-11.28.48-AM-1-1068x712.jpeg 1068w, https:\/\/mediagroup.mx\/wp-content\/uploads\/2025\/07\/WhatsApp-Image-2025-07-10-at-11.28.48-AM-1.jpeg 1280w\" sizes=\"auto, (max-width: 300px) 100vw, 300px\" \/><\/p>\n","protected":false},"excerpt":{"rendered":"<p>Morelia, Michoac\u00e1n; a 09 de julio de 2025.- La 76 Legislatura aprob\u00f3 reformar el art\u00edculo 119 de la Ley de Educaci\u00f3n del Estado, para impulsar acciones para que desde los planteles educativos se fomente la prevenci\u00f3n y detecci\u00f3n temprana del C\u00e1ncer de Mama, una de las principales causas de mortalidad en mujeres de todo el [&hellip;]<\/p>\n","protected":false},"author":2,"featured_media":72667,"comment_status":"closed","ping_status":"closed","sticky":false,"template":"","format":"standard","meta":{"om_disable_all_campaigns":false,"_monsterinsights_skip_tracking":false,"_monsterinsights_sitenote_active":false,"_monsterinsights_sitenote_note":"","_monsterinsights_sitenote_category":0,"_uf_show_specific_survey":0,"_uf_disable_surveys":false,"_jetpack_memberships_contains_paid_content":false,"footnotes":"","jetpack_publicize_message":"Secretar\u00eda de Educaci\u00f3n deber\u00e1 impulsar acciones de detecci\u00f3n temprana de c\u00e1ncer de mama: 76 Legislatura","jetpack_publicize_feature_enabled":true,"jetpack_social_post_already_shared":true,"jetpack_social_options":{"image_generator_settings":{"template":"highway","default_image_id":0,"enabled":false},"version":2}},"categories":[28],"tags":[],"class_list":{"0":"post-72666","1":"post","2":"type-post","3":"status-publish","4":"format-standard","5":"has-post-thumbnail","7":"category-moreliaseguridad"},"aioseo_notices":[],"jetpack_publicize_connections":[],"jetpack_featured_media_url":"https:\/\/mediagroup.mx\/wp-content\/uploads\/2025\/07\/WhatsApp-Image-2025-07-10-at-11.28.48-AM-1.jpeg","jetpack_sharing_enabled":true,"_links":{"self":[{"href":"https:\/\/mediagroup.mx\/index.php\/wp-json\/wp\/v2\/posts\/72666","targetHints":{"allow":["GET"]}}],"collection":[{"href":"https:\/\/mediagroup.mx\/index.php\/wp-json\/wp\/v2\/posts"}],"about":[{"href":"https:\/\/mediagroup.mx\/index.php\/wp-json\/wp\/v2\/types\/post"}],"author":[{"embeddable":true,"href":"https:\/\/mediagroup.mx\/index.php\/wp-json\/wp\/v2\/users\/2"}],"replies":[{"embeddable":true,"href":"https:\/\/mediagroup.mx\/index.php\/wp-json\/wp\/v2\/comments?post=72666"}],"version-history":[{"count":1,"href":"https:\/\/mediagroup.mx\/index.php\/wp-json\/wp\/v2\/posts\/72666\/revisions"}],"predecessor-version":[{"id":72668,"href":"https:\/\/mediagroup.mx\/index.php\/wp-json\/wp\/v2\/posts\/72666\/revisions\/72668"}],"wp:featuredmedia":[{"embeddable":true,"href":"https:\/\/mediagroup.mx\/index.php\/wp-json\/wp\/v2\/media\/72667"}],"wp:attachment":[{"href":"https:\/\/mediagroup.mx\/index.php\/wp-json\/wp\/v2\/media?parent=72666"}],"wp:term":[{"taxonomy":"category","embeddable":true,"href":"https:\/\/mediagroup.mx\/index.php\/wp-json\/wp\/v2\/categories?post=72666"},{"taxonomy":"post_tag","embeddable":true,"href":"https:\/\/mediagroup.mx\/index.php\/wp-json\/wp\/v2\/tags?post=72666"}],"curies":[{"name":"wp","href":"https:\/\/api.w.org\/{rel}","templated":true}]}}