{"id":77643,"date":"2025-09-17T15:16:51","date_gmt":"2025-09-17T21:16:51","guid":{"rendered":"https:\/\/mediagroup.mx\/?p=77643"},"modified":"2025-09-17T15:16:51","modified_gmt":"2025-09-17T21:16:51","slug":"cae-vehiculo-al-rio-grande-de-morelia-y-una-persona-queda-herida","status":"publish","type":"post","link":"https:\/\/mediagroup.mx\/index.php\/2025\/09\/17\/cae-vehiculo-al-rio-grande-de-morelia-y-una-persona-queda-herida\/","title":{"rendered":"Cae veh\u00edculo al R\u00edo Grande de Morelia y una persona queda herida"},"content":{"rendered":"<p>RED 113 MICHOAC\u00c1N\/Redacci\u00f3n<\/p>\n<p>Morelia, Mich.- Mi\u00e9rcoles 17 de septiembre de 2025.- Un veh\u00edculo se sali\u00f3 de la carpeta asf\u00e1ltica y cay\u00f3 a las aguas turbias del R\u00edo Grande de Morelia, accidente que dej\u00f3 una persona lesionada, informaron autoridades policiales y de rescate.<\/p>\n<p>El aparatoso percance se registr\u00f3 alrededor de las 06:00 horas de este mi\u00e9rcoles entre las avenidas Guadalupe Victoria y Guillermo Prieto, a la altura de la colonia Granjas del Maestro.<\/p>\n<p>En el sitio se presentaron patrulleros municipales, param\u00e9dicos y bomberos, quienes auxiliaron al ocupante de la unidad siniestrada y posteriormente lo canalizaron a un hospital para su adecuada atenci\u00f3n m\u00e9dica.<\/p>\n<p>Unos oficiales de Tr\u00e1nsito se encargaron del peritaje correspondiente y pidieron una gr\u00faa, la cual sac\u00f3 el automotor del caudal y lo llev\u00f3 a un corral\u00f3n.<\/p>\n<p><img loading=\"lazy\" decoding=\"async\" class=\"alignnone size-medium wp-image-77644\" src=\"https:\/\/mediagroup.mx\/wp-content\/uploads\/2025\/09\/WhatsApp-Image-2025-09-17-at-7.57.37-AM-300x169.jpeg\" alt=\"\" width=\"300\" height=\"169\" srcset=\"https:\/\/mediagroup.mx\/wp-content\/uploads\/2025\/09\/WhatsApp-Image-2025-09-17-at-7.57.37-AM-300x169.jpeg 300w, https:\/\/mediagroup.mx\/wp-content\/uploads\/2025\/09\/WhatsApp-Image-2025-09-17-at-7.57.37-AM-1024x576.jpeg 1024w, https:\/\/mediagroup.mx\/wp-content\/uploads\/2025\/09\/WhatsApp-Image-2025-09-17-at-7.57.37-AM-768x432.jpeg 768w, https:\/\/mediagroup.mx\/wp-content\/uploads\/2025\/09\/WhatsApp-Image-2025-09-17-at-7.57.37-AM-150x84.jpeg 150w, https:\/\/mediagroup.mx\/wp-content\/uploads\/2025\/09\/WhatsApp-Image-2025-09-17-at-7.57.37-AM-696x392.jpeg 696w, https:\/\/mediagroup.mx\/wp-content\/uploads\/2025\/09\/WhatsApp-Image-2025-09-17-at-7.57.37-AM-1068x601.jpeg 1068w, https:\/\/mediagroup.mx\/wp-content\/uploads\/2025\/09\/WhatsApp-Image-2025-09-17-at-7.57.37-AM.jpeg 1280w\" sizes=\"auto, (max-width: 300px) 100vw, 300px\" \/><\/p>\n","protected":false},"excerpt":{"rendered":"<p>RED 113 MICHOAC\u00c1N\/Redacci\u00f3n Morelia, Mich.- Mi\u00e9rcoles 17 de septiembre de 2025.- Un veh\u00edculo se sali\u00f3 de la carpeta asf\u00e1ltica y cay\u00f3 a las aguas turbias del R\u00edo Grande de Morelia, accidente que dej\u00f3 una persona lesionada, informaron autoridades policiales y de rescate. El aparatoso percance se registr\u00f3 alrededor de las 06:00 horas de este mi\u00e9rcoles [&hellip;]<\/p>\n","protected":false},"author":2,"featured_media":77644,"comment_status":"closed","ping_status":"closed","sticky":false,"template":"","format":"standard","meta":{"om_disable_all_campaigns":false,"_monsterinsights_skip_tracking":false,"_monsterinsights_sitenote_active":false,"_monsterinsights_sitenote_note":"","_monsterinsights_sitenote_category":0,"_uf_show_specific_survey":0,"_uf_disable_surveys":false,"_jetpack_memberships_contains_paid_content":false,"footnotes":"","jetpack_publicize_message":"Cae veh\u00edculo al R\u00edo Grande de Morelia y una persona queda herida\r\n\r\n+ Polic\u00eda, param\u00e9dicos y bomberos atendieron la emergencia.","jetpack_publicize_feature_enabled":true,"jetpack_social_post_already_shared":true,"jetpack_social_options":{"image_generator_settings":{"template":"highway","default_image_id":0,"enabled":false},"version":2}},"categories":[28],"tags":[],"class_list":{"0":"post-77643","1":"post","2":"type-post","3":"status-publish","4":"format-standard","5":"has-post-thumbnail","7":"category-moreliaseguridad"},"aioseo_notices":[],"jetpack_publicize_connections":[],"jetpack_featured_media_url":"https:\/\/mediagroup.mx\/wp-content\/uploads\/2025\/09\/WhatsApp-Image-2025-09-17-at-7.57.37-AM.jpeg","jetpack_sharing_enabled":true,"_links":{"self":[{"href":"https:\/\/mediagroup.mx\/index.php\/wp-json\/wp\/v2\/posts\/77643","targetHints":{"allow":["GET"]}}],"collection":[{"href":"https:\/\/mediagroup.mx\/index.php\/wp-json\/wp\/v2\/posts"}],"about":[{"href":"https:\/\/mediagroup.mx\/index.php\/wp-json\/wp\/v2\/types\/post"}],"author":[{"embeddable":true,"href":"https:\/\/mediagroup.mx\/index.php\/wp-json\/wp\/v2\/users\/2"}],"replies":[{"embeddable":true,"href":"https:\/\/mediagroup.mx\/index.php\/wp-json\/wp\/v2\/comments?post=77643"}],"version-history":[{"count":1,"href":"https:\/\/mediagroup.mx\/index.php\/wp-json\/wp\/v2\/posts\/77643\/revisions"}],"predecessor-version":[{"id":77646,"href":"https:\/\/mediagroup.mx\/index.php\/wp-json\/wp\/v2\/posts\/77643\/revisions\/77646"}],"wp:featuredmedia":[{"embeddable":true,"href":"https:\/\/mediagroup.mx\/index.php\/wp-json\/wp\/v2\/media\/77644"}],"wp:attachment":[{"href":"https:\/\/mediagroup.mx\/index.php\/wp-json\/wp\/v2\/media?parent=77643"}],"wp:term":[{"taxonomy":"category","embeddable":true,"href":"https:\/\/mediagroup.mx\/index.php\/wp-json\/wp\/v2\/categories?post=77643"},{"taxonomy":"post_tag","embeddable":true,"href":"https:\/\/mediagroup.mx\/index.php\/wp-json\/wp\/v2\/tags?post=77643"}],"curies":[{"name":"wp","href":"https:\/\/api.w.org\/{rel}","templated":true}]}}