{"id":77653,"date":"2025-09-17T15:24:03","date_gmt":"2025-09-17T21:24:03","guid":{"rendered":"https:\/\/mediagroup.mx\/?p=77653"},"modified":"2025-09-17T15:25:11","modified_gmt":"2025-09-17T21:25:11","slug":"motociclista-resulta-gravemente-herido-tras-impactarse-contra-un-arbol-en-apatzingan","status":"publish","type":"post","link":"https:\/\/mediagroup.mx\/index.php\/2025\/09\/17\/motociclista-resulta-gravemente-herido-tras-impactarse-contra-un-arbol-en-apatzingan\/","title":{"rendered":"Motociclista resulta gravemente herido tras impactarse contra un \u00e1rbol en Apatzing\u00e1n."},"content":{"rendered":"<p>RED 113 MICHOAC\u00c1N\/Redacci\u00f3n<\/p>\n<p>\u200bApatzing\u00e1n, Mich.- 17 de septiembre de 2025.- Un joven de 17 a\u00f1os de edad sufri\u00f3 un grave accidente de motocicleta en el centro de Apatzing\u00e1n. El incidente, el cual lo dej\u00f3 con heridas de consideraci\u00f3n tras impactarse contra un \u00e1rbol, de acuerdo con la informaci\u00f3n obtenida en la labor period\u00edstica.<\/p>\n<p>\u200bSeg\u00fan testigos, el percance tuvo lugar en la intersecci\u00f3n de la Avenida Corregidora y la calle Jos\u00e9 Sotero de Casta\u00f1eda, a la altura del Ejido Apatzing\u00e1n. Yair Iv\u00e1n, residente de la colonia El Tarepe, conduc\u00eda una motocicleta Italika negra con franjas verdes cuando perdi\u00f3 el control y colision\u00f3 de frente.<\/p>\n<p>\u200bTras el impacto, transe\u00fantes que presenciaron el hecho corrieron a auxiliar al joven y de inmediato llamaron a los servicios de emergencia. Personal de Protecci\u00f3n Civil lleg\u00f3 al lugar para brindarle los primeros auxilios y, dada la gravedad de sus lesiones, lo traslad\u00f3 de urgencia al Hospital Regional de Apatzing\u00e1n para recibir atenci\u00f3n m\u00e9dica especializada.<\/p>\n<p>\u200bEn la escena del accidente, los elementos de la Polic\u00eda Municipal y agentes de Tr\u00e1nsito realizaron las primeras indagatorias. \u200bLa motocicleta fue asegurada y trasladada a un corral\u00f3n, mientras las autoridades contin\u00faan con las investigaciones para deslindar responsabilidades.<\/p>\n<p><img loading=\"lazy\" decoding=\"async\" class=\"alignnone size-medium wp-image-77654\" src=\"https:\/\/mediagroup.mx\/wp-content\/uploads\/2025\/09\/WhatsApp-Image-2025-09-17-at-2.39.50-PM-225x300.jpeg\" alt=\"\" width=\"225\" height=\"300\" srcset=\"https:\/\/mediagroup.mx\/wp-content\/uploads\/2025\/09\/WhatsApp-Image-2025-09-17-at-2.39.50-PM-225x300.jpeg 225w, https:\/\/mediagroup.mx\/wp-content\/uploads\/2025\/09\/WhatsApp-Image-2025-09-17-at-2.39.50-PM-768x1023.jpeg 768w, https:\/\/mediagroup.mx\/wp-content\/uploads\/2025\/09\/WhatsApp-Image-2025-09-17-at-2.39.50-PM-1153x1536.jpeg 1153w, https:\/\/mediagroup.mx\/wp-content\/uploads\/2025\/09\/WhatsApp-Image-2025-09-17-at-2.39.50-PM-150x200.jpeg 150w, https:\/\/mediagroup.mx\/wp-content\/uploads\/2025\/09\/WhatsApp-Image-2025-09-17-at-2.39.50-PM-300x400.jpeg 300w, https:\/\/mediagroup.mx\/wp-content\/uploads\/2025\/09\/WhatsApp-Image-2025-09-17-at-2.39.50-PM-696x927.jpeg 696w, https:\/\/mediagroup.mx\/wp-content\/uploads\/2025\/09\/WhatsApp-Image-2025-09-17-at-2.39.50-PM-1068x1423.jpeg 1068w, https:\/\/mediagroup.mx\/wp-content\/uploads\/2025\/09\/WhatsApp-Image-2025-09-17-at-2.39.50-PM.jpeg 1200w\" sizes=\"auto, (max-width: 225px) 100vw, 225px\" \/><\/p>\n","protected":false},"excerpt":{"rendered":"<p>RED 113 MICHOAC\u00c1N\/Redacci\u00f3n \u200bApatzing\u00e1n, Mich.- 17 de septiembre de 2025.- Un joven de 17 a\u00f1os de edad sufri\u00f3 un grave accidente de motocicleta en el centro de Apatzing\u00e1n. El incidente, el cual lo dej\u00f3 con heridas de consideraci\u00f3n tras impactarse contra un \u00e1rbol, de acuerdo con la informaci\u00f3n obtenida en la labor period\u00edstica. \u200bSeg\u00fan testigos, [&hellip;]<\/p>\n","protected":false},"author":2,"featured_media":77654,"comment_status":"closed","ping_status":"closed","sticky":false,"template":"","format":"standard","meta":{"om_disable_all_campaigns":false,"_monsterinsights_skip_tracking":false,"_monsterinsights_sitenote_active":false,"_monsterinsights_sitenote_note":"","_monsterinsights_sitenote_category":0,"_uf_show_specific_survey":0,"_uf_disable_surveys":false,"_jetpack_memberships_contains_paid_content":false,"footnotes":"","jetpack_publicize_message":"Motociclista resulta gravemente herido tras impactarse contra un \u00e1rbol en Apatzing\u00e1n.","jetpack_publicize_feature_enabled":true,"jetpack_social_post_already_shared":true,"jetpack_social_options":{"image_generator_settings":{"template":"highway","default_image_id":0,"enabled":false},"version":2}},"categories":[15],"tags":[],"class_list":{"0":"post-77653","1":"post","2":"type-post","3":"status-publish","4":"format-standard","5":"has-post-thumbnail","7":"category-michoacan"},"aioseo_notices":[],"jetpack_publicize_connections":[],"jetpack_featured_media_url":"https:\/\/mediagroup.mx\/wp-content\/uploads\/2025\/09\/WhatsApp-Image-2025-09-17-at-2.39.50-PM.jpeg","jetpack_sharing_enabled":true,"_links":{"self":[{"href":"https:\/\/mediagroup.mx\/index.php\/wp-json\/wp\/v2\/posts\/77653","targetHints":{"allow":["GET"]}}],"collection":[{"href":"https:\/\/mediagroup.mx\/index.php\/wp-json\/wp\/v2\/posts"}],"about":[{"href":"https:\/\/mediagroup.mx\/index.php\/wp-json\/wp\/v2\/types\/post"}],"author":[{"embeddable":true,"href":"https:\/\/mediagroup.mx\/index.php\/wp-json\/wp\/v2\/users\/2"}],"replies":[{"embeddable":true,"href":"https:\/\/mediagroup.mx\/index.php\/wp-json\/wp\/v2\/comments?post=77653"}],"version-history":[{"count":1,"href":"https:\/\/mediagroup.mx\/index.php\/wp-json\/wp\/v2\/posts\/77653\/revisions"}],"predecessor-version":[{"id":77655,"href":"https:\/\/mediagroup.mx\/index.php\/wp-json\/wp\/v2\/posts\/77653\/revisions\/77655"}],"wp:featuredmedia":[{"embeddable":true,"href":"https:\/\/mediagroup.mx\/index.php\/wp-json\/wp\/v2\/media\/77654"}],"wp:attachment":[{"href":"https:\/\/mediagroup.mx\/index.php\/wp-json\/wp\/v2\/media?parent=77653"}],"wp:term":[{"taxonomy":"category","embeddable":true,"href":"https:\/\/mediagroup.mx\/index.php\/wp-json\/wp\/v2\/categories?post=77653"},{"taxonomy":"post_tag","embeddable":true,"href":"https:\/\/mediagroup.mx\/index.php\/wp-json\/wp\/v2\/tags?post=77653"}],"curies":[{"name":"wp","href":"https:\/\/api.w.org\/{rel}","templated":true}]}}