{"id":77657,"date":"2025-09-17T15:26:55","date_gmt":"2025-09-17T21:26:55","guid":{"rendered":"https:\/\/mediagroup.mx\/?p=77657"},"modified":"2025-09-17T15:26:55","modified_gmt":"2025-09-17T21:26:55","slug":"cronica-la-desesperacion-que-bloquea-caminos-familiares-de-desaparecidos-en-periban-exigen-respuestas","status":"publish","type":"post","link":"https:\/\/mediagroup.mx\/index.php\/2025\/09\/17\/cronica-la-desesperacion-que-bloquea-caminos-familiares-de-desaparecidos-en-periban-exigen-respuestas\/","title":{"rendered":"Cr\u00f3nica| La desesperaci\u00f3n que bloquea caminos: Familiares de desaparecidos en Perib\u00e1n exigen respuestas"},"content":{"rendered":"<p>RED 113 MICHOAC\u00c1N\/Redacci\u00f3n<\/p>\n<p>\u200bPerib\u00e1n, Mich.- 17 de septiembre de 2025.- El eco de la angustia resuena una vez m\u00e1s en los caminos de Michoac\u00e1n. Por en\u00e9sima ocasi\u00f3n, la desesperaci\u00f3n ha obligado a los familiares de j\u00f3venes desaparecidos en la comunidad de Apup\u00e1taro a bloquear las carreteras, en un grito desesperado por respuestas que no llegan.<\/p>\n<p>Esta vez, el bloqueo se instal\u00f3 adelante de la comunidad de San Francisco Perib\u00e1n.<br \/>\n\u200bEl sol apenas se alzaba cuando los familiares, con el dolor a flor de piel, detuvieron el tr\u00e1fico. \u00abTambi\u00e9n cerraremos el puente de Tocumbo\u00bb, advirtieron a los medios de comunicaci\u00f3n, con la firme intenci\u00f3n de extender la protesta hasta la desviaci\u00f3n a Uruapan-Paracho.<\/p>\n<p>El mensaje es claro y contundente: no levantar\u00e1n el bloqueo hasta que sus hijos, j\u00f3venes trabajadores de quienes no se sabe nada desde hace una semana, regresen \u00absanos y salvos\u00bb.<\/p>\n<p>\u200bLos siete d\u00edas de silencio se han convertido en una tortura insoportable. Los padres denuncian un total abandono por parte de las autoridades. \u00abNinguna autoridad ha hecho su labor ni nos han dado nada de informaci\u00f3n sobre el paradero\u00bb, lamentaron, visiblemente frustrados.<\/p>\n<p>\u200bCon la esperanza puesta en el coraz\u00f3n de la sociedad y en la responsabilidad del Estado, los padres hacieron un llamado: \u00abEste bloqueo va a ser hasta que aparezcan los j\u00f3venes o nos den informaci\u00f3n\u00bb, sentenciaron, convirtiendo el asfalto en un altar de la desesperaci\u00f3n, donde cada minuto que pasa es un golpe m\u00e1s a la fe en la justicia.<\/p>\n<p>\u200bLa situaci\u00f3n en Perib\u00e1n es un reflejo de la crisis de desapariciones que azota al pa\u00eds. Cada bloqueo es un recordatorio de que detr\u00e1s de las cifras, hay rostros, familias y sue\u00f1os truncados. La lucha de estos padres no es s\u00f3lo por sus hijos, es tambi\u00e9n por el derecho a la verdad y a la justicia que les ha sido arrebatado.<\/p>\n<p><img loading=\"lazy\" decoding=\"async\" class=\"alignnone size-medium wp-image-77658\" src=\"https:\/\/mediagroup.mx\/wp-content\/uploads\/2025\/09\/WhatsApp-Image-2025-09-17-at-2.42.22-PM-3-234x300.jpeg\" alt=\"\" width=\"234\" height=\"300\" srcset=\"https:\/\/mediagroup.mx\/wp-content\/uploads\/2025\/09\/WhatsApp-Image-2025-09-17-at-2.42.22-PM-3-234x300.jpeg 234w, https:\/\/mediagroup.mx\/wp-content\/uploads\/2025\/09\/WhatsApp-Image-2025-09-17-at-2.42.22-PM-3-150x192.jpeg 150w, https:\/\/mediagroup.mx\/wp-content\/uploads\/2025\/09\/WhatsApp-Image-2025-09-17-at-2.42.22-PM-3-300x385.jpeg 300w, https:\/\/mediagroup.mx\/wp-content\/uploads\/2025\/09\/WhatsApp-Image-2025-09-17-at-2.42.22-PM-3-696x892.jpeg 696w, https:\/\/mediagroup.mx\/wp-content\/uploads\/2025\/09\/WhatsApp-Image-2025-09-17-at-2.42.22-PM-3.jpeg 720w\" sizes=\"auto, (max-width: 234px) 100vw, 234px\" \/> <img loading=\"lazy\" decoding=\"async\" class=\"alignnone size-medium wp-image-77659\" src=\"https:\/\/mediagroup.mx\/wp-content\/uploads\/2025\/09\/WhatsApp-Image-2025-09-17-at-2.42.22-PM-2-169x300.jpeg\" alt=\"\" width=\"169\" height=\"300\" srcset=\"https:\/\/mediagroup.mx\/wp-content\/uploads\/2025\/09\/WhatsApp-Image-2025-09-17-at-2.42.22-PM-2-169x300.jpeg 169w, https:\/\/mediagroup.mx\/wp-content\/uploads\/2025\/09\/WhatsApp-Image-2025-09-17-at-2.42.22-PM-2-576x1024.jpeg 576w, https:\/\/mediagroup.mx\/wp-content\/uploads\/2025\/09\/WhatsApp-Image-2025-09-17-at-2.42.22-PM-2-150x267.jpeg 150w, https:\/\/mediagroup.mx\/wp-content\/uploads\/2025\/09\/WhatsApp-Image-2025-09-17-at-2.42.22-PM-2-300x533.jpeg 300w, https:\/\/mediagroup.mx\/wp-content\/uploads\/2025\/09\/WhatsApp-Image-2025-09-17-at-2.42.22-PM-2-696x1237.jpeg 696w, https:\/\/mediagroup.mx\/wp-content\/uploads\/2025\/09\/WhatsApp-Image-2025-09-17-at-2.42.22-PM-2.jpeg 720w\" sizes=\"auto, (max-width: 169px) 100vw, 169px\" \/> <img loading=\"lazy\" decoding=\"async\" class=\"alignnone size-medium wp-image-77660\" src=\"https:\/\/mediagroup.mx\/wp-content\/uploads\/2025\/09\/WhatsApp-Image-2025-09-17-at-2.42.22-PM-1-225x300.jpeg\" alt=\"\" width=\"225\" height=\"300\" srcset=\"https:\/\/mediagroup.mx\/wp-content\/uploads\/2025\/09\/WhatsApp-Image-2025-09-17-at-2.42.22-PM-1-225x300.jpeg 225w, https:\/\/mediagroup.mx\/wp-content\/uploads\/2025\/09\/WhatsApp-Image-2025-09-17-at-2.42.22-PM-1-768x1024.jpeg 768w, https:\/\/mediagroup.mx\/wp-content\/uploads\/2025\/09\/WhatsApp-Image-2025-09-17-at-2.42.22-PM-1-1152x1536.jpeg 1152w, https:\/\/mediagroup.mx\/wp-content\/uploads\/2025\/09\/WhatsApp-Image-2025-09-17-at-2.42.22-PM-1-150x200.jpeg 150w, https:\/\/mediagroup.mx\/wp-content\/uploads\/2025\/09\/WhatsApp-Image-2025-09-17-at-2.42.22-PM-1-300x400.jpeg 300w, https:\/\/mediagroup.mx\/wp-content\/uploads\/2025\/09\/WhatsApp-Image-2025-09-17-at-2.42.22-PM-1-696x928.jpeg 696w, https:\/\/mediagroup.mx\/wp-content\/uploads\/2025\/09\/WhatsApp-Image-2025-09-17-at-2.42.22-PM-1-1068x1424.jpeg 1068w, https:\/\/mediagroup.mx\/wp-content\/uploads\/2025\/09\/WhatsApp-Image-2025-09-17-at-2.42.22-PM-1.jpeg 1200w\" sizes=\"auto, (max-width: 225px) 100vw, 225px\" \/> <img loading=\"lazy\" decoding=\"async\" class=\"alignnone size-medium wp-image-77661\" src=\"https:\/\/mediagroup.mx\/wp-content\/uploads\/2025\/09\/WhatsApp-Image-2025-09-17-at-2.42.22-PM-225x300.jpeg\" alt=\"\" width=\"225\" height=\"300\" srcset=\"https:\/\/mediagroup.mx\/wp-content\/uploads\/2025\/09\/WhatsApp-Image-2025-09-17-at-2.42.22-PM-225x300.jpeg 225w, https:\/\/mediagroup.mx\/wp-content\/uploads\/2025\/09\/WhatsApp-Image-2025-09-17-at-2.42.22-PM-768x1024.jpeg 768w, https:\/\/mediagroup.mx\/wp-content\/uploads\/2025\/09\/WhatsApp-Image-2025-09-17-at-2.42.22-PM-150x200.jpeg 150w, https:\/\/mediagroup.mx\/wp-content\/uploads\/2025\/09\/WhatsApp-Image-2025-09-17-at-2.42.22-PM-300x400.jpeg 300w, https:\/\/mediagroup.mx\/wp-content\/uploads\/2025\/09\/WhatsApp-Image-2025-09-17-at-2.42.22-PM-696x928.jpeg 696w, https:\/\/mediagroup.mx\/wp-content\/uploads\/2025\/09\/WhatsApp-Image-2025-09-17-at-2.42.22-PM.jpeg 960w\" sizes=\"auto, (max-width: 225px) 100vw, 225px\" \/><\/p>\n","protected":false},"excerpt":{"rendered":"<p>RED 113 MICHOAC\u00c1N\/Redacci\u00f3n \u200bPerib\u00e1n, Mich.- 17 de septiembre de 2025.- El eco de la angustia resuena una vez m\u00e1s en los caminos de Michoac\u00e1n. Por en\u00e9sima ocasi\u00f3n, la desesperaci\u00f3n ha obligado a los familiares de j\u00f3venes desaparecidos en la comunidad de Apup\u00e1taro a bloquear las carreteras, en un grito desesperado por respuestas que no llegan. [&hellip;]<\/p>\n","protected":false},"author":2,"featured_media":77661,"comment_status":"closed","ping_status":"closed","sticky":false,"template":"","format":"standard","meta":{"om_disable_all_campaigns":false,"_monsterinsights_skip_tracking":false,"_monsterinsights_sitenote_active":false,"_monsterinsights_sitenote_note":"","_monsterinsights_sitenote_category":0,"_uf_show_specific_survey":0,"_uf_disable_surveys":false,"_jetpack_memberships_contains_paid_content":false,"footnotes":"","jetpack_publicize_message":"Cr\u00f3nica| La desesperaci\u00f3n que bloquea caminos: Familiares de desaparecidos en Perib\u00e1n exigen respuestas","jetpack_publicize_feature_enabled":true,"jetpack_social_post_already_shared":true,"jetpack_social_options":{"image_generator_settings":{"template":"highway","default_image_id":0,"enabled":false},"version":2}},"categories":[36],"tags":[],"class_list":{"0":"post-77657","1":"post","2":"type-post","3":"status-publish","4":"format-standard","5":"has-post-thumbnail","7":"category-michoacanseguridad"},"aioseo_notices":[],"jetpack_publicize_connections":[],"jetpack_featured_media_url":"https:\/\/mediagroup.mx\/wp-content\/uploads\/2025\/09\/WhatsApp-Image-2025-09-17-at-2.42.22-PM.jpeg","jetpack_sharing_enabled":true,"_links":{"self":[{"href":"https:\/\/mediagroup.mx\/index.php\/wp-json\/wp\/v2\/posts\/77657","targetHints":{"allow":["GET"]}}],"collection":[{"href":"https:\/\/mediagroup.mx\/index.php\/wp-json\/wp\/v2\/posts"}],"about":[{"href":"https:\/\/mediagroup.mx\/index.php\/wp-json\/wp\/v2\/types\/post"}],"author":[{"embeddable":true,"href":"https:\/\/mediagroup.mx\/index.php\/wp-json\/wp\/v2\/users\/2"}],"replies":[{"embeddable":true,"href":"https:\/\/mediagroup.mx\/index.php\/wp-json\/wp\/v2\/comments?post=77657"}],"version-history":[{"count":1,"href":"https:\/\/mediagroup.mx\/index.php\/wp-json\/wp\/v2\/posts\/77657\/revisions"}],"predecessor-version":[{"id":77662,"href":"https:\/\/mediagroup.mx\/index.php\/wp-json\/wp\/v2\/posts\/77657\/revisions\/77662"}],"wp:featuredmedia":[{"embeddable":true,"href":"https:\/\/mediagroup.mx\/index.php\/wp-json\/wp\/v2\/media\/77661"}],"wp:attachment":[{"href":"https:\/\/mediagroup.mx\/index.php\/wp-json\/wp\/v2\/media?parent=77657"}],"wp:term":[{"taxonomy":"category","embeddable":true,"href":"https:\/\/mediagroup.mx\/index.php\/wp-json\/wp\/v2\/categories?post=77657"},{"taxonomy":"post_tag","embeddable":true,"href":"https:\/\/mediagroup.mx\/index.php\/wp-json\/wp\/v2\/tags?post=77657"}],"curies":[{"name":"wp","href":"https:\/\/api.w.org\/{rel}","templated":true}]}}