{"id":77664,"date":"2025-09-17T15:30:23","date_gmt":"2025-09-17T21:30:23","guid":{"rendered":"https:\/\/mediagroup.mx\/?p=77664"},"modified":"2025-09-17T15:30:23","modified_gmt":"2025-09-17T21:30:23","slug":"alexis-velazquez-encabezo-el-cierre-de-las-fiestas-patrias-de-huandacareo","status":"publish","type":"post","link":"https:\/\/mediagroup.mx\/index.php\/2025\/09\/17\/alexis-velazquez-encabezo-el-cierre-de-las-fiestas-patrias-de-huandacareo\/","title":{"rendered":"Alexis Vel\u00e1zquez encabez\u00f3 el cierre de las Fiestas Patrias de Huandacareo"},"content":{"rendered":"<p>Alexis Vel\u00e1zquez encabez\u00f3 el cierre de las Fiestas Patrias de Huandacareo<\/p>\n<p>Con gran entusiasmo y esp\u00edritu patrio, el municipio de Huandacareo vivi\u00f3 el cierre de las celebraciones por el CCXV Aniversario del inicio de la Independencia de M\u00e9xico.<\/p>\n<p>La noche del 15 de septiembre, Alexis Vel\u00e1zquez, presidente municipal, encabez\u00f3 la ceremonia del tradicional Grito de Independencia, acompa\u00f1ado de autoridades municipales y cientos de familias que se reunieron en la plaza principal. Tras el acto, la noche se ilumin\u00f3 con un espect\u00e1culo de fuegos pirot\u00e9cnicos que llenaron de color y alegr\u00eda el cielo huandacarense.<\/p>\n<p>Las actividades continuaron la ma\u00f1ana del 16 de septiembre con un acto c\u00edvico solemne en honor a los h\u00e9roes de la patria, donde estudiantes, maestros y autoridades rindieron homenaje al legado hist\u00f3rico de la naci\u00f3n.<\/p>\n<p>Posteriormente, se llev\u00f3 a cabo el tradicional desfile por la estaci\u00f3n grande del municipio, en el que participaron instituciones educativas, autoridades municipales y agrupaciones locales, quienes dieron muestra del orgullo y unidad que caracterizan a Huandacareo.<\/p>\n<p>\u201cEn Huandacareo celebramos con respeto y alegr\u00eda nuestra historia, recordando a los h\u00e9roes que nos dieron patria y libertad, y lo hacemos unidos como comunidad, con valores y con la mirada puesta en el futuro\u201d, destac\u00f3 el edil.<\/p>\n<p>Huandacareo reafirma su compromiso con la preservaci\u00f3n de las tradiciones c\u00edvicas y culturales, consolid\u00e1ndose como un municipio orgulloso de su historia y de su gente.<\/p>\n<p><img loading=\"lazy\" decoding=\"async\" class=\"alignnone size-medium wp-image-77665\" src=\"https:\/\/mediagroup.mx\/wp-content\/uploads\/2025\/09\/WhatsApp-Image-2025-09-17-at-3.23.58-PM-1-300x200.jpeg\" alt=\"\" width=\"300\" height=\"200\" srcset=\"https:\/\/mediagroup.mx\/wp-content\/uploads\/2025\/09\/WhatsApp-Image-2025-09-17-at-3.23.58-PM-1-300x200.jpeg 300w, https:\/\/mediagroup.mx\/wp-content\/uploads\/2025\/09\/WhatsApp-Image-2025-09-17-at-3.23.58-PM-1-1024x682.jpeg 1024w, https:\/\/mediagroup.mx\/wp-content\/uploads\/2025\/09\/WhatsApp-Image-2025-09-17-at-3.23.58-PM-1-768x512.jpeg 768w, https:\/\/mediagroup.mx\/wp-content\/uploads\/2025\/09\/WhatsApp-Image-2025-09-17-at-3.23.58-PM-1-150x100.jpeg 150w, https:\/\/mediagroup.mx\/wp-content\/uploads\/2025\/09\/WhatsApp-Image-2025-09-17-at-3.23.58-PM-1-696x464.jpeg 696w, https:\/\/mediagroup.mx\/wp-content\/uploads\/2025\/09\/WhatsApp-Image-2025-09-17-at-3.23.58-PM-1-1068x712.jpeg 1068w, https:\/\/mediagroup.mx\/wp-content\/uploads\/2025\/09\/WhatsApp-Image-2025-09-17-at-3.23.58-PM-1.jpeg 1280w\" sizes=\"auto, (max-width: 300px) 100vw, 300px\" \/> <img loading=\"lazy\" decoding=\"async\" class=\"alignnone size-medium wp-image-77666\" src=\"https:\/\/mediagroup.mx\/wp-content\/uploads\/2025\/09\/WhatsApp-Image-2025-09-17-at-3.23.58-PM-300x200.jpeg\" alt=\"\" width=\"300\" height=\"200\" srcset=\"https:\/\/mediagroup.mx\/wp-content\/uploads\/2025\/09\/WhatsApp-Image-2025-09-17-at-3.23.58-PM-300x200.jpeg 300w, https:\/\/mediagroup.mx\/wp-content\/uploads\/2025\/09\/WhatsApp-Image-2025-09-17-at-3.23.58-PM-1024x682.jpeg 1024w, https:\/\/mediagroup.mx\/wp-content\/uploads\/2025\/09\/WhatsApp-Image-2025-09-17-at-3.23.58-PM-768x512.jpeg 768w, https:\/\/mediagroup.mx\/wp-content\/uploads\/2025\/09\/WhatsApp-Image-2025-09-17-at-3.23.58-PM-150x100.jpeg 150w, https:\/\/mediagroup.mx\/wp-content\/uploads\/2025\/09\/WhatsApp-Image-2025-09-17-at-3.23.58-PM-696x464.jpeg 696w, https:\/\/mediagroup.mx\/wp-content\/uploads\/2025\/09\/WhatsApp-Image-2025-09-17-at-3.23.58-PM-1068x712.jpeg 1068w, https:\/\/mediagroup.mx\/wp-content\/uploads\/2025\/09\/WhatsApp-Image-2025-09-17-at-3.23.58-PM.jpeg 1280w\" sizes=\"auto, (max-width: 300px) 100vw, 300px\" \/><\/p>\n","protected":false},"excerpt":{"rendered":"<p>Alexis Vel\u00e1zquez encabez\u00f3 el cierre de las Fiestas Patrias de Huandacareo Con gran entusiasmo y esp\u00edritu patrio, el municipio de Huandacareo vivi\u00f3 el cierre de las celebraciones por el CCXV Aniversario del inicio de la Independencia de M\u00e9xico. La noche del 15 de septiembre, Alexis Vel\u00e1zquez, presidente municipal, encabez\u00f3 la ceremonia del tradicional Grito de [&hellip;]<\/p>\n","protected":false},"author":2,"featured_media":77666,"comment_status":"closed","ping_status":"closed","sticky":false,"template":"","format":"standard","meta":{"om_disable_all_campaigns":false,"_monsterinsights_skip_tracking":false,"_monsterinsights_sitenote_active":false,"_monsterinsights_sitenote_note":"","_monsterinsights_sitenote_category":0,"_uf_show_specific_survey":0,"_uf_disable_surveys":false,"_jetpack_memberships_contains_paid_content":false,"footnotes":"","jetpack_publicize_message":"Alexis Vel\u00e1zquez encabez\u00f3 el cierre de las Fiestas Patrias de Huandacareo","jetpack_publicize_feature_enabled":true,"jetpack_social_post_already_shared":true,"jetpack_social_options":{"image_generator_settings":{"template":"highway","default_image_id":0,"enabled":false},"version":2}},"categories":[15],"tags":[],"class_list":{"0":"post-77664","1":"post","2":"type-post","3":"status-publish","4":"format-standard","5":"has-post-thumbnail","7":"category-michoacan"},"aioseo_notices":[],"jetpack_publicize_connections":[],"jetpack_featured_media_url":"https:\/\/mediagroup.mx\/wp-content\/uploads\/2025\/09\/WhatsApp-Image-2025-09-17-at-3.23.58-PM.jpeg","jetpack_sharing_enabled":true,"_links":{"self":[{"href":"https:\/\/mediagroup.mx\/index.php\/wp-json\/wp\/v2\/posts\/77664","targetHints":{"allow":["GET"]}}],"collection":[{"href":"https:\/\/mediagroup.mx\/index.php\/wp-json\/wp\/v2\/posts"}],"about":[{"href":"https:\/\/mediagroup.mx\/index.php\/wp-json\/wp\/v2\/types\/post"}],"author":[{"embeddable":true,"href":"https:\/\/mediagroup.mx\/index.php\/wp-json\/wp\/v2\/users\/2"}],"replies":[{"embeddable":true,"href":"https:\/\/mediagroup.mx\/index.php\/wp-json\/wp\/v2\/comments?post=77664"}],"version-history":[{"count":1,"href":"https:\/\/mediagroup.mx\/index.php\/wp-json\/wp\/v2\/posts\/77664\/revisions"}],"predecessor-version":[{"id":77667,"href":"https:\/\/mediagroup.mx\/index.php\/wp-json\/wp\/v2\/posts\/77664\/revisions\/77667"}],"wp:featuredmedia":[{"embeddable":true,"href":"https:\/\/mediagroup.mx\/index.php\/wp-json\/wp\/v2\/media\/77666"}],"wp:attachment":[{"href":"https:\/\/mediagroup.mx\/index.php\/wp-json\/wp\/v2\/media?parent=77664"}],"wp:term":[{"taxonomy":"category","embeddable":true,"href":"https:\/\/mediagroup.mx\/index.php\/wp-json\/wp\/v2\/categories?post=77664"},{"taxonomy":"post_tag","embeddable":true,"href":"https:\/\/mediagroup.mx\/index.php\/wp-json\/wp\/v2\/tags?post=77664"}],"curies":[{"name":"wp","href":"https:\/\/api.w.org\/{rel}","templated":true}]}}