{"id":77679,"date":"2025-09-17T17:00:40","date_gmt":"2025-09-17T23:00:40","guid":{"rendered":"https:\/\/mediagroup.mx\/?p=77679"},"modified":"2025-09-17T15:56:42","modified_gmt":"2025-09-17T21:56:42","slug":"sheinbaum-pide-a-paraguay-facilitar-extradicion-de-hernan-bermudez","status":"publish","type":"post","link":"https:\/\/mediagroup.mx\/index.php\/2025\/09\/17\/sheinbaum-pide-a-paraguay-facilitar-extradicion-de-hernan-bermudez\/","title":{"rendered":"Sheinbaum pide a Paraguay facilitar extradici\u00f3n de Hern\u00e1n Berm\u00fadez"},"content":{"rendered":"<p class=\"c-paragraph\" style=\"text-align: justify;\">A unos d\u00edas de la\u00a0<a title=\"https:\/\/www.elfinanciero.com.mx\/nacional\/2025\/09\/16\/hernan-bermudez-planeo-crear-una-red-criminal-en-paraguay-como-lo-hizo-en-tabasco-asi-respondio-su-abogado\/\" href=\"https:\/\/www.elfinanciero.com.mx\/nacional\/2025\/09\/16\/hernan-bermudez-planeo-crear-una-red-criminal-en-paraguay-como-lo-hizo-en-tabasco-asi-respondio-su-abogado\/\" target=\"_blank\" rel=\"noopener noreferrer\">detenci\u00f3n de Hern\u00e1n Berm\u00fadez, l\u00edder del grupo Criminal, La Barredora<\/a>, la\u00a0<b>presidenta<\/b>\u00a0<b>Claudia Sheinbaum<\/b>\u00a0hizo un llamado al gobierno de Paraguay para acelerar el proceso de extradici\u00f3n, el cual es supervisado por la canciller\u00eda. El objetivo es que \u2018El Abuelo\u2019 realice declaraciones en M\u00e9xico para aclarar c\u00f3mo funcionaba su organizaci\u00f3n criminal.<\/p>\n<h2 class=\"b-article-body__h2\" style=\"text-align: justify;\">Sheinbaum reacciona a detenci\u00f3n de Hern\u00e1n Berm\u00fadez en Paraguay<\/h2>\n<p class=\"c-paragraph\" style=\"text-align: justify;\">Al ser cuestionada sobre la\u00a0<a title=\"https:\/\/www.elfinanciero.com.mx\/mundo\/2025\/09\/15\/hernan-bermudez-buscaba-crear-una-red-criminal-en-paraguay-con-mayor-tiempo-la-habria-instalado\/\" href=\"https:\/\/www.elfinanciero.com.mx\/mundo\/2025\/09\/15\/hernan-bermudez-buscaba-crear-una-red-criminal-en-paraguay-con-mayor-tiempo-la-habria-instalado\/\" target=\"_blank\" rel=\"noopener noreferrer\">detenci\u00f3n del l\u00edder de La Barredora, Hern\u00e1n Berm\u00fadez<\/a>\u00a0Requena, en Paraguay, la presidenta asegur\u00f3 que fue gracias al trabajo del Centro Nacional de Inteligencia y al trabajo en conjunto con el gobierno de Paraguay, al que le hizo un llamado.<\/p>\n<div id=\"arcad-feature-f0ffmTzFzpuU8mf-1e072fd5ad52c5\" class=\"c-stack b-ads-block\" style=\"text-align: justify;\" data-style-direction=\"vertical\" data-style-justification=\"start\" data-style-alignment=\"center\" data-style-inline=\"false\" data-style-wrap=\"nowrap\">\n<div class=\"ad_1x1\" data-testid=\"ad-block-unit-wrapper\">\n<div id=\"arcad_f0ffmTzFzpuU8mf-1e072fd5ad52c5\">\n<div id=\"google_ads_iframe_\/77835600\/ElFinanciero__internas\/inread_oop_0__container__\"><\/div>\n<\/div>\n<\/div>\n<\/div>\n<p class=\"c-paragraph\" style=\"text-align: justify;\">\u201cQue venga (<a title=\"https:\/\/www.elfinanciero.com.mx\/nacional\/2025\/09\/15\/asi-fue-descubierto-hernan-bermudez-en-paraguay-su-esposa-uso-una-tarjeta-de-credito\/\" href=\"https:\/\/www.elfinanciero.com.mx\/nacional\/2025\/09\/15\/asi-fue-descubierto-hernan-bermudez-en-paraguay-su-esposa-uso-una-tarjeta-de-credito\/\" target=\"_blank\" rel=\"noopener noreferrer\">Hern\u00e1n Berm\u00fadez<\/a>) y\u00a0<b>que declare todo<\/b>, es muy importante la cero impunidad. Ah\u00ed pedimos a Paraguay su colaboraci\u00f3n para la extradici\u00f3n\u201d, dijo.<\/p>\n<p class=\"c-paragraph\" style=\"text-align: justify;\">A unos d\u00edas de la\u00a0<a title=\"https:\/\/www.elfinanciero.com.mx\/nacional\/2025\/09\/16\/hernan-bermudez-planeo-crear-una-red-criminal-en-paraguay-como-lo-hizo-en-tabasco-asi-respondio-su-abogado\/\" href=\"https:\/\/www.elfinanciero.com.mx\/nacional\/2025\/09\/16\/hernan-bermudez-planeo-crear-una-red-criminal-en-paraguay-como-lo-hizo-en-tabasco-asi-respondio-su-abogado\/\" target=\"_blank\" rel=\"noopener noreferrer\">detenci\u00f3n de Hern\u00e1n Berm\u00fadez, l\u00edder del grupo Criminal, La Barredora<\/a>, la\u00a0<b>presidenta<\/b>\u00a0<b>Claudia Sheinbaum<\/b>\u00a0hizo un llamado al gobierno de Paraguay para acelerar el proceso de extradici\u00f3n, el cual es supervisado por la canciller\u00eda. El objetivo es que \u2018El Abuelo\u2019 realice declaraciones en M\u00e9xico para aclarar c\u00f3mo funcionaba su organizaci\u00f3n criminal.<\/p>\n<h2 class=\"b-article-body__h2\" style=\"text-align: justify;\">Sheinbaum reacciona a detenci\u00f3n de Hern\u00e1n Berm\u00fadez en Paraguay<\/h2>\n<p class=\"c-paragraph\" style=\"text-align: justify;\">Al ser cuestionada sobre la\u00a0<a title=\"https:\/\/www.elfinanciero.com.mx\/mundo\/2025\/09\/15\/hernan-bermudez-buscaba-crear-una-red-criminal-en-paraguay-con-mayor-tiempo-la-habria-instalado\/\" href=\"https:\/\/www.elfinanciero.com.mx\/mundo\/2025\/09\/15\/hernan-bermudez-buscaba-crear-una-red-criminal-en-paraguay-con-mayor-tiempo-la-habria-instalado\/\" target=\"_blank\" rel=\"noopener noreferrer\">detenci\u00f3n del l\u00edder de La Barredora, Hern\u00e1n Berm\u00fadez<\/a>\u00a0Requena, en Paraguay, la presidenta asegur\u00f3 que fue gracias al trabajo del Centro Nacional de Inteligencia y al trabajo en conjunto con el gobierno de Paraguay, al que le hizo un llamado.<\/p>\n<div id=\"arcad-feature-f0ffmTzFzpuU8mf-1e072fd5ad52c5\" class=\"c-stack b-ads-block\" style=\"text-align: justify;\" data-style-direction=\"vertical\" data-style-justification=\"start\" data-style-alignment=\"center\" data-style-inline=\"false\" data-style-wrap=\"nowrap\">\n<div class=\"ad_1x1\" data-testid=\"ad-block-unit-wrapper\">\n<div id=\"arcad_f0ffmTzFzpuU8mf-1e072fd5ad52c5\">\n<div id=\"google_ads_iframe_\/77835600\/ElFinanciero__internas\/inread_oop_0__container__\"><\/div>\n<\/div>\n<\/div>\n<\/div>\n<p class=\"c-paragraph\" style=\"text-align: justify;\">\u201cQue venga (<a title=\"https:\/\/www.elfinanciero.com.mx\/nacional\/2025\/09\/15\/asi-fue-descubierto-hernan-bermudez-en-paraguay-su-esposa-uso-una-tarjeta-de-credito\/\" href=\"https:\/\/www.elfinanciero.com.mx\/nacional\/2025\/09\/15\/asi-fue-descubierto-hernan-bermudez-en-paraguay-su-esposa-uso-una-tarjeta-de-credito\/\" target=\"_blank\" rel=\"noopener noreferrer\">Hern\u00e1n Berm\u00fadez<\/a>) y\u00a0<b>que declare todo<\/b>, es muy importante la cero impunidad. Ah\u00ed pedimos a Paraguay su colaboraci\u00f3n para la extradici\u00f3n\u201d, dijo.<\/p>\n<p class=\"c-paragraph\" style=\"text-align: justify;\">\u201cNo importa si fue\u00a0<b>secretario de seguridad de un gobernador de Morena<\/b>, habr\u00e1 cero impunidad\u201d, a\u00f1adi\u00f3.<\/p>\n<h2 class=\"b-article-body__h2\" style=\"text-align: justify;\">\u2018No creemos que tenga gran impacto econ\u00f3mico\u2019: Sheinbaum sobre \u2018truene\u2019 entre Delta-Aerom\u00e9xico<\/h2>\n<p class=\"c-paragraph\" style=\"text-align: justify;\">Tras el fin de la\u00a0<a title=\"https:\/\/www.elfinanciero.com.mx\/empresas\/2025\/09\/15\/gobierno-de-eu-concluye-alianza-entre-aeromexico-y-delta-cual-es-la-fecha-final\/\" href=\"https:\/\/www.elfinanciero.com.mx\/empresas\/2025\/09\/15\/gobierno-de-eu-concluye-alianza-entre-aeromexico-y-delta-cual-es-la-fecha-final\/\" target=\"_blank\" rel=\"noopener noreferrer\">alianza Delta-Aerom\u00e9xico<\/a>, la presidenta Claudia Sheinbaum asegur\u00f3 que no sabe por qu\u00e9 el Departamento de Transporte de Estados Unidos tom\u00f3 esta decisi\u00f3n.<\/p>\n<p style=\"text-align: justify;\">\u201cNo sabemos\u00a0<b>por qu\u00e9 se tom\u00f3 esta decisi\u00f3n<\/b>, pero no creemos que tenga gran impacto econ\u00f3mico\u201d, asegur\u00f3 la mandataria y adelant\u00f3 que en las pr\u00f3ximas horas la Secretar\u00eda de Infraestructura, Comunicaciones y Transportes (SICT) emitir\u00e1 un comunicado al respecto.<\/p>\n<p style=\"text-align: justify;\">EU agreg\u00f3 que la conclusi\u00f3n de la\u00a0<a title=\"https:\/\/www.elfinanciero.com.mx\/empresas\/2025\/09\/17\/mas-de-510-mdd-en-perdidas-para-eu-por-fin-de-alianza-delta-aeromexico\/\" href=\"https:\/\/www.elfinanciero.com.mx\/empresas\/2025\/09\/17\/mas-de-510-mdd-en-perdidas-para-eu-por-fin-de-alianza-delta-aeromexico\/\" target=\"_blank\" rel=\"noopener noreferrer\">alianza Aerom\u00e9xico-Delta<\/a>\u00a0hasta el primer d\u00eda del 2026 da tiempo adicional para liquidar cuentas.<\/p>\n<p>V\u00eda: El Financiero<\/p>\n","protected":false},"excerpt":{"rendered":"<p>A unos d\u00edas de la\u00a0detenci\u00f3n de Hern\u00e1n Berm\u00fadez, l\u00edder del grupo Criminal, La Barredora, la\u00a0presidenta\u00a0Claudia Sheinbaum\u00a0hizo un llamado al gobierno de Paraguay para acelerar el proceso de extradici\u00f3n, el cual es supervisado por la canciller\u00eda. El objetivo es que \u2018El Abuelo\u2019 realice declaraciones en M\u00e9xico para aclarar c\u00f3mo funcionaba su organizaci\u00f3n criminal. Sheinbaum reacciona a [&hellip;]<\/p>\n","protected":false},"author":2,"featured_media":77680,"comment_status":"closed","ping_status":"closed","sticky":false,"template":"","format":"standard","meta":{"om_disable_all_campaigns":false,"_monsterinsights_skip_tracking":false,"_monsterinsights_sitenote_active":false,"_monsterinsights_sitenote_note":"","_monsterinsights_sitenote_category":0,"_uf_show_specific_survey":0,"_uf_disable_surveys":false,"_jetpack_memberships_contains_paid_content":false,"footnotes":"","jetpack_publicize_message":"Sheinbaum pide a Paraguay facilitar extradici\u00f3n de Hern\u00e1n Berm\u00fadez","jetpack_publicize_feature_enabled":true,"jetpack_social_post_already_shared":true,"jetpack_social_options":{"image_generator_settings":{"template":"highway","default_image_id":0,"enabled":false},"version":2}},"categories":[18,23],"tags":[],"class_list":{"0":"post-77679","1":"post","2":"type-post","3":"status-publish","4":"format-standard","5":"has-post-thumbnail","7":"category-internacional","8":"category-nacional"},"aioseo_notices":[],"jetpack_publicize_connections":[],"jetpack_featured_media_url":"https:\/\/mediagroup.mx\/wp-content\/uploads\/2025\/09\/Captura-de-pantalla-2025-09-17-a-las-15.54.56.png","jetpack_sharing_enabled":true,"_links":{"self":[{"href":"https:\/\/mediagroup.mx\/index.php\/wp-json\/wp\/v2\/posts\/77679","targetHints":{"allow":["GET"]}}],"collection":[{"href":"https:\/\/mediagroup.mx\/index.php\/wp-json\/wp\/v2\/posts"}],"about":[{"href":"https:\/\/mediagroup.mx\/index.php\/wp-json\/wp\/v2\/types\/post"}],"author":[{"embeddable":true,"href":"https:\/\/mediagroup.mx\/index.php\/wp-json\/wp\/v2\/users\/2"}],"replies":[{"embeddable":true,"href":"https:\/\/mediagroup.mx\/index.php\/wp-json\/wp\/v2\/comments?post=77679"}],"version-history":[{"count":1,"href":"https:\/\/mediagroup.mx\/index.php\/wp-json\/wp\/v2\/posts\/77679\/revisions"}],"predecessor-version":[{"id":77681,"href":"https:\/\/mediagroup.mx\/index.php\/wp-json\/wp\/v2\/posts\/77679\/revisions\/77681"}],"wp:featuredmedia":[{"embeddable":true,"href":"https:\/\/mediagroup.mx\/index.php\/wp-json\/wp\/v2\/media\/77680"}],"wp:attachment":[{"href":"https:\/\/mediagroup.mx\/index.php\/wp-json\/wp\/v2\/media?parent=77679"}],"wp:term":[{"taxonomy":"category","embeddable":true,"href":"https:\/\/mediagroup.mx\/index.php\/wp-json\/wp\/v2\/categories?post=77679"},{"taxonomy":"post_tag","embeddable":true,"href":"https:\/\/mediagroup.mx\/index.php\/wp-json\/wp\/v2\/tags?post=77679"}],"curies":[{"name":"wp","href":"https:\/\/api.w.org\/{rel}","templated":true}]}}