{"id":77685,"date":"2025-09-17T19:00:11","date_gmt":"2025-09-18T01:00:11","guid":{"rendered":"https:\/\/mediagroup.mx\/?p=77685"},"modified":"2025-09-17T16:00:24","modified_gmt":"2025-09-17T22:00:24","slug":"ebrard-anuncia-inicio-de-consultas-publicas-para-revision-del-tmec","status":"publish","type":"post","link":"https:\/\/mediagroup.mx\/index.php\/2025\/09\/17\/ebrard-anuncia-inicio-de-consultas-publicas-para-revision-del-tmec\/","title":{"rendered":"Ebrard anuncia inicio de consultas p\u00fablicas para revisi\u00f3n del TMEC"},"content":{"rendered":"<div>\n<p style=\"text-align: justify;\">El secretario de Econom\u00eda,\u00a0<strong>Marcelo Ebrard<\/strong>, inform\u00f3 este martes que el Gobierno mexicano publicar\u00e1 ma\u00f1ana mi\u00e9rcoles las bases para las\u00a0<strong>consultas p\u00fablicas<\/strong>\u00a0previas a la pr\u00f3xima revisi\u00f3n del\u00a0<strong>tratado comercial de Norteam\u00e9rica<\/strong>.<\/p>\n<\/div>\n<div style=\"text-align: justify;\">\n<p>Luego de que el gobierno estadounidense inform\u00f3 que a partir del mi\u00e9rcoles emitir\u00e1 un aviso para comenzar las consultas, Ebrard precis\u00f3 que M\u00e9xico har\u00e1 lo propio el mismo d\u00eda, con la publicaci\u00f3n de las\u00a0<strong>bases<\/strong>\u00a0para las mismas en el\u00a0<strong>Diario Oficial de la Federaci\u00f3n<\/strong>\u00a0(DOF), por instrucciones de la presidenta Claudia Sheinbaum.<\/p>\n<\/div>\n<div style=\"text-align: justify;\">\n<p>Ebrard explic\u00f3 que la acci\u00f3n forma parte de un proceso coordinado entre los tres pa\u00edses que integran el tratado de libre comercio entre M\u00e9xico, Estados Unidos y Canad\u00e1 (<strong>T-MEC<\/strong>).<\/p>\n<\/div>\n<div style=\"text-align: justify;\">\n<div id=\"div-gpt-ad-ddnotadineroZA_box_a\" class=\"box_a\"><\/div>\n<\/div>\n<div style=\"text-align: justify;\">\n<p>El secretario de Econom\u00eda detall\u00f3 que se plantea que el\u00a0<strong>proceso consultivo<\/strong>\u00a0sea \u201cmuy f\u00e1cil, muy sencillo y muy abierto\u201d.<\/p>\n<\/div>\n<div style=\"text-align: justify;\">\n<p>\u201cVamos a recibir todo tipo de comentarios por v\u00eda digital. La intenci\u00f3n es la evaluaci\u00f3n, la ponderaci\u00f3n de qu\u00e9 avanz\u00f3 este tratado y qu\u00e9 revisi\u00f3n le podemos hacer, qu\u00e9 le podemos adici\u00f3n para que sea mejor en el futuro\u201d, se\u00f1al\u00f3 Ebrard en un video publicado en sus redes sociales.<\/p>\n<\/div>\n<div style=\"text-align: justify;\">\n<p>Ebrard puntualiz\u00f3 que las consultas forman parte del proceso previo a la\u00a0<strong>revisi\u00f3n del T-MEC<\/strong>, prevista a comenzar en enero de 2026.<\/p>\n<\/div>\n<div style=\"text-align: justify;\">\n<p>\u201cEntre ahora y enero, tenemos que hacer una evaluaci\u00f3n de c\u00f3mo funcion\u00f3 el actual tratado,(\u2026) entre que entro en vigor 2020, a esta fecha, 2025, y entonces estar ya con esas evaluaciones, estar listos para empezar la revisi\u00f3n del tratado\u201d, indic\u00f3.<\/p>\n<\/div>\n<div style=\"text-align: justify;\">\n<p>Se espera que la renegociaci\u00f3n del T-MEC culmine a mediados de 2026, tras ser anunciada a inicios de 2025, en medio de la guerra arancelaria global desatada por el presidente de Estados Unidos, Donald Trump.<\/p>\n<\/div>\n<div style=\"text-align: justify;\">\n<p>El acuerdo fue suscrito en 2018 durante el primer mandato de Trump e implementado el 1 de julio de 2020 para sustituir al anterior\u00a0<strong>Tratado de Libre Comercio de Am\u00e9rica del Norte<\/strong>\u00a0(TLCAN).<\/p>\n<\/div>\n<div style=\"text-align: justify;\">\n<p>Este jueves 18, la presidenta Sheinbaum recibir\u00e1 en M\u00e9xico al primer ministro canadiense,\u00a0<strong>Mark Carney<\/strong>, en un viaje que busca tratar las relaciones comerciales, seg\u00fan adelantaron ambos mandatarios.<\/p>\n<\/div>\n<div style=\"text-align: justify;\">\n<div id=\"div-gpt-ad-ddnotadineroZA_box_d\" class=\"box_d\"><\/div>\n<\/div>\n<div style=\"text-align: justify;\">\n<p>El viaje de Carney a M\u00e9xico se produce mientras Canad\u00e1 negocia con EE.UU. un nuevo acuerdo comercial bilateral, tras la decisi\u00f3n de la\u00a0<strong>Administraci\u00f3n de Trump<\/strong>\u00a0de aplicar aranceles a productos no incluidos en el T-MEC.<\/p>\n<\/div>\n<div style=\"text-align: justify;\">V\u00eda: Aristegui Noticias<\/div>\n","protected":false},"excerpt":{"rendered":"<p>El secretario de Econom\u00eda,\u00a0Marcelo Ebrard, inform\u00f3 este martes que el Gobierno mexicano publicar\u00e1 ma\u00f1ana mi\u00e9rcoles las bases para las\u00a0consultas p\u00fablicas\u00a0previas a la pr\u00f3xima revisi\u00f3n del\u00a0tratado comercial de Norteam\u00e9rica. Luego de que el gobierno estadounidense inform\u00f3 que a partir del mi\u00e9rcoles emitir\u00e1 un aviso para comenzar las consultas, Ebrard precis\u00f3 que M\u00e9xico har\u00e1 lo propio el [&hellip;]<\/p>\n","protected":false},"author":2,"featured_media":77686,"comment_status":"closed","ping_status":"closed","sticky":false,"template":"","format":"standard","meta":{"om_disable_all_campaigns":false,"_monsterinsights_skip_tracking":false,"_monsterinsights_sitenote_active":false,"_monsterinsights_sitenote_note":"","_monsterinsights_sitenote_category":0,"_uf_show_specific_survey":0,"_uf_disable_surveys":false,"_jetpack_memberships_contains_paid_content":false,"footnotes":"","jetpack_publicize_message":"Ebrard anuncia inicio de consultas p\u00fablicas para revisi\u00f3n del TMEC","jetpack_publicize_feature_enabled":true,"jetpack_social_post_already_shared":true,"jetpack_social_options":{"image_generator_settings":{"template":"highway","default_image_id":0,"enabled":false},"version":2}},"categories":[23],"tags":[],"class_list":{"0":"post-77685","1":"post","2":"type-post","3":"status-publish","4":"format-standard","5":"has-post-thumbnail","7":"category-nacional"},"aioseo_notices":[],"jetpack_publicize_connections":[],"jetpack_featured_media_url":"https:\/\/mediagroup.mx\/wp-content\/uploads\/2025\/09\/Captura-de-pantalla-2025-09-17-a-las-15.59.21.png","jetpack_sharing_enabled":true,"_links":{"self":[{"href":"https:\/\/mediagroup.mx\/index.php\/wp-json\/wp\/v2\/posts\/77685","targetHints":{"allow":["GET"]}}],"collection":[{"href":"https:\/\/mediagroup.mx\/index.php\/wp-json\/wp\/v2\/posts"}],"about":[{"href":"https:\/\/mediagroup.mx\/index.php\/wp-json\/wp\/v2\/types\/post"}],"author":[{"embeddable":true,"href":"https:\/\/mediagroup.mx\/index.php\/wp-json\/wp\/v2\/users\/2"}],"replies":[{"embeddable":true,"href":"https:\/\/mediagroup.mx\/index.php\/wp-json\/wp\/v2\/comments?post=77685"}],"version-history":[{"count":1,"href":"https:\/\/mediagroup.mx\/index.php\/wp-json\/wp\/v2\/posts\/77685\/revisions"}],"predecessor-version":[{"id":77687,"href":"https:\/\/mediagroup.mx\/index.php\/wp-json\/wp\/v2\/posts\/77685\/revisions\/77687"}],"wp:featuredmedia":[{"embeddable":true,"href":"https:\/\/mediagroup.mx\/index.php\/wp-json\/wp\/v2\/media\/77686"}],"wp:attachment":[{"href":"https:\/\/mediagroup.mx\/index.php\/wp-json\/wp\/v2\/media?parent=77685"}],"wp:term":[{"taxonomy":"category","embeddable":true,"href":"https:\/\/mediagroup.mx\/index.php\/wp-json\/wp\/v2\/categories?post=77685"},{"taxonomy":"post_tag","embeddable":true,"href":"https:\/\/mediagroup.mx\/index.php\/wp-json\/wp\/v2\/tags?post=77685"}],"curies":[{"name":"wp","href":"https:\/\/api.w.org\/{rel}","templated":true}]}}