{"id":77691,"date":"2025-09-17T20:07:24","date_gmt":"2025-09-18T02:07:24","guid":{"rendered":"https:\/\/mediagroup.mx\/?p=77691"},"modified":"2025-09-17T20:07:24","modified_gmt":"2025-09-18T02:07:24","slug":"simulacro-nacional-2025-por-primera-vez-alerta-sismica-sonara-el-19-de-septiembre-en-celulares-de-todo-mexico","status":"publish","type":"post","link":"https:\/\/mediagroup.mx\/index.php\/2025\/09\/17\/simulacro-nacional-2025-por-primera-vez-alerta-sismica-sonara-el-19-de-septiembre-en-celulares-de-todo-mexico\/","title":{"rendered":"Simulacro Nacional 2025: por primera vez, alerta s\u00edsmica sonar\u00e1 el 19 de septiembre en celulares de todo M\u00e9xico"},"content":{"rendered":"<p>El pr\u00f3ximo viernes 19 de septiembre, M\u00e9xico realizar\u00e1 el Segundo Simulacro Nacional 2025, donde se llevar\u00e1 a cabo una prueba de alertamiento masivo a trav\u00e9s de tel\u00e9fonos celulares. Este ejercicio busca fortalecer la cultura de prevenci\u00f3n y preparaci\u00f3n ante desastres naturales, como sismos, huracanes e inundaciones.<\/p>\n<p>En conferencia de prensa de la Presidenta Claudia Sheinbaum \u00a0se anunci\u00f3 que el pr\u00f3ximo 19 de septiembre se llevar\u00e1 a cabo el Segundo Simulacro Nacional 2025, en conmemoraci\u00f3n de los 40 a\u00f1os del terremoto de 1985 y 8 a\u00f1os del sismo de 2017. El simulacro se realizar\u00e1 a las 12:00 horas, tiempo del centro de M\u00e9xico.<\/p>\n<p>Laura Vel\u00e1zquez coordinadora nacional de Protecci\u00f3n Civil, inform\u00f3 que por primera vez, se activar\u00e1 el Sistema Nacional de Alertamiento por Telefon\u00eda Celular, una \u00a0prueba a nivel nacional que enviar\u00e1 notificaciones a m\u00e1s de 80 millones de dispositivos m\u00f3viles sin necesidad de saldo o internet, este sistema fue desarrollado a trav\u00e9s de la Agencia de Transformaci\u00f3n Digital y Telecomunicaciones y en la Coordinaci\u00f3n Nacional de Protecci\u00f3n Civil.<\/p>\n<p>Se anunci\u00f3 que se \u00a0activar\u00e1n 14,491 altavoces en nueve entidades del pa\u00eds con sistema de alerta s\u00edsmica y este ejercicio estar\u00e1n participando instituciones p\u00fablicas y privadas, escuelas y oficinas.<\/p>\n<p><img loading=\"lazy\" decoding=\"async\" class=\"alignnone size-medium wp-image-77692\" src=\"https:\/\/mediagroup.mx\/wp-content\/uploads\/2025\/09\/segundo-Simulacro-Nacional-2025-1536x932-1-300x182.png\" alt=\"\" width=\"300\" height=\"182\" srcset=\"https:\/\/mediagroup.mx\/wp-content\/uploads\/2025\/09\/segundo-Simulacro-Nacional-2025-1536x932-1-300x182.png 300w, https:\/\/mediagroup.mx\/wp-content\/uploads\/2025\/09\/segundo-Simulacro-Nacional-2025-1536x932-1-1024x621.png 1024w, https:\/\/mediagroup.mx\/wp-content\/uploads\/2025\/09\/segundo-Simulacro-Nacional-2025-1536x932-1-768x466.png 768w, https:\/\/mediagroup.mx\/wp-content\/uploads\/2025\/09\/segundo-Simulacro-Nacional-2025-1536x932-1-150x91.png 150w, https:\/\/mediagroup.mx\/wp-content\/uploads\/2025\/09\/segundo-Simulacro-Nacional-2025-1536x932-1-696x422.png 696w, https:\/\/mediagroup.mx\/wp-content\/uploads\/2025\/09\/segundo-Simulacro-Nacional-2025-1536x932-1-1068x648.png 1068w, https:\/\/mediagroup.mx\/wp-content\/uploads\/2025\/09\/segundo-Simulacro-Nacional-2025-1536x932-1.png 1536w\" sizes=\"auto, (max-width: 300px) 100vw, 300px\" \/> <img loading=\"lazy\" decoding=\"async\" class=\"alignnone size-medium wp-image-77693\" src=\"https:\/\/mediagroup.mx\/wp-content\/uploads\/2025\/09\/simulacro-nacional-septiembre-2025-a-que-es-hora-y-registro-en-preparados-1-240x300.webp\" alt=\"\" width=\"240\" height=\"300\" srcset=\"https:\/\/mediagroup.mx\/wp-content\/uploads\/2025\/09\/simulacro-nacional-septiembre-2025-a-que-es-hora-y-registro-en-preparados-1-240x300.webp 240w, https:\/\/mediagroup.mx\/wp-content\/uploads\/2025\/09\/simulacro-nacional-septiembre-2025-a-que-es-hora-y-registro-en-preparados-1-819x1024.webp 819w, https:\/\/mediagroup.mx\/wp-content\/uploads\/2025\/09\/simulacro-nacional-septiembre-2025-a-que-es-hora-y-registro-en-preparados-1-768x960.webp 768w, https:\/\/mediagroup.mx\/wp-content\/uploads\/2025\/09\/simulacro-nacional-septiembre-2025-a-que-es-hora-y-registro-en-preparados-1-150x188.webp 150w, https:\/\/mediagroup.mx\/wp-content\/uploads\/2025\/09\/simulacro-nacional-septiembre-2025-a-que-es-hora-y-registro-en-preparados-1-300x375.webp 300w, https:\/\/mediagroup.mx\/wp-content\/uploads\/2025\/09\/simulacro-nacional-septiembre-2025-a-que-es-hora-y-registro-en-preparados-1-696x870.webp 696w, https:\/\/mediagroup.mx\/wp-content\/uploads\/2025\/09\/simulacro-nacional-septiembre-2025-a-que-es-hora-y-registro-en-preparados-1-1068x1335.webp 1068w, https:\/\/mediagroup.mx\/wp-content\/uploads\/2025\/09\/simulacro-nacional-septiembre-2025-a-que-es-hora-y-registro-en-preparados-1.webp 1200w\" sizes=\"auto, (max-width: 240px) 100vw, 240px\" \/><\/p>\n","protected":false},"excerpt":{"rendered":"<p>El pr\u00f3ximo viernes 19 de septiembre, M\u00e9xico realizar\u00e1 el Segundo Simulacro Nacional 2025, donde se llevar\u00e1 a cabo una prueba de alertamiento masivo a trav\u00e9s de tel\u00e9fonos celulares. Este ejercicio busca fortalecer la cultura de prevenci\u00f3n y preparaci\u00f3n ante desastres naturales, como sismos, huracanes e inundaciones. En conferencia de prensa de la Presidenta Claudia Sheinbaum [&hellip;]<\/p>\n","protected":false},"author":2,"featured_media":77692,"comment_status":"closed","ping_status":"closed","sticky":false,"template":"","format":"standard","meta":{"om_disable_all_campaigns":false,"_monsterinsights_skip_tracking":false,"_monsterinsights_sitenote_active":false,"_monsterinsights_sitenote_note":"","_monsterinsights_sitenote_category":0,"_uf_show_specific_survey":0,"_uf_disable_surveys":false,"_jetpack_memberships_contains_paid_content":false,"footnotes":"","jetpack_publicize_message":"","jetpack_publicize_feature_enabled":true,"jetpack_social_post_already_shared":true,"jetpack_social_options":{"image_generator_settings":{"template":"highway","default_image_id":0,"enabled":false},"version":2}},"categories":[23],"tags":[],"class_list":{"0":"post-77691","1":"post","2":"type-post","3":"status-publish","4":"format-standard","5":"has-post-thumbnail","7":"category-nacional"},"aioseo_notices":[],"jetpack_publicize_connections":[],"jetpack_featured_media_url":"https:\/\/mediagroup.mx\/wp-content\/uploads\/2025\/09\/segundo-Simulacro-Nacional-2025-1536x932-1.png","jetpack_sharing_enabled":true,"_links":{"self":[{"href":"https:\/\/mediagroup.mx\/index.php\/wp-json\/wp\/v2\/posts\/77691","targetHints":{"allow":["GET"]}}],"collection":[{"href":"https:\/\/mediagroup.mx\/index.php\/wp-json\/wp\/v2\/posts"}],"about":[{"href":"https:\/\/mediagroup.mx\/index.php\/wp-json\/wp\/v2\/types\/post"}],"author":[{"embeddable":true,"href":"https:\/\/mediagroup.mx\/index.php\/wp-json\/wp\/v2\/users\/2"}],"replies":[{"embeddable":true,"href":"https:\/\/mediagroup.mx\/index.php\/wp-json\/wp\/v2\/comments?post=77691"}],"version-history":[{"count":1,"href":"https:\/\/mediagroup.mx\/index.php\/wp-json\/wp\/v2\/posts\/77691\/revisions"}],"predecessor-version":[{"id":77694,"href":"https:\/\/mediagroup.mx\/index.php\/wp-json\/wp\/v2\/posts\/77691\/revisions\/77694"}],"wp:featuredmedia":[{"embeddable":true,"href":"https:\/\/mediagroup.mx\/index.php\/wp-json\/wp\/v2\/media\/77692"}],"wp:attachment":[{"href":"https:\/\/mediagroup.mx\/index.php\/wp-json\/wp\/v2\/media?parent=77691"}],"wp:term":[{"taxonomy":"category","embeddable":true,"href":"https:\/\/mediagroup.mx\/index.php\/wp-json\/wp\/v2\/categories?post=77691"},{"taxonomy":"post_tag","embeddable":true,"href":"https:\/\/mediagroup.mx\/index.php\/wp-json\/wp\/v2\/tags?post=77691"}],"curies":[{"name":"wp","href":"https:\/\/api.w.org\/{rel}","templated":true}]}}