{"id":80255,"date":"2025-10-21T13:07:23","date_gmt":"2025-10-21T19:07:23","guid":{"rendered":"https:\/\/mediagroup.mx\/?p=80255"},"modified":"2025-10-21T13:07:23","modified_gmt":"2025-10-21T19:07:23","slug":"alexis-velazquez-invita-a-disfrutar-del-segundo-dia-de-la-1er-feria-de-los-balnearios-en-huandacareo","status":"publish","type":"post","link":"https:\/\/mediagroup.mx\/index.php\/2025\/10\/21\/alexis-velazquez-invita-a-disfrutar-del-segundo-dia-de-la-1er-feria-de-los-balnearios-en-huandacareo\/","title":{"rendered":"Alexis Vel\u00e1zquez invita a disfrutar del segundo d\u00eda de la 1er Feria de los Balnearios en Huandacareo"},"content":{"rendered":"<p>Alexis Vel\u00e1zquez, presidente municipal de Huandacareo, invita a todas y todos a participar en el segundo d\u00eda de la 1er Feria de los Balnearios, que se llevar\u00e1 a cabo ma\u00f1ana, 22 de octubre, y continuar\u00e1 el mi\u00e9rcoles 29 de octubre, donde las y los visitantes podr\u00e1n seguir accediendo de manera gratuita a los seis balnearios del municipio.<\/p>\n<p>El edil destac\u00f3 que esta feria representa una oportunidad \u00fanica para disfrutar en familia de las aguas termales y atractivos naturales que hacen de Huandacareo un destino tur\u00edstico emblem\u00e1tico del estado.<\/p>\n<p>Los boletos siguen disponibles hasta agotar existencias, y pueden conseguirse en los siguientes puntos:<\/p>\n<p>* M\u00f3dulo de la Plaza Principal de Huandacareo, en un horario de 08:00 a 15:00 horas.<br \/>\n* Secretar\u00eda de Turismo del Estado, en un horario de 09:00 a 17:00 horas.<br \/>\n* Adem\u00e1s, al comprar tu entrada al Zool\u00f3gico de Morelia, se otorgar\u00e1n boletos gratuitos para esta experiencia.<\/p>\n<p>\u201cEsta feria es para todas y todos, es por eso que queremos que m\u00e1s personas conozcan la belleza de nuestros balnearios y disfruten de todo lo que Huandacareo tiene para ofrecer.\u201d, expres\u00f3 Alexis Vel\u00e1zquez.<\/p>\n<p>La 1er Feria de los Balnearios contin\u00faa consolid\u00e1ndose como un evento que impulsa el turismo local y promueve el bienestar de las familias michoacanas.<\/p>\n<p><img loading=\"lazy\" decoding=\"async\" class=\"alignnone size-medium wp-image-80256\" src=\"https:\/\/mediagroup.mx\/wp-content\/uploads\/2025\/10\/WhatsApp-Image-2025-10-21-at-12.57.19-PM-300x300.jpeg\" alt=\"\" width=\"300\" height=\"300\" srcset=\"https:\/\/mediagroup.mx\/wp-content\/uploads\/2025\/10\/WhatsApp-Image-2025-10-21-at-12.57.19-PM-300x300.jpeg 300w, https:\/\/mediagroup.mx\/wp-content\/uploads\/2025\/10\/WhatsApp-Image-2025-10-21-at-12.57.19-PM-1024x1024.jpeg 1024w, https:\/\/mediagroup.mx\/wp-content\/uploads\/2025\/10\/WhatsApp-Image-2025-10-21-at-12.57.19-PM-150x150.jpeg 150w, https:\/\/mediagroup.mx\/wp-content\/uploads\/2025\/10\/WhatsApp-Image-2025-10-21-at-12.57.19-PM-768x768.jpeg 768w, https:\/\/mediagroup.mx\/wp-content\/uploads\/2025\/10\/WhatsApp-Image-2025-10-21-at-12.57.19-PM-696x696.jpeg 696w, https:\/\/mediagroup.mx\/wp-content\/uploads\/2025\/10\/WhatsApp-Image-2025-10-21-at-12.57.19-PM.jpeg 1040w\" sizes=\"auto, (max-width: 300px) 100vw, 300px\" \/><\/p>\n","protected":false},"excerpt":{"rendered":"<p>Alexis Vel\u00e1zquez, presidente municipal de Huandacareo, invita a todas y todos a participar en el segundo d\u00eda de la 1er Feria de los Balnearios, que se llevar\u00e1 a cabo ma\u00f1ana, 22 de octubre, y continuar\u00e1 el mi\u00e9rcoles 29 de octubre, donde las y los visitantes podr\u00e1n seguir accediendo de manera gratuita a los seis balnearios [&hellip;]<\/p>\n","protected":false},"author":2,"featured_media":80256,"comment_status":"closed","ping_status":"closed","sticky":false,"template":"","format":"standard","meta":{"om_disable_all_campaigns":false,"_monsterinsights_skip_tracking":false,"_monsterinsights_sitenote_active":false,"_monsterinsights_sitenote_note":"","_monsterinsights_sitenote_category":0,"_uf_show_specific_survey":0,"_uf_disable_surveys":false,"_jetpack_memberships_contains_paid_content":false,"footnotes":"","jetpack_publicize_message":"Alexis Vel\u00e1zquez invita a disfrutar del segundo d\u00eda de la 1er Feria de los Balnearios en Huandacareo","jetpack_publicize_feature_enabled":true,"jetpack_social_post_already_shared":true,"jetpack_social_options":{"image_generator_settings":{"template":"highway","default_image_id":0,"enabled":false},"version":2}},"categories":[15],"tags":[],"class_list":{"0":"post-80255","1":"post","2":"type-post","3":"status-publish","4":"format-standard","5":"has-post-thumbnail","7":"category-michoacan"},"aioseo_notices":[],"jetpack_publicize_connections":[],"jetpack_featured_media_url":"https:\/\/mediagroup.mx\/wp-content\/uploads\/2025\/10\/WhatsApp-Image-2025-10-21-at-12.57.19-PM.jpeg","jetpack_sharing_enabled":true,"_links":{"self":[{"href":"https:\/\/mediagroup.mx\/index.php\/wp-json\/wp\/v2\/posts\/80255","targetHints":{"allow":["GET"]}}],"collection":[{"href":"https:\/\/mediagroup.mx\/index.php\/wp-json\/wp\/v2\/posts"}],"about":[{"href":"https:\/\/mediagroup.mx\/index.php\/wp-json\/wp\/v2\/types\/post"}],"author":[{"embeddable":true,"href":"https:\/\/mediagroup.mx\/index.php\/wp-json\/wp\/v2\/users\/2"}],"replies":[{"embeddable":true,"href":"https:\/\/mediagroup.mx\/index.php\/wp-json\/wp\/v2\/comments?post=80255"}],"version-history":[{"count":1,"href":"https:\/\/mediagroup.mx\/index.php\/wp-json\/wp\/v2\/posts\/80255\/revisions"}],"predecessor-version":[{"id":80257,"href":"https:\/\/mediagroup.mx\/index.php\/wp-json\/wp\/v2\/posts\/80255\/revisions\/80257"}],"wp:featuredmedia":[{"embeddable":true,"href":"https:\/\/mediagroup.mx\/index.php\/wp-json\/wp\/v2\/media\/80256"}],"wp:attachment":[{"href":"https:\/\/mediagroup.mx\/index.php\/wp-json\/wp\/v2\/media?parent=80255"}],"wp:term":[{"taxonomy":"category","embeddable":true,"href":"https:\/\/mediagroup.mx\/index.php\/wp-json\/wp\/v2\/categories?post=80255"},{"taxonomy":"post_tag","embeddable":true,"href":"https:\/\/mediagroup.mx\/index.php\/wp-json\/wp\/v2\/tags?post=80255"}],"curies":[{"name":"wp","href":"https:\/\/api.w.org\/{rel}","templated":true}]}}